{"id":3120,"date":"2024-06-27T08:02:29","date_gmt":"2024-06-27T13:02:29","guid":{"rendered":"http:\/\/www.elcapital.pe\/?p=3120"},"modified":"2024-06-27T08:02:29","modified_gmt":"2024-06-27T13:02:29","slug":"peru-buscara-apoyo-de-china-para-avanzar-a-la-electromovilidad","status":"publish","type":"post","link":"http:\/\/www.elcapital.pe\/?p=3120","title":{"rendered":"PERU BUSCARA APOYO DE CHINA PARA AVANZAR A LA ELECTROMOVILIDAD"},"content":{"rendered":"\n<p>A trav\u00e9s de un fondo de garant\u00eda para convertir taxis y combis a veh\u00edculos el\u00e9ctricos<\/p>\n\n\n\n<p>El ministro de Transportes y Comunicaciones, Ra\u00fal P\u00e9rez Reyes, se\u00f1al\u00f3 hoy que el Per\u00fa buscar\u00e1 el apoyo del gobierno de China para convertir parte de su flota de taxis y de unidades peque\u00f1as y medianas de transporte de pasajeros, a veh\u00edculos el\u00e9ctricos.<\/p>\n\n\n\n<p>\u201cEstamos buscando migrar hacia un parque automotor m\u00e1s amigable con el medioambiente, sostenible y eso nos est\u00e1 llevando a plantear la necesidad de tener un acuerdo con China para justamente caminar en esa misma ruta\u201d, dijo.<\/p>\n\n\n\n<p>El ministro P\u00e9rez Reyes destac\u00f3 que China es el m\u00e1s importante productor de veh\u00edculos el\u00e9ctricos actualmente en el mundo.<\/p>\n\n\n\n<p>\u201cQueremos trabajar con ustedes con el Gobierno chino de un fondo de garant\u00eda para hacer esa transici\u00f3n energ\u00e9tica a la electromovilidad\u201d, afirm\u00f3.<\/p>\n\n\n\n<p>As\u00ed lo manifest\u00f3 en su conferencia magistral \u201cOportunidades de Inversi\u00f3n en el Per\u00fa\u201d, que se realiza en el Grand Hyatt Shangh\u00e1i.<\/p>\n\n\n\n<p>El ministro P\u00e9rez Reyes acompa\u00f1a a la presidenta de la Rep\u00fablica, Dina Boluarte, en su visita oficial a China, conjuntamente con otros ministros para atraer inversi\u00f3n al pa\u00eds y fortalecer los lazos entre ambos pa\u00edses.<\/p>\n\n\n\n<p>El titular del Ministerio de Transportes y Comunicaciones (MTC), explic\u00f3 que en la ciudad de Lima hay aproximadamente entre 150,000 y 200,000 taxis, \u201cen una ciudad de 10 millones de habitantes\u201d, porque el sistema de transporte p\u00fablico peruano no ha avanzado como la actividad minera o agroexportadora.<\/p>\n\n\n\n<p>Refiri\u00f3 que ya gran parte de la flota de taxis han sido convertida al gas natural vehicular (GNV), pero hay unos 50,000 taxis que todav\u00eda no san sido convertidos.<\/p>\n\n\n\n<p>\u201cA ellos queremos ayudarlos a la transici\u00f3n a la electromovilidad, para eso necesitamos justamente y tenemos ya un primer di\u00e1logo con el gobierno chino, para crear un fondo de garant\u00eda que permita el financiamiento de la sustituci\u00f3n de estos veh\u00edculos que utilizan gasolina a veh\u00edculos que utilicen electricidad\u201d, explic\u00f3.<\/p>\n\n\n\n<p>Tambi\u00e9n se\u00f1al\u00f3 que hay unas 20,000 unidades medianas y peque\u00f1as de transporte p\u00fablico de capacidad de 11, 20 y 25 pasajeros (combis) que trabajan con di\u00e9sel, un combustible f\u00f3sil.<\/p>\n\n\n\n<p>\u201cEn los siguientes dos a\u00f1os queremos trabajar para sustituirlos por veh\u00edculos el\u00e9ctricos de hasta 25 pasajeros, que nos van a ayudar a reducir la huella de carbono y formalizarlos y organizarlos a trav\u00e9s de rutas\u201d, dijo.<\/p>\n\n\n\n<p>\u201cEste tema de pasar a veh\u00edculos el\u00e9ctricos como parte importante del transporte urbano de pasajeros es fundamental\u201d, afirm\u00f3 ante los empresarios chinos reunidos en el Grand Hyatt Shangh\u00e1i.<\/p>\n\n\n\n<p>\u201cEn esa l\u00ednea estamos trabajando para utilizar un mecanismo de financiamiento muy sencillo\u201d, indic\u00f3 el ministro P\u00e9rez Reyes.<\/p>\n\n\n\n<p>Explic\u00f3 que a trav\u00e9s de un sistema de carga de electricidad, el taxista podr\u00e1 pagar su veh\u00edculo el\u00e9ctrico de 15,000 d\u00f3lares en dos a\u00f1os, cada vez que recargue las bater\u00edas.<\/p>\n\n\n\n<p>El ministro P\u00e9rez Reyes, tambi\u00e9n explic\u00f3 las oportunidades en puertos, trenes, fibra \u00f3ptica, por lo cual invit\u00f3 a los empresarios chinos a invertir en el Per\u00fa.<\/p>\n","protected":false},"excerpt":{"rendered":"<p>A trav\u00e9s de un fondo de garant\u00eda para convertir taxis y combis a veh\u00edculos el\u00e9ctricos El ministro de Transportes y Comunicaciones, Ra\u00fal P\u00e9rez Reyes, se\u00f1al\u00f3 hoy que el Per\u00fa buscar\u00e1 el apoyo del gobierno de China para convertir parte de su flota de taxis y de unidades peque\u00f1as y medianas de transporte de pasajeros, a [&hellip;]<\/p>\n","protected":false},"author":1,"featured_media":3121,"comment_status":"open","ping_status":"open","sticky":false,"template":"","format":"standard","meta":{"footnotes":""},"categories":[3],"tags":[],"class_list":["post-3120","post","type-post","status-publish","format-standard","has-post-thumbnail","hentry","category-economia"],"_links":{"self":[{"href":"http:\/\/www.elcapital.pe\/index.php?rest_route=\/wp\/v2\/posts\/3120","targetHints":{"allow":["GET"]}}],"collection":[{"href":"http:\/\/www.elcapital.pe\/index.php?rest_route=\/wp\/v2\/posts"}],"about":[{"href":"http:\/\/www.elcapital.pe\/index.php?rest_route=\/wp\/v2\/types\/post"}],"author":[{"embeddable":true,"href":"http:\/\/www.elcapital.pe\/index.php?rest_route=\/wp\/v2\/users\/1"}],"replies":[{"embeddable":true,"href":"http:\/\/www.elcapital.pe\/index.php?rest_route=%2Fwp%2Fv2%2Fcomments&post=3120"}],"version-history":[{"count":1,"href":"http:\/\/www.elcapital.pe\/index.php?rest_route=\/wp\/v2\/posts\/3120\/revisions"}],"predecessor-version":[{"id":3122,"href":"http:\/\/www.elcapital.pe\/index.php?rest_route=\/wp\/v2\/posts\/3120\/revisions\/3122"}],"wp:featuredmedia":[{"embeddable":true,"href":"http:\/\/www.elcapital.pe\/index.php?rest_route=\/wp\/v2\/media\/3121"}],"wp:attachment":[{"href":"http:\/\/www.elcapital.pe\/index.php?rest_route=%2Fwp%2Fv2%2Fmedia&parent=3120"}],"wp:term":[{"taxonomy":"category","embeddable":true,"href":"http:\/\/www.elcapital.pe\/index.php?rest_route=%2Fwp%2Fv2%2Fcategories&post=3120"},{"taxonomy":"post_tag","embeddable":true,"href":"http:\/\/www.elcapital.pe\/index.php?rest_route=%2Fwp%2Fv2%2Ftags&post=3120"}],"curies":[{"name":"wp","href":"https:\/\/api.w.org\/{rel}","templated":true}]}}