{"id":3117,"date":"2024-06-27T07:56:08","date_gmt":"2024-06-27T12:56:08","guid":{"rendered":"http:\/\/www.elcapital.pe\/?p=3117"},"modified":"2024-06-27T07:56:08","modified_gmt":"2024-06-27T12:56:08","slug":"peru-destaca-en-china-que-mega-puerto-de-chancay-sera-el-mas-grande-de-america-latina","status":"publish","type":"post","link":"http:\/\/www.elcapital.pe\/?p=3117","title":{"rendered":"PERU DESTACA EN CHINA QUE MEGA PUERTO DE CHANCAY SERA EL MAS GRANDE DE AMERICA LATINA"},"content":{"rendered":"\n<p>Ministro Jos\u00e9 Arista resalta que la econom\u00eda peruana est\u00e1 \u00abbastante integrada\u00bb con la del pa\u00eds asi\u00e1tico<\/p>\n\n\n\n<p>El ministro de Econom\u00eda y Finanzas peruano, Jos\u00e9 Arista, vaticin\u00f3 este jueves que la inauguraci\u00f3n del mega puerto de Chancay, en la costa central de su pa\u00eds y cuya construcci\u00f3n lidera una firma china, \u00abpermitir\u00e1 un crecimiento mucho m\u00e1s r\u00e1pido\u00bb de la econom\u00eda peruana.<\/p>\n\n\n\n<p>Arista, quien acompa\u00f1a a la presidenta Dina Boluarte en su visita oficial a China, manifest\u00f3 en Shangh\u00e1i durante el acto \u00abOportunidades de inversi\u00f3n en el Per\u00fa\u00bb que las instalaciones se convertir\u00e1n en \u00abel puerto m\u00e1s grande de Am\u00e9rica Latina\u00bb.<\/p>\n\n\n\n<p>\u00abEs tan grande que ya los vecinos de Brasil, Colombia y Chile est\u00e1n haciendo constantes idas y venidas para ver de qu\u00e9 manera pueden modificar su cadena log\u00edstica a fin de hacer uso de este puerto\u00bb, indic\u00f3 el ministro en su intervenci\u00f3n.<\/p>\n\n\n\n<p>Per\u00fa, explic\u00f3, est\u00e1 \u00abmodificando toda la legislaci\u00f3n a fin de permitir que barcos de diferentes banderas puedan navegar y abastecer a este puerto\u00bb, algo que permitir\u00e1 que \u00ablos amigos de Brasil puedan exportar carnes, granos y ma\u00edces al resto del mundo de manera m\u00e1s r\u00e1pida y sencilla\u00bb.<\/p>\n\n\n\n<p>El funcionario adelant\u00f3 que las autoridades peruanas planean \u00abuna zona econ\u00f3mica especial para que todo aquel que quiera invertir en la zona arme sus proyectos y a partir de este espacio puede llegar a otros lugares\u00bb y apostill\u00f3 que \u00absi uno quiere crecimiento, tiene que provocarlo\u00bb.<\/p>\n\n\n\n<p>Ventajas de Per\u00fa<\/p>\n\n\n\n<p>Durante su discurso, Arista destac\u00f3 el crecimiento econ\u00f3mico de su pa\u00eds: \u00abVenimos creciendo al 4,4 % desde hace 20 a\u00f1os, por encima de Colombia, Brasil, Chile o M\u00e9xico\u00bb, dijo.<\/p>\n\n\n\n<p>Adem\u00e1s, se\u00f1al\u00f3 que Per\u00fa cuenta con la \u00abinflaci\u00f3n m\u00e1s baja\u00bb y el segundo \u00abmenor riesgo internacional\u00bb de la regi\u00f3n, \u00absolo por debajo de Chile\u00bb.<\/p>\n\n\n\n<p>Arista resalt\u00f3 el \u00abmanejo prudente\u00bb de las finanzas de Per\u00fa y su rechazo a endeudarse, pese a que \u00abel Fondo Monetario Internacional dice que hay margen para ello\u00bb.<\/p>\n\n\n\n<p>\u00abNing\u00fan pa\u00eds de la regi\u00f3n tiene m\u00e1s garant\u00eda de poder repagar cualquier problema de deuda o de demanda de d\u00f3lares inusitada que pudiera tener la econom\u00eda o en caso de alg\u00fan &#8216;shock&#8217; externo que no podamos controlar\u00bb, asegur\u00f3 el funcionario.<\/p>\n\n\n\n<p>Sobre la relaci\u00f3n comercial con China, indic\u00f3 que las inversiones chinas en el pa\u00eds suramericano se concentran principalmente en \u00abminer\u00eda, finanzas, energ\u00eda y transporte\u00bb, y declar\u00f3 que la econom\u00eda peruana est\u00e1 \u00abbastante integrada\u00bb con la del pa\u00eds asi\u00e1tico.<\/p>\n\n\n\n<p>\u00abTenemos diferentes acuerdos para garantizar la estabilidad empresarial, el respeto a la propiedad de las inversiones. Es imposible pensar que en Per\u00fa alguien vaya a estatizar una empresa o cometer alg\u00fan atropello jur\u00eddico o tributario\u00bb, argument\u00f3 Arista, quien agreg\u00f3 que los tribunales peruanos \u00abson totalmente independientes\u00bb y que no existe en el pa\u00eds andino \u00abdiscriminaci\u00f3n entre los inversores nacionales y extranjeros\u00bb.<\/p>\n\n\n\n<p>El titular de Econom\u00eda se\u00f1al\u00f3 que su pa\u00eds \u00abnecesita muchas redes viales\u00bb y a\u00f1adi\u00f3: \u00abTenemos puertos y espacio para que se invierta en aquello en lo que ustedes son muy competentes\u00bb.<\/p>\n\n\n\n<p>Durante su viaje oficial al pa\u00eds asi\u00e1tico, que se prolongar\u00e1 hasta el 28 de junio, Boluarte viajar\u00e1 adem\u00e1s a Pek\u00edn, donde se reunir\u00e1 el viernes con el presidente chino, Xi Jinping, y el primer ministro, Li Qiang.<\/p>\n\n\n\n<p>Tras el encuentro con Xi est\u00e1 prevista la firma de acuerdos para fortalecer el di\u00e1logo pol\u00edtico, las inversiones, la transferencia de tecnolog\u00eda, el turismo y un mayor acceso de productos peruanos al gran mercado chino, indic\u00f3 la Presidencia de Per\u00fa.<\/p>\n\n\n\n<p>EFE<\/p>\n","protected":false},"excerpt":{"rendered":"<p>Ministro Jos\u00e9 Arista resalta que la econom\u00eda peruana est\u00e1 \u00abbastante integrada\u00bb con la del pa\u00eds asi\u00e1tico El ministro de Econom\u00eda y Finanzas peruano, Jos\u00e9 Arista, vaticin\u00f3 este jueves que la inauguraci\u00f3n del mega puerto de Chancay, en la costa central de su pa\u00eds y cuya construcci\u00f3n lidera una firma china, \u00abpermitir\u00e1 un crecimiento mucho m\u00e1s [&hellip;]<\/p>\n","protected":false},"author":1,"featured_media":3118,"comment_status":"open","ping_status":"open","sticky":false,"template":"","format":"standard","meta":{"footnotes":""},"categories":[3],"tags":[],"class_list":["post-3117","post","type-post","status-publish","format-standard","has-post-thumbnail","hentry","category-economia"],"_links":{"self":[{"href":"http:\/\/www.elcapital.pe\/index.php?rest_route=\/wp\/v2\/posts\/3117","targetHints":{"allow":["GET"]}}],"collection":[{"href":"http:\/\/www.elcapital.pe\/index.php?rest_route=\/wp\/v2\/posts"}],"about":[{"href":"http:\/\/www.elcapital.pe\/index.php?rest_route=\/wp\/v2\/types\/post"}],"author":[{"embeddable":true,"href":"http:\/\/www.elcapital.pe\/index.php?rest_route=\/wp\/v2\/users\/1"}],"replies":[{"embeddable":true,"href":"http:\/\/www.elcapital.pe\/index.php?rest_route=%2Fwp%2Fv2%2Fcomments&post=3117"}],"version-history":[{"count":1,"href":"http:\/\/www.elcapital.pe\/index.php?rest_route=\/wp\/v2\/posts\/3117\/revisions"}],"predecessor-version":[{"id":3119,"href":"http:\/\/www.elcapital.pe\/index.php?rest_route=\/wp\/v2\/posts\/3117\/revisions\/3119"}],"wp:featuredmedia":[{"embeddable":true,"href":"http:\/\/www.elcapital.pe\/index.php?rest_route=\/wp\/v2\/media\/3118"}],"wp:attachment":[{"href":"http:\/\/www.elcapital.pe\/index.php?rest_route=%2Fwp%2Fv2%2Fmedia&parent=3117"}],"wp:term":[{"taxonomy":"category","embeddable":true,"href":"http:\/\/www.elcapital.pe\/index.php?rest_route=%2Fwp%2Fv2%2Fcategories&post=3117"},{"taxonomy":"post_tag","embeddable":true,"href":"http:\/\/www.elcapital.pe\/index.php?rest_route=%2Fwp%2Fv2%2Ftags&post=3117"}],"curies":[{"name":"wp","href":"https:\/\/api.w.org\/{rel}","templated":true}]}}