{"id":3114,"date":"2024-06-27T07:52:21","date_gmt":"2024-06-27T12:52:21","guid":{"rendered":"http:\/\/www.elcapital.pe\/?p=3114"},"modified":"2024-06-27T07:52:21","modified_gmt":"2024-06-27T12:52:21","slug":"jefa-del-estado-promueve-en-china-el-potencial-minero-de-peru-para-la-inversion","status":"publish","type":"post","link":"http:\/\/www.elcapital.pe\/?p=3114","title":{"rendered":"JEFA DEL ESTADO PROMUEVE EN CHINA EL POTENCIAL MINERO DE PERU PARA LA INVERSION"},"content":{"rendered":"\n<p>La presidenta Dina Boluarte destac\u00f3 este jueves \u201cel enorme potencial\u201d de su pa\u00eds en el sector minero, durante una conferencia celebrada en la ciudad de Shangh\u00e1i.<\/p>\n\n\n\n<p>La mandataria asegur\u00f3 en una conferencia titulada \u2018Oportunidades de Inversi\u00f3n de Per\u00fa\u2019 que su pa\u00eds realiza un esfuerzo sostenido \u201cpara concretar una reactivaci\u00f3n econ\u00f3mica r\u00e1pida\u201d y ha priorizado \u201cla captaci\u00f3n de inversiones junto con la mejora de las condiciones de vida\u201d, una labor realizada \u201crespetando el Estado de derecho y el empleo racional del presupuesto p\u00fablico\u201d.<\/p>\n\n\n\n<p>Solvencia fiscal de Per\u00fa<\/p>\n\n\n\n<p>La jefa del Estado asever\u00f3 que los inversores \u201cvaloran la solvencia fiscal\u201d de Per\u00fa, su \u201cintegraci\u00f3n en los mercados mundiales\u201d y su \u201cprudente manejo econ\u00f3mico y regulatorio durante los \u00faltimos 30 a\u00f1os\u201d, adem\u00e1s de subrayar que ha \u201cregistrado tres d\u00e9cadas consecutivas con una tasa de inflaci\u00f3n de un solo d\u00edgito\u201d.<\/p>\n\n\n\n<p>\u201cPer\u00fa ofrece adem\u00e1s una serie de beneficios a inversionistas extranjeros, uno de ellos la protecci\u00f3n contra la inconvertibilidad, la expropiaci\u00f3n y otros riesgos no comerciales a trav\u00e9s del acceso a acuerdos multilaterales y bilaterales\u201d, declar\u00f3.<\/p>\n\n\n\n<p>La presidenta cit\u00f3 datos del Ministerio de Finanzas peruano seg\u00fan las cuales el pa\u00eds andino experimentar\u00e1 un crecimiento econ\u00f3mico anual de alrededor de un 3,3 % entre 2024 y 2027.<\/p>\n\n\n\n<p>Record\u00f3 asimismo la \u201calta diversidad geogr\u00e1fica\u201d de su pa\u00eds, que le ha dotado de \u201cuna importante reserva de minerales\u201d, entre los que destac\u00f3 \u201cocho de los 17 minerales cr\u00edticos: cobre, zinc, molibdeno, plata, hierro, plana, indio y grafito\u201d.<\/p>\n\n\n\n<p>En este sector, la l\u00edder peruana enfatiz\u00f3 el \u201cenorme potencial\u201d de su pa\u00eds, dado que \u201csolo se ha desarrollado actividades mineras en el 1,51 %\u201d de su territorio.<\/p>\n\n\n\n<p>La mandataria asegur\u00f3 tambi\u00e9n que Per\u00fa \u201cha logrado posicionarse en el a\u00f1o 2023 entre los diez principales exportadores mundiales del sector agr\u00edcola\u201d, transform\u00e1ndose en \u201cuno de los principales proveedores de productos frescos del mundo\u201d.<\/p>\n\n\n\n<p>\u201cNuestros variados microclimas, las diversas altitudes de nuestros valles, las constantes horas de sol y la adaptaci\u00f3n de nuevos productos a nuestro suelo aseguran que nuestra oferta exportable de productos agr\u00edcolas seguir\u00e1 creciendo en el futuro\u201d, pronostic\u00f3.<\/p>\n\n\n\n<p>Potencial del \u2018hub\u2019 multimodal<\/p>\n\n\n\n<p>La l\u00edder peruana defini\u00f3 adem\u00e1s como una muestra del \u201ccompromiso\u201d de su Gobierno con el desarrollo la pr\u00f3xima inauguraci\u00f3n del \u2018hub\u2019 log\u00edstico multimodal en la costa central de su pa\u00eds, que incluye el megapuerto de Chancay, construido por un consorcio liderado por la china Cosco Shipping.<\/p>\n\n\n\n<p>La mandataria abog\u00f3 por \u201cregular a trav\u00e9s de pol\u00edticas p\u00fablicas, no a trav\u00e9s del mercado\u201d y enfatiz\u00f3 la \u201cvisi\u00f3n a largo plazo\u201d de su Gobierno.<\/p>\n\n\n\n<p>El \u2018hub\u2019, que comprende adem\u00e1s la ampliaci\u00f3n del aeropuerto internacional Jorge Ch\u00e1vez y del Puerto del Callao, as\u00ed como la construcci\u00f3n del futuro Parque Industrial en Anc\u00f3n, \u201cconvertir\u00e1 a Per\u00fa en el primer centro log\u00edstico en el Pac\u00edfico sudamericano para transportar cargas transfronterizas y para coordinar cargas mercantiles en el Pac\u00edfico sur\u201d, se\u00f1al\u00f3 la dignataria.<\/p>\n\n\n\n<p>\u201cPer\u00fa no se detiene y contin\u00faa con convicci\u00f3n y determinaci\u00f3n el camino de crecimiento y desarrollo de los \u00faltimos 30 a\u00f1os basado en una pol\u00edtica exterior estructurada\u201d, sentenci\u00f3 la presidenta Boluarte, quien asegur\u00f3 que su pa\u00eds aplicar\u00e1 \u201cpol\u00edticas de estado que ofrezcan estabilidad, disciplina macroecon\u00f3mica y una visi\u00f3n a largo plazo que permita distinguir lo temporal de lo permanente\u201d.<\/p>\n\n\n\n<p>Con Xi Jinping<\/p>\n\n\n\n<p>Durante su viaje oficial al pa\u00eds asi\u00e1tico, que se prolongar\u00e1 hasta el 28 de junio, la presidenta Dina Boluarte viajar\u00e1 adem\u00e1s a Pek\u00edn, donde se reunir\u00e1 el viernes con el presidente chino, Xi Jinping, y el primer ministro, Li Qiang.<\/p>\n\n\n\n<p>La jefa del Estado lidera una comitiva integrada, adem\u00e1s de su canciller, Javier Gonz\u00e1lez-Olaechea, por los titulares de Econom\u00eda y Finanzas, Jos\u00e9 Arista; Vivienda, Construcci\u00f3n y Saneamiento, Hania P\u00e9rez de Cu\u00e9llar; Transportes y Comunicaciones, Ra\u00fal P\u00e9rez Reyes, y Salud, C\u00e9sar V\u00e1zquez.<\/p>\n\n\n\n<p>EFE<\/p>\n","protected":false},"excerpt":{"rendered":"<p>La presidenta Dina Boluarte destac\u00f3 este jueves \u201cel enorme potencial\u201d de su pa\u00eds en el sector minero, durante una conferencia celebrada en la ciudad de Shangh\u00e1i. La mandataria asegur\u00f3 en una conferencia titulada \u2018Oportunidades de Inversi\u00f3n de Per\u00fa\u2019 que su pa\u00eds realiza un esfuerzo sostenido \u201cpara concretar una reactivaci\u00f3n econ\u00f3mica r\u00e1pida\u201d y ha priorizado \u201cla [&hellip;]<\/p>\n","protected":false},"author":1,"featured_media":3115,"comment_status":"open","ping_status":"open","sticky":false,"template":"","format":"standard","meta":{"footnotes":""},"categories":[3],"tags":[],"class_list":["post-3114","post","type-post","status-publish","format-standard","has-post-thumbnail","hentry","category-economia"],"_links":{"self":[{"href":"http:\/\/www.elcapital.pe\/index.php?rest_route=\/wp\/v2\/posts\/3114","targetHints":{"allow":["GET"]}}],"collection":[{"href":"http:\/\/www.elcapital.pe\/index.php?rest_route=\/wp\/v2\/posts"}],"about":[{"href":"http:\/\/www.elcapital.pe\/index.php?rest_route=\/wp\/v2\/types\/post"}],"author":[{"embeddable":true,"href":"http:\/\/www.elcapital.pe\/index.php?rest_route=\/wp\/v2\/users\/1"}],"replies":[{"embeddable":true,"href":"http:\/\/www.elcapital.pe\/index.php?rest_route=%2Fwp%2Fv2%2Fcomments&post=3114"}],"version-history":[{"count":1,"href":"http:\/\/www.elcapital.pe\/index.php?rest_route=\/wp\/v2\/posts\/3114\/revisions"}],"predecessor-version":[{"id":3116,"href":"http:\/\/www.elcapital.pe\/index.php?rest_route=\/wp\/v2\/posts\/3114\/revisions\/3116"}],"wp:featuredmedia":[{"embeddable":true,"href":"http:\/\/www.elcapital.pe\/index.php?rest_route=\/wp\/v2\/media\/3115"}],"wp:attachment":[{"href":"http:\/\/www.elcapital.pe\/index.php?rest_route=%2Fwp%2Fv2%2Fmedia&parent=3114"}],"wp:term":[{"taxonomy":"category","embeddable":true,"href":"http:\/\/www.elcapital.pe\/index.php?rest_route=%2Fwp%2Fv2%2Fcategories&post=3114"},{"taxonomy":"post_tag","embeddable":true,"href":"http:\/\/www.elcapital.pe\/index.php?rest_route=%2Fwp%2Fv2%2Ftags&post=3114"}],"curies":[{"name":"wp","href":"https:\/\/api.w.org\/{rel}","templated":true}]}}