{"id":3103,"date":"2024-06-26T08:50:03","date_gmt":"2024-06-26T13:50:03","guid":{"rendered":"https:\/\/www.elcapital.pe\/?p=3103"},"modified":"2024-06-26T08:50:03","modified_gmt":"2024-06-26T13:50:03","slug":"eligen-a-mark-rutte-como-jefe-de-la-otan-en-medio-de-los-desafios-de-la-guerra-en-ucrania","status":"publish","type":"post","link":"http:\/\/www.elcapital.pe\/?p=3103","title":{"rendered":"ELIGEN A MARK RUTTE COMO JEFE DE LA OTAN EN MEDIO DE LOS DESAFIOS DE LA GUERRA EN UCRANIA"},"content":{"rendered":"\n<p>El primer ministro saliente de Pa\u00edses Bajos, Mark Rutte, fue elegido oficialmente este mi\u00e9rcoles 26 de junio como nuevo secretario general de la Organizaci\u00f3n del Tratado del Atl\u00e1ntico Norte (OTAN), en sustituci\u00f3n de Jens Stoltenberg. Su nombramiento se convirti\u00f3 en una formalidad luego de que su \u00fanico rival para el cargo, el presidente rumano Klaus Iohannis, anunciara la semana pasada que abandonaba su candidatura. Rutte asume un periodo en la alianza pol\u00edtico-militar marcado por la invasi\u00f3n rusa a Ucrania y mientras la incertidumbre se cierne sobre el futuro de la organizaci\u00f3n dirigida por Estados Unidos, de cara a las elecciones presidenciales en ese pa\u00eds el pr\u00f3ximo noviembre.<\/p>\n\n\n\n<p>El neerland\u00e9s Mark Rutte es oficialmente el nuevo secretario general de la OTAN.<\/p>\n\n\n\n<p>Los embajadores de los 32 pa\u00edses miembros de la Alianza sellaron su nombramiento, luego de que el pasado 20 de junio su \u00fanico competidor para el cargo, el presidente de Rumania,&nbsp; Klaus Iohannis, se retirara de la carrera para sustituir a Jens Stoltenberg.<\/p>\n\n\n\n<p>La alianza pol\u00edtico-militar, dirigida por Estados Unidos, toma decisiones por consenso, por lo que cualquier candidato necesitaba el apoyo de todos los 32 Estados que la conforman y Bucarest era hasta la semana pasada el \u00fanico Gobierno que no hab\u00eda dado su respaldo a Rutte.<\/p>\n\n\n\n<p>\u201cEs un gran honor ser nombrado secretario general de la OTAN. La Alianza es y seguir\u00e1 siendo la piedra angular de nuestra seguridad colectiva. Dirigir esta organizaci\u00f3n es una responsabilidad que no tomo a la ligera. Agradezco a todos los aliados la confianza que han depositado en m\u00ed. Espero asumir el cargo con gran vigor en octubre, como sucesor de Jens Stoltenberg, que ha proporcionado a la OTAN un liderazgo excepcional durante los \u00faltimos 10 a\u00f1os y por quien siempre he sentido una gran admiraci\u00f3n\u201d, se\u00f1al\u00f3 Rutte en sus redes sociales tras confirmarse su nombramiento.<\/p>\n\n\n\n<p>Stoltenberg tambi\u00e9n recibi\u00f3 con benepl\u00e1cito la designaci\u00f3n de Rutte como su sucesor.<\/p>\n\n\n\n<p>\u201cAcojo con gran satisfacci\u00f3n la elecci\u00f3n de Mark Rutte por parte de los aliados de la OTAN como mi sucesor. Mark es un verdadero transatlanticista, un l\u00edder fuerte y un creador de consenso. Le deseo mucho \u00e9xito mientras continuamos fortaleciendo a la OTAN\u201d, subray\u00f3 el pol\u00edtico noruego que entregar\u00e1 el cargo el pr\u00f3ximo 1 de octubre.<\/p>\n\n\n\n<p>Otros miembros de la alianza no se mostraron completamente satisfechos por la designaci\u00f3n de Rutte, especialmente los pa\u00edses de Europa del Este que argumentaron que por primera vez el puesto deber\u00eda recaer en alguien de su regi\u00f3n.<\/p>\n\n\n\n<p>Guerra en Ucrania y elecciones en EE. UU., los primeros desaf\u00edos de Rutte<\/p>\n\n\n\n<p>El hasta ahora primer ministro de Pa\u00edses Bajos es considerado un feroz cr\u00edtico del presidente ruso Vladimir Putin por la guerra que orden\u00f3 contra Ucrania hace m\u00e1s de dos a\u00f1os, y un f\u00e9rreo aliado de Kiev.<\/p>\n\n\n\n<p>Despu\u00e9s de casi 14 a\u00f1os dirigiendo el Estado neerland\u00e9s, asumir\u00e1 como secretario general de la OTAN con el mayor conflicto en d\u00e9cadas en suelo europeo en el centro de la agenda y las elecciones de Estados Unidos en el horizonte, que podr\u00edan marcar un giro en el funcionamiento de la Alianza.<\/p>\n\n\n\n<p>Rutte encara el reto de mantener el apoyo de los aliados a la lucha de Ucrania contra la invasi\u00f3n de Mosc\u00fa, al tiempo que deber\u00e1 evitar que la organizaci\u00f3n transatl\u00e1ntica se vea arrastrada directamente a una guerra con Rusia.<\/p>\n\n\n\n<p>Su llegada como l\u00edder de la OTAN se produce en momentos en que las tropas del Kremlin han abierto un nuevo frente de batalla en J\u00e1rkiv, en el nororiente del pa\u00eds atacado y mientras Kiev sigue urgiendo a sus aliados occidentales a aumentar su ayuda militar para frenar el avance de las fuerzas invasoras.<\/p>\n\n\n\n<p>Si bien Ucrania ha recibido asistencia, las mayores reticencias han estado frente a la entrega de armas de largo alcance que puedan impactar en territorio ruso y en aviones de combate para fortalecer sus defensas a\u00e9reas, campo en el que se ve en mayor desventaja frente a uno de los ej\u00e9rcitos m\u00e1s poderosos del mundo. Elevar la apuesta en esas \u00e1reas aumentar\u00eda la ira del Kremlin, justifican los pa\u00edses aliados, que ya han recibido amenazas por parte de Putin.<\/p>\n\n\n\n<p>Pese a las diferencias, Kiev ha logrado un respaldo casi contundente por parte de los miembros de la OTAN, en medio de las reticencias de Hungr\u00eda, cuyo primer ministro, Viktor Orban, es cercano al mandatario ruso.<\/p>\n\n\n\n<p>Pero el consenso para respaldar a la naci\u00f3n invadida podr\u00eda verse socavado con los avances de la extrema derecha en algunos pa\u00edses de la Uni\u00f3n Europea, a su vez miembros de la OTAN, como Alemania y Francia.<\/p>\n\n\n\n<p>Justamente, el pasado 24 de junio, el presidente del partido de ultraderecha franc\u00e9s, Jordan Bardella, y quien aspira a convertirse en primer ministro tras las elecciones legislativas anticipadas, cuya primera vuelta tendr\u00e1 lugar el pr\u00f3ximo 30 de junio, advirti\u00f3 que de ganar los comicios descartar\u00e1 el env\u00edo de tropas, como lo ha propuesto el presidente Emmanuel Macron, y la entrega de armas de largo alcance al Ej\u00e9rcito de Kiev.<\/p>\n\n\n\n<p>Esta \u00faltima postura marcar\u00eda un duro rev\u00e9s en la ayuda que Kiev ha logrado en los \u00faltimos meses. El pasado mayo, Francia se sum\u00f3 a Alemania y Estados Unidos en la decisi\u00f3n de permitir que las armas que suministran al Ej\u00e9rcito ucraniano sean empleadas para atacar en suelo ruso, hasta ahora una l\u00ednea roja de las potencias.<\/p>\n\n\n\n<p>Adem\u00e1s, Rutte tendr\u00e1 que lidiar con la posibilidad de que el esc\u00e9ptico de la OTAN, Donald Trump, regrese a la Casa Blanca despu\u00e9s de las elecciones presidenciales estadounidenses del pr\u00f3ximo 5 de noviembre.<\/p>\n\n\n\n<p>El posible retorno del l\u00edder republicano al Ejecutivo de la primera potencia ha suscitado tensiones para los l\u00edderes de la OTAN, ya que el expresidente ya ha puesto en duda una mayor cooperaci\u00f3n con la Alianza, as\u00ed como un eventual apoyo a otros miembros de la organizaci\u00f3n en caso de que fueran atacados.<\/p>\n\n\n\n<p>REUTERS<\/p>\n","protected":false},"excerpt":{"rendered":"<p>El primer ministro saliente de Pa\u00edses Bajos, Mark Rutte, fue elegido oficialmente este mi\u00e9rcoles 26 de junio como nuevo secretario general de la Organizaci\u00f3n del Tratado del Atl\u00e1ntico Norte (OTAN), en sustituci\u00f3n de Jens Stoltenberg. Su nombramiento se convirti\u00f3 en una formalidad luego de que su \u00fanico rival para el cargo, el presidente rumano Klaus [&hellip;]<\/p>\n","protected":false},"author":1,"featured_media":3104,"comment_status":"open","ping_status":"open","sticky":false,"template":"","format":"standard","meta":{"footnotes":""},"categories":[2],"tags":[],"class_list":["post-3103","post","type-post","status-publish","format-standard","has-post-thumbnail","hentry","category-actualidad"],"_links":{"self":[{"href":"http:\/\/www.elcapital.pe\/index.php?rest_route=\/wp\/v2\/posts\/3103","targetHints":{"allow":["GET"]}}],"collection":[{"href":"http:\/\/www.elcapital.pe\/index.php?rest_route=\/wp\/v2\/posts"}],"about":[{"href":"http:\/\/www.elcapital.pe\/index.php?rest_route=\/wp\/v2\/types\/post"}],"author":[{"embeddable":true,"href":"http:\/\/www.elcapital.pe\/index.php?rest_route=\/wp\/v2\/users\/1"}],"replies":[{"embeddable":true,"href":"http:\/\/www.elcapital.pe\/index.php?rest_route=%2Fwp%2Fv2%2Fcomments&post=3103"}],"version-history":[{"count":1,"href":"http:\/\/www.elcapital.pe\/index.php?rest_route=\/wp\/v2\/posts\/3103\/revisions"}],"predecessor-version":[{"id":3105,"href":"http:\/\/www.elcapital.pe\/index.php?rest_route=\/wp\/v2\/posts\/3103\/revisions\/3105"}],"wp:featuredmedia":[{"embeddable":true,"href":"http:\/\/www.elcapital.pe\/index.php?rest_route=\/wp\/v2\/media\/3104"}],"wp:attachment":[{"href":"http:\/\/www.elcapital.pe\/index.php?rest_route=%2Fwp%2Fv2%2Fmedia&parent=3103"}],"wp:term":[{"taxonomy":"category","embeddable":true,"href":"http:\/\/www.elcapital.pe\/index.php?rest_route=%2Fwp%2Fv2%2Fcategories&post=3103"},{"taxonomy":"post_tag","embeddable":true,"href":"http:\/\/www.elcapital.pe\/index.php?rest_route=%2Fwp%2Fv2%2Ftags&post=3103"}],"curies":[{"name":"wp","href":"https:\/\/api.w.org\/{rel}","templated":true}]}}