{"id":3095,"date":"2024-06-26T08:08:10","date_gmt":"2024-06-26T13:08:10","guid":{"rendered":"https:\/\/www.elcapital.pe\/?p=3095"},"modified":"2024-06-26T08:08:10","modified_gmt":"2024-06-26T13:08:10","slug":"peru-busca-en-china-sustituir-unidades-de-transporte-publico-por-vehiculos-electricos","status":"publish","type":"post","link":"http:\/\/www.elcapital.pe\/?p=3095","title":{"rendered":"PERU BUSCA EN CHINA SUSTITUIR UNIDADES DE TRANSPORTE PUBLICO POR VEHICULOS ELECTRICOS"},"content":{"rendered":"\n<p>Trabajan proyecto de ley para eliminar impuestos a importaci\u00f3n de veh\u00edculos el\u00e9ctricos para el transporte p\u00fablico<\/p>\n\n\n\n<p>El ministro de Transportes y Comunicaciones, Ra\u00fal P\u00e9rez Reyes, se\u00f1al\u00f3 hoy que existe gran inter\u00e9s por sustituir las unidades de transporte p\u00fablico por veh\u00edculos el\u00e9ctricos y que para tal fin se plantea establecer un acuerdo con el gobierno chino para el financiamiento respectivo.<\/p>\n\n\n\n<p>Refiri\u00f3 que la comitiva del Per\u00fa en China se ha reunido con la empresas Huawei y BYD, el mayor productor de veh\u00edculos el\u00e9ctricos del mundo.<\/p>\n\n\n\n<p>\u00abEfectivamente, existe gran inter\u00e9s por sustituir las unidades de transporte p\u00fablico por veh\u00edculos el\u00e9ctricos. Para ello, se plantea establecer un acuerdo con el gobierno chino, para conseguir una l\u00ednea de garant\u00eda de financiamiento\u00bb, dijo a Tv Per\u00fa.<\/p>\n\n\n\n<p>\u201cLa idea ser\u00eda que, cuando nos visiten por APEC, se pueda firmar este convenio para sustituir, en los pr\u00f3ximos tres o cuatro a\u00f1os, a un n\u00famero importante de taxis que circulan por Lima o los 20,000 veh\u00edculos de hasta 25 pasajeros, conocidos como combis\u201d, enfatiz\u00f3.<\/p>\n\n\n\n<p>Refiri\u00f3 que su sector est\u00e1 trabajando un proyecto de ley junto con el Ministerio de Econom\u00eda y Finanzas y el Congreso de la Rep\u00fablica para eliminar el pago de impuestos a la importaci\u00f3n de veh\u00edculos el\u00e9ctricos que sean destinados al transporte p\u00fablico. \u00abEsto incluye a los taxis\u00bb, anot\u00f3.<\/p>\n","protected":false},"excerpt":{"rendered":"<p>Trabajan proyecto de ley para eliminar impuestos a importaci\u00f3n de veh\u00edculos el\u00e9ctricos para el transporte p\u00fablico El ministro de Transportes y Comunicaciones, Ra\u00fal P\u00e9rez Reyes, se\u00f1al\u00f3 hoy que existe gran inter\u00e9s por sustituir las unidades de transporte p\u00fablico por veh\u00edculos el\u00e9ctricos y que para tal fin se plantea establecer un acuerdo con el gobierno chino [&hellip;]<\/p>\n","protected":false},"author":1,"featured_media":3096,"comment_status":"open","ping_status":"open","sticky":false,"template":"","format":"standard","meta":{"footnotes":""},"categories":[3],"tags":[],"class_list":["post-3095","post","type-post","status-publish","format-standard","has-post-thumbnail","hentry","category-economia"],"_links":{"self":[{"href":"http:\/\/www.elcapital.pe\/index.php?rest_route=\/wp\/v2\/posts\/3095","targetHints":{"allow":["GET"]}}],"collection":[{"href":"http:\/\/www.elcapital.pe\/index.php?rest_route=\/wp\/v2\/posts"}],"about":[{"href":"http:\/\/www.elcapital.pe\/index.php?rest_route=\/wp\/v2\/types\/post"}],"author":[{"embeddable":true,"href":"http:\/\/www.elcapital.pe\/index.php?rest_route=\/wp\/v2\/users\/1"}],"replies":[{"embeddable":true,"href":"http:\/\/www.elcapital.pe\/index.php?rest_route=%2Fwp%2Fv2%2Fcomments&post=3095"}],"version-history":[{"count":1,"href":"http:\/\/www.elcapital.pe\/index.php?rest_route=\/wp\/v2\/posts\/3095\/revisions"}],"predecessor-version":[{"id":3097,"href":"http:\/\/www.elcapital.pe\/index.php?rest_route=\/wp\/v2\/posts\/3095\/revisions\/3097"}],"wp:featuredmedia":[{"embeddable":true,"href":"http:\/\/www.elcapital.pe\/index.php?rest_route=\/wp\/v2\/media\/3096"}],"wp:attachment":[{"href":"http:\/\/www.elcapital.pe\/index.php?rest_route=%2Fwp%2Fv2%2Fmedia&parent=3095"}],"wp:term":[{"taxonomy":"category","embeddable":true,"href":"http:\/\/www.elcapital.pe\/index.php?rest_route=%2Fwp%2Fv2%2Fcategories&post=3095"},{"taxonomy":"post_tag","embeddable":true,"href":"http:\/\/www.elcapital.pe\/index.php?rest_route=%2Fwp%2Fv2%2Ftags&post=3095"}],"curies":[{"name":"wp","href":"https:\/\/api.w.org\/{rel}","templated":true}]}}