{"id":3092,"date":"2024-06-26T08:04:48","date_gmt":"2024-06-26T13:04:48","guid":{"rendered":"https:\/\/www.elcapital.pe\/?p=3092"},"modified":"2024-06-26T08:04:48","modified_gmt":"2024-06-26T13:04:48","slug":"peru-y-huawei-suscriben-acuerdo-para-formar-20-mil-jovenes-en-nuevas-tecnologias","status":"publish","type":"post","link":"http:\/\/www.elcapital.pe\/?p=3092","title":{"rendered":"PERU Y HUAWEI SUSCRIBEN ACUERDO PARA FORMAR 20 MIL JOVENES EN NUEVAS TECNOLOGIAS"},"content":{"rendered":"\n<p>La mandataria Dina Boluarte tambi\u00e9n se reuni\u00f3 con presidentes de importantes empresas<\/p>\n\n\n\n<p>En su primer d\u00eda de Visita de Estado a la Rep\u00fablica Popular China, la mandataria Dina Boluarte Zegarra acudi\u00f3 a las galer\u00edas tecnol\u00f3gicas de Huawei, donde se reuni\u00f3 con el presidente de la mencionada compa\u00f1\u00eda, Liang Hua.<\/p>\n\n\n\n<p>En el marco de este encuentro, se suscribi\u00f3 un convenio de cooperaci\u00f3n con esta importante empresa que permitir\u00e1 formar a 20,000 j\u00f3venes peruanos en nuevas tecnolog\u00edas de la informaci\u00f3n. Esto contribuir\u00e1 a desarrollar la fuerza laboral altamente capacitada que nuestro pa\u00eds necesita.<\/p>\n\n\n\n<p>Firmaron este acuerdo el ministro de Relaciones Exteriores, Javier Gonz\u00e1lez-Olaechea Franco, en representaci\u00f3n del Gobierno del Per\u00fa, y el gerente general de Huawei Per\u00fa, Zhang Peng, por parte de Huawei.<\/p>\n\n\n\n<p>Facilidades para la inversi\u00f3n<\/p>\n\n\n\n<p>La presidenta sostuvo, asimismo, una reuni\u00f3n con el presidente de BYD, Wang Chuanfu, y visit\u00f3 el campo automotriz de la empresa, que est\u00e1 revolucionando la industria con sus autom\u00f3viles y autobuses el\u00e9ctricos. Sus negocios incluyen los distintos y modernos sistemas de almacenamiento de energ\u00eda, as\u00ed como el transporte ferroviario de alta calidad.<\/p>\n\n\n\n<p>La jefa de Estado resalt\u00f3 las grandes ventajas que ofrece nuestro pa\u00eds a las inversiones privadas. \u201cEstamos promoviendo cero aranceles para que podamos incentivar que m\u00e1s empresas quieran invertir en el Per\u00fa. Desde el gobierno garantizamos un pa\u00eds democr\u00e1tico, con seguridad jur\u00eddica, y que lo que se pacta, se respeta en el tiempo\u201d, afirm\u00f3.<\/p>\n\n\n\n<p>Invit\u00f3 a la compa\u00f1\u00eda BYD a instalar una planta ensambladora en Per\u00fa, aprovechando que en noviembre se inaugurar\u00e1 el puerto de Chancay, que permitir\u00e1 el ingreso de grandes embarcaciones.<\/p>\n\n\n\n<p>\u201cVamos a construir un parque industrial, ya sea en Chancay o en Arequipa. En alguno de estos lugares se podr\u00eda estar instalando esta industria de ensamblaje de veh\u00edculos. En vez de traer desde Per\u00fa a China el cobre y el litio, vayan a Per\u00fa, a hacer su industria de ensamblaje\u201d, recalc\u00f3.<\/p>\n\n\n\n<p>Sobre el tema, el ministro de Transporte y Comunicaciones, Ra\u00fal P\u00e9rez Reyes, dijo que existe gran inter\u00e9s por sustituir las unidades de transporte p\u00fablico por veh\u00edculos el\u00e9ctricos. Para ello, se plantea establecer un acuerdo con el gobierno chino, para conseguir una l\u00ednea de garant\u00eda de financiamiento.<\/p>\n\n\n\n<p>\u201cLa idea ser\u00eda que, cuando nos visiten por APEC, se pueda firmar este convenio para sustituir, en los pr\u00f3ximos tres o cuatro a\u00f1os, a un n\u00famero importante de taxis que circulan por Lima o los 20 mil veh\u00edculos de hasta 25 pasajeros, conocidos como combis\u201d, enfatiz\u00f3.<\/p>\n\n\n\n<p>Refiri\u00f3 que su sector est\u00e1 trabajando un proyecto de ley junto con el Ministerio de Econom\u00eda y Finanzas y el Congreso de la Rep\u00fablica para eliminar el pago de impuestos a la importaci\u00f3n de veh\u00edculos el\u00e9ctricos que sean destinados al transporte p\u00fablico. Esto incluye a los taxis.<\/p>\n\n\n\n<p>A su turno, el ministro de Econom\u00eda y Finanzas, Jos\u00e9 Arista, record\u00f3 que nuestro pa\u00eds ha firmado un tratado de libre comercio con China en el a\u00f1o 2010.<\/p>\n\n\n\n<p>\u201cEso no solo asegura arancel cero en Per\u00fa y China para una serie de productos, sino tambi\u00e9n brinda seguridad a las inversiones chinas en Per\u00fa\u201d, indic\u00f3. Del mismo modo, sostuvo que a fin de a\u00f1o se estar\u00eda celebrando el tratado para evitar la doble tributaci\u00f3n entre China y Per\u00fa.<\/p>\n\n\n\n<p>Luego de la reuni\u00f3n con el presidente de BYD, la jefa de Estado tuvo un encuentro con Zheng Yi, gerente general de ELINC &#8211; China Electronic Corporation (CEC), empresa dedicada a brindar soluciones industriales y electr\u00f3nicas para la seguridad inform\u00e1tica y la seguridad ciudadana bajo el concepto de Smart City.<\/p>\n\n\n\n<p>De la misma manera, la presidenta Dina Boluarte sostuvo una reuni\u00f3n y saludo protocolar con las autoridades pol\u00edticas de la ciudad, entre las que destacaron el alcalde del Gobierno Popular Municipal de Shenzhen, Qin Weizhong, y altos representantes de la Oficina de Asuntos Exteriores del Gobierno Municipal.<\/p>\n\n\n\n<p>Exposici\u00f3n de piezas precolombinas<\/p>\n\n\n\n<p>Como primera actividad de su Visita de Estado, la presidenta Dina Boluarte acudi\u00f3 al Museo de Nanshan de Shenzhen para inaugurar una importante exhibici\u00f3n de piezas precolombinas denominada \u201cLos Incas y su Tawantinsuyo\u201d.<\/p>\n\n\n\n<p>\u201cEsta exposici\u00f3n itinerante, que viene recorriendo los museos m\u00e1s prestigiosos de China, presenta m\u00e1s de 150 piezas arqueol\u00f3gicas originales provenientes de 14 museos peruanos. Quisiera destacar que esta muestra arqueol\u00f3gica no solo es una exhibici\u00f3n cultural, sino tambi\u00e9n un s\u00edmbolo de la s\u00f3lida amistad entre nuestros dos pa\u00edses\u201d, resalt\u00f3 la presidenta Boluarte.<\/p>\n\n\n\n<p>En la inauguraci\u00f3n de esta muestra arqueol\u00f3gica estuvieron presentes el ministro de Relaciones Exteriores, Javier Gonz\u00e1lez-Olaechea, y el director del Museo de Nanshan de Shenzhen, Qi Xin, entre otras autoridades peruanas y chinas. La exhibici\u00f3n fue organizada por la empresa Shanghai Youxiang and Exchange Development Company.<\/p>\n","protected":false},"excerpt":{"rendered":"<p>La mandataria Dina Boluarte tambi\u00e9n se reuni\u00f3 con presidentes de importantes empresas En su primer d\u00eda de Visita de Estado a la Rep\u00fablica Popular China, la mandataria Dina Boluarte Zegarra acudi\u00f3 a las galer\u00edas tecnol\u00f3gicas de Huawei, donde se reuni\u00f3 con el presidente de la mencionada compa\u00f1\u00eda, Liang Hua. En el marco de este encuentro, [&hellip;]<\/p>\n","protected":false},"author":1,"featured_media":3093,"comment_status":"open","ping_status":"open","sticky":false,"template":"","format":"standard","meta":{"footnotes":""},"categories":[4],"tags":[],"class_list":["post-3092","post","type-post","status-publish","format-standard","has-post-thumbnail","hentry","category-negocios"],"_links":{"self":[{"href":"http:\/\/www.elcapital.pe\/index.php?rest_route=\/wp\/v2\/posts\/3092","targetHints":{"allow":["GET"]}}],"collection":[{"href":"http:\/\/www.elcapital.pe\/index.php?rest_route=\/wp\/v2\/posts"}],"about":[{"href":"http:\/\/www.elcapital.pe\/index.php?rest_route=\/wp\/v2\/types\/post"}],"author":[{"embeddable":true,"href":"http:\/\/www.elcapital.pe\/index.php?rest_route=\/wp\/v2\/users\/1"}],"replies":[{"embeddable":true,"href":"http:\/\/www.elcapital.pe\/index.php?rest_route=%2Fwp%2Fv2%2Fcomments&post=3092"}],"version-history":[{"count":1,"href":"http:\/\/www.elcapital.pe\/index.php?rest_route=\/wp\/v2\/posts\/3092\/revisions"}],"predecessor-version":[{"id":3094,"href":"http:\/\/www.elcapital.pe\/index.php?rest_route=\/wp\/v2\/posts\/3092\/revisions\/3094"}],"wp:featuredmedia":[{"embeddable":true,"href":"http:\/\/www.elcapital.pe\/index.php?rest_route=\/wp\/v2\/media\/3093"}],"wp:attachment":[{"href":"http:\/\/www.elcapital.pe\/index.php?rest_route=%2Fwp%2Fv2%2Fmedia&parent=3092"}],"wp:term":[{"taxonomy":"category","embeddable":true,"href":"http:\/\/www.elcapital.pe\/index.php?rest_route=%2Fwp%2Fv2%2Fcategories&post=3092"},{"taxonomy":"post_tag","embeddable":true,"href":"http:\/\/www.elcapital.pe\/index.php?rest_route=%2Fwp%2Fv2%2Ftags&post=3092"}],"curies":[{"name":"wp","href":"https:\/\/api.w.org\/{rel}","templated":true}]}}