{"id":3088,"date":"2024-06-25T07:37:17","date_gmt":"2024-06-25T12:37:17","guid":{"rendered":"http:\/\/www.elcapital.pe\/?p=3088"},"modified":"2024-06-25T07:37:17","modified_gmt":"2024-06-25T12:37:17","slug":"comienzan-las-negociaciones-con-ucrania-y-moldavia-sobre-su-adhesion-a-la-ue","status":"publish","type":"post","link":"http:\/\/www.elcapital.pe\/?p=3088","title":{"rendered":"COMIENZAN LAS NEGOCIACIONES CON UCRANIA Y MOLDAVIA SOBRE SU ADHESION A LA UE"},"content":{"rendered":"\n<p>La Uni\u00f3n Europea inicia formalmente las conversaciones con Ucrania y Moldavia sobre su adhesi\u00f3n a la Uni\u00f3n Europea. Un proceso que empieza el martes, 25 de junio, y promete ser largo y delicado.<\/p>\n\n\n\n<p>El martes, en Luxemburgo, la Uni\u00f3n Europea, por una parte, y Ucrania y Moldavia, por otra, inician oficialmente las negociaciones destinadas a permitir que estos dos pa\u00edses se conviertan un d\u00eda en miembros de pleno derecho de la UE.<\/p>\n\n\n\n<p>Rusia ha hecho todo lo posible por obstaculizar este proceso, que promete ser largo y dif\u00edcil, y que deber\u00eda llevar a estas dos antiguas rep\u00fablicas sovi\u00e9ticas a sujetarse a Europa.<\/p>\n\n\n\n<p>La semana pasada el presidente ucraniano Volod\u00edmir Zelenski, dijo:<\/p>\n\n\n\n<p>Esperamos con impaciencia la pr\u00f3xima semana, el 25 de junio, cuando Ucrania y la UE celebren su primera conferencia intergubernamental, que marcar\u00e1 el inicio real del proceso de negociaci\u00f3n<\/p>\n\n\n\n<p>Un proceso muy re\u00f1ido<\/p>\n\n\n\n<p>Las negociaciones de adhesi\u00f3n entre la UE y un tercer pa\u00eds tienen lugar en el marco de una Conferencia Intergubernamental (CIG).<\/p>\n\n\n\n<p>Los Veintisiete iniciar\u00e1n formalmente las conversaciones con Ucrania el martes por la tarde hacia las 15.30 horas (13.30 GMT), seguida de Moldavia, seg\u00fan una fuente diplom\u00e1tica.<\/p>\n\n\n\n<p>La apertura de estas conversaciones es el resultado de un re\u00f1ido acuerdo entre 26 pa\u00edses de la UE, que se vieron obligados a utilizar su ingenio para convencer al 27\u00ba, la Hungr\u00eda, de Viktor Orban, para que no bloqueara el proceso.<\/p>\n\n\n\n<p>El primer ministro h\u00fangaro se hab\u00eda opuesto ferozmente a cualquier negociaci\u00f3n de adhesi\u00f3n con Ucrania, por considerar que el pa\u00eds no estaba preparado.<\/p>\n\n\n\n<p>Hungr\u00eda, el Estado miembro de la UE m\u00e1s cercano a la Rusia de Vladimir Putin, bloquea tambi\u00e9n toda ayuda militar europea a Kiev.<\/p>\n\n\n\n<p>Viktor Orban acept\u00f3 finalmente levantarse de la mesa en la cumbre de l\u00edderes de los Veintisiete celebrada en diciembre, mientras que sus 26 hom\u00f3logos decidieron iniciar las negociaciones de adhesi\u00f3n con Kiev y Chisinau.<\/p>\n\n\n\n<p>\u00abExamen de la legislaci\u00f3n\u201d<\/p>\n\n\n\n<p>Una vez abierta formalmente la Conferencia Intergubernamental, los negociadores revisar\u00e1n primero la legislaci\u00f3n de cada uno de los dos pa\u00edses para comprobar si es compatible con la de la UE. Esta etapa, conocida como \u00abscreening\u00bb en la jerga de Bruselas, suele durar entre uno y dos a\u00f1os, explic\u00f3 un diplom\u00e1tico europeo, que habl\u00f3 bajo condici\u00f3n de anonimato.<\/p>\n\n\n\n<p>Sin embargo, en el caso de Ucrania y Moldavia, el proceso ser\u00e1 m\u00e1s r\u00e1pido porque \u00abya tenemos una idea bastante clara\u00bb de la situaci\u00f3n, subray\u00f3 este diplom\u00e1tico. No obstante, pasar\u00e1n varias semanas, si no meses, antes de que se abran realmente los distintos cap\u00edtulos de negociaci\u00f3n.<\/p>\n\n\n\n<p>Y es poco probable que ocurra antes de finales de a\u00f1o: Hungr\u00eda, que no es muy partidaria de acoger a Ucrania, asume el 1 de julio la presidencia semestral del Consejo de la UE, que re\u00fane a los ministros de los 27 Estados miembros.<\/p>\n\n\n\n<p>Los Jefes de Estado y de Gobierno de la Uni\u00f3n Europea hab\u00edan allanado el camino para las negociaciones de adhesi\u00f3n a mediados de diciembre de 2023. Hasta entonces, sin embargo, Hungr\u00eda hab\u00eda frenado la apertura formal de negociaciones con Kiev, al considerar que no se cumpl\u00edan las condiciones. El 7 de junio, la Comisi\u00f3n Europea consider\u00f3 que Ucrania y Moldavia hab\u00edan cumplido ya todas las condiciones previas para la adhesi\u00f3n.<\/p>\n\n\n\n<p>Un gesto simb\u00f3lico<\/p>\n\n\n\n<p>El Ejecutivo europeo ha pedido a Kiev que tome medidas para combatir la corrupci\u00f3n y el dominio de los oligarcas. La Comisi\u00f3n tambi\u00e9n ha solicitado que se tenga m\u00e1s en cuenta a las minor\u00edas, una medida en la que insiste Budapest debido a la presencia de una comunidad h\u00fangara en Ucrania.<\/p>\n\n\n\n<p>En un gesto altamente simb\u00f3lico pocos meses despu\u00e9s del inicio de la guerra desatada por Mosc\u00fa, la UE concedi\u00f3 a Ucrania y a la vecina Moldavia el estatus de candidatos en junio de 2022.<\/p>\n\n\n\n<p>La apertura de negociaciones es s\u00f3lo una etapa de un largo y arduo proceso de adhesi\u00f3n. Ucrania, pa\u00eds de m\u00e1s de 40 millones de habitantes y potencia agr\u00edcola, se enfrenta a varias dificultades para ingresar en la UE, empezando por la cuesti\u00f3n de la ayuda financiera que debe recibir.<\/p>\n\n\n\n<p>Por su parte, la UE tiene previsto reformarse para hacer frente a esta ampliaci\u00f3n y mejorar su gobernanza y toma de decisiones, ya de por s\u00ed a menudo complejas con 27 Estados miembros.<\/p>\n","protected":false},"excerpt":{"rendered":"<p>La Uni\u00f3n Europea inicia formalmente las conversaciones con Ucrania y Moldavia sobre su adhesi\u00f3n a la Uni\u00f3n Europea. Un proceso que empieza el martes, 25 de junio, y promete ser largo y delicado. El martes, en Luxemburgo, la Uni\u00f3n Europea, por una parte, y Ucrania y Moldavia, por otra, inician oficialmente las negociaciones destinadas a [&hellip;]<\/p>\n","protected":false},"author":1,"featured_media":3089,"comment_status":"open","ping_status":"open","sticky":false,"template":"","format":"standard","meta":{"footnotes":""},"categories":[2],"tags":[],"class_list":["post-3088","post","type-post","status-publish","format-standard","has-post-thumbnail","hentry","category-actualidad"],"_links":{"self":[{"href":"http:\/\/www.elcapital.pe\/index.php?rest_route=\/wp\/v2\/posts\/3088","targetHints":{"allow":["GET"]}}],"collection":[{"href":"http:\/\/www.elcapital.pe\/index.php?rest_route=\/wp\/v2\/posts"}],"about":[{"href":"http:\/\/www.elcapital.pe\/index.php?rest_route=\/wp\/v2\/types\/post"}],"author":[{"embeddable":true,"href":"http:\/\/www.elcapital.pe\/index.php?rest_route=\/wp\/v2\/users\/1"}],"replies":[{"embeddable":true,"href":"http:\/\/www.elcapital.pe\/index.php?rest_route=%2Fwp%2Fv2%2Fcomments&post=3088"}],"version-history":[{"count":1,"href":"http:\/\/www.elcapital.pe\/index.php?rest_route=\/wp\/v2\/posts\/3088\/revisions"}],"predecessor-version":[{"id":3090,"href":"http:\/\/www.elcapital.pe\/index.php?rest_route=\/wp\/v2\/posts\/3088\/revisions\/3090"}],"wp:featuredmedia":[{"embeddable":true,"href":"http:\/\/www.elcapital.pe\/index.php?rest_route=\/wp\/v2\/media\/3089"}],"wp:attachment":[{"href":"http:\/\/www.elcapital.pe\/index.php?rest_route=%2Fwp%2Fv2%2Fmedia&parent=3088"}],"wp:term":[{"taxonomy":"category","embeddable":true,"href":"http:\/\/www.elcapital.pe\/index.php?rest_route=%2Fwp%2Fv2%2Fcategories&post=3088"},{"taxonomy":"post_tag","embeddable":true,"href":"http:\/\/www.elcapital.pe\/index.php?rest_route=%2Fwp%2Fv2%2Ftags&post=3088"}],"curies":[{"name":"wp","href":"https:\/\/api.w.org\/{rel}","templated":true}]}}