{"id":3082,"date":"2024-06-25T07:09:42","date_gmt":"2024-06-25T12:09:42","guid":{"rendered":"http:\/\/www.elcapital.pe\/?p=3082"},"modified":"2024-06-25T07:09:42","modified_gmt":"2024-06-25T12:09:42","slug":"peru-impulsa-exportaciones-de-alimentos-en-el-summer-fancy-food","status":"publish","type":"post","link":"http:\/\/www.elcapital.pe\/?p=3082","title":{"rendered":"PERU IMPULSA EXPORTACIONES DE ALIMENTOS EN EL SUMMER FANCY FOOD"},"content":{"rendered":"\n<p><br><br><p class=\"MsoNormal\"><span lang=\"ES\">Del 23 al 25 de<br>junio, una delegaci\u00f3n peruana est\u00e1 presente en Nueva York<\/span><\/p><br><br><p class=\"MsoNormal\"><span lang=\"ES\">Con el fin de<br>promover las exportaciones agroindustriales, Per\u00fa participa en la 68\u00aa edici\u00f3n<br>de Summer Fancy Food, el principal evento para productos finos, gourmet y<br>delicatessen de la industria de alimentos de Estados Unidos, que se lleva a<br>cabo del 23 al 25 de junio en Nueva York.<\/span><\/p><br><br><p class=\"MsoNormal\"><span lang=\"ES\">La feria cuenta<br>con la participaci\u00f3n de una delegaci\u00f3n peruana conformada por 16 empresas. El<br>Pabell\u00f3n Per\u00fa presenta una oferta \u00fanica, en la que resalta los productos m\u00e1s<br>diferenciados como la presencia de conservas ahumadas de pescado, chifles<br>saborizados a ceviche, salsas de rocoto y aj\u00ed amarillo, aderezos saborizados a<br>seco norte\u00f1o, pachamanca y arroz con pollo.<\/span><\/p><br><br><p class=\"MsoNormal\"><span lang=\"ES\">Durante los tres<br>d\u00edas del evento, la actividad peruana proyecta generar 25 millones de d\u00f3lares<br>en expectativas de negocios para los siguientes 12 meses y cerca de 500<br>contactos comerciales generados por la exhibici\u00f3n de productos.<\/span><\/p><br><br><p class=\"MsoNormal\"><span lang=\"ES\">El objetivo<br>principal en el Summer Fancy Food es impulsar las exportaciones de la oferta<br>peruana de productos agroindustriales a trav\u00e9s de la presencia de empresas<br>procesadoras y exportadores.<\/span><\/p><br><br><p class=\"MsoNormal\"><span lang=\"ES\">Estados Unidos es<br>el mercado m\u00e1s grande para las exportaciones de productos agroindustriales<br>procesados. Es el principal demandante de alimentos especiales (specialty<br>foods) y gourmet para la oferta peruana.<\/span><\/p><br><br><p class=\"MsoNormal\"><span lang=\"ES\">La participaci\u00f3n<br>de Per\u00fa en este evento es el resultado de una coorganizaci\u00f3n entre la Comisi\u00f3n<br>de Promoci\u00f3n del Per\u00fa para la Exportaci\u00f3n y el Turismo (Promper\u00fa) y la C\u00e1mara<br>de Comercio de Lima.<\/span><\/p><br><br><p class=\"MsoNormal\"><span lang=\"ES\">Organizada por<br>Specialty Food Association, la feria Summer Fancy Food re\u00fane a profesionales de<br>la industria de alimentos desde mayoristas, productores y distribuidores hasta<br>supermercados, tiendas de conveniencia, foodservice, entre otros.<\/span><\/p><br><br><p class=\"MsoNormal\"><span lang=\"ES\">\u00a0<\/span><\/p><br><br><\/p>\n","protected":false},"excerpt":{"rendered":"<p>Del 23 al 25 dejunio, una delegaci\u00f3n peruana est\u00e1 presente en Nueva York Con el fin depromover las exportaciones agroindustriales, Per\u00fa participa en la 68\u00aa edici\u00f3nde Summer Fancy Food, el principal evento para productos finos, gourmet ydelicatessen de la industria de alimentos de Estados Unidos, que se lleva acabo del 23 al 25 de junio [&hellip;]<\/p>\n","protected":false},"author":1,"featured_media":3083,"comment_status":"open","ping_status":"open","sticky":false,"template":"","format":"standard","meta":{"footnotes":""},"categories":[3],"tags":[],"class_list":["post-3082","post","type-post","status-publish","format-standard","has-post-thumbnail","hentry","category-economia"],"_links":{"self":[{"href":"http:\/\/www.elcapital.pe\/index.php?rest_route=\/wp\/v2\/posts\/3082","targetHints":{"allow":["GET"]}}],"collection":[{"href":"http:\/\/www.elcapital.pe\/index.php?rest_route=\/wp\/v2\/posts"}],"about":[{"href":"http:\/\/www.elcapital.pe\/index.php?rest_route=\/wp\/v2\/types\/post"}],"author":[{"embeddable":true,"href":"http:\/\/www.elcapital.pe\/index.php?rest_route=\/wp\/v2\/users\/1"}],"replies":[{"embeddable":true,"href":"http:\/\/www.elcapital.pe\/index.php?rest_route=%2Fwp%2Fv2%2Fcomments&post=3082"}],"version-history":[{"count":1,"href":"http:\/\/www.elcapital.pe\/index.php?rest_route=\/wp\/v2\/posts\/3082\/revisions"}],"predecessor-version":[{"id":3084,"href":"http:\/\/www.elcapital.pe\/index.php?rest_route=\/wp\/v2\/posts\/3082\/revisions\/3084"}],"wp:featuredmedia":[{"embeddable":true,"href":"http:\/\/www.elcapital.pe\/index.php?rest_route=\/wp\/v2\/media\/3083"}],"wp:attachment":[{"href":"http:\/\/www.elcapital.pe\/index.php?rest_route=%2Fwp%2Fv2%2Fmedia&parent=3082"}],"wp:term":[{"taxonomy":"category","embeddable":true,"href":"http:\/\/www.elcapital.pe\/index.php?rest_route=%2Fwp%2Fv2%2Fcategories&post=3082"},{"taxonomy":"post_tag","embeddable":true,"href":"http:\/\/www.elcapital.pe\/index.php?rest_route=%2Fwp%2Fv2%2Ftags&post=3082"}],"curies":[{"name":"wp","href":"https:\/\/api.w.org\/{rel}","templated":true}]}}