{"id":3057,"date":"2024-06-23T21:09:07","date_gmt":"2024-06-24T02:09:07","guid":{"rendered":"https:\/\/www.elcapital.pe\/?p=3057"},"modified":"2024-06-23T21:09:07","modified_gmt":"2024-06-24T02:09:07","slug":"milei-pregrona-en-alemania-el-exito-de-su-ajuste-fiscal","status":"publish","type":"post","link":"http:\/\/www.elcapital.pe\/?p=3057","title":{"rendered":"MILEI PREGRONA EN ALEMANIA EL \u00c9XITO DE SU AJUSTE FISCAL"},"content":{"rendered":"\n<p>El presidente argentino, Javier Milei, afirm\u00f3 este s\u00e1bado que ha ganado a los \u00absocialistas\u00bb con \u00abel ajuste fiscal m\u00e1s grande de la historia de Argentina\u00bb, al recoger una medalla en Hamburgo en v\u00edsperas de una reuni\u00f3n breve con el canciller Olaf Scholz, cuya agenda ha quedado reducida al m\u00ednimo.<\/p>\n\n\n\n<p>\u00abEl motivo por el que los socialistas est\u00e1n tan violentos es porque est\u00e1 funcionando y se les est\u00e1 cayendo\u00bb, dijo Milei en su discurso de aceptaci\u00f3n de la medalla concedida por la Sociedad Hayek, de corte ultraliberal, haciendo referencia a su receta econ\u00f3mica.<\/p>\n\n\n\n<p>Milei recalc\u00f3 que \u00e9l hered\u00f3 del Gobierno anterior un d\u00e9ficit fiscal del 15 % del PIB. \u00abDecidimos emprender un ajuste. Hoy les digo que seis meses despu\u00e9s hemos hecho el ajuste fiscal m\u00e1s grande de la historia\u00bb de Argentina, se\u00f1al\u00f3 Milei entre las ovaciones del p\u00fablico.<\/p>\n\n\n\n<p>\u00abObviamente esto no iba a ser libre de costos. Pero nosotros siempre les dijimos a la gente a la cara que no hay plata, que iba a ser duro, que el inicio iba a ser complicado\u00bb, afirm\u00f3.<\/p>\n\n\n\n<p>No obstante, contra todos los pron\u00f3sticos de que no iba a ser posible, \u00ablo que se empieza a ver en los primeros significadores de abril y mayo es que empieza a haber recuperaci\u00f3n, crecimiento\u00bb, afirm\u00f3 Milei.<\/p>\n\n\n\n<p>El presidente argentino sostuvo que se enfrent\u00f3 a todo tipo de trabas desde la pol\u00edtica, que \u00abfue una m\u00e1quina de impedir\u00bb e intent\u00f3 \u00abhacer un golpe de Estado\u00bb.<\/p>\n\n\n\n<p>Se mostr\u00f3 sin embargo convencido de que con las reformas estructurales el pa\u00eds dar\u00e1 un salto, hasta convertirse en \u00abel pa\u00eds m\u00e1s libre del planeta\u00bb.<\/p>\n\n\n\n<p>Pionero en momento de m\u00e1xima necesidad<\/p>\n\n\n\n<p>El presidente de la Sociedad Hayek y director del Instituto de Estudios Econ\u00f3micos de Kiel (IfW), Stefan Kooths, ensalz\u00f3 a Milei como uno de los \u00abraros pioneros que aparecen por fortuna en los momentos de m\u00e1xima necesidad\u00bb para dar a un pa\u00eds destrozado la oportunidad de salir del callej\u00f3n sin salida al que lo ha llevado el \u00abintervencionismo\u00bb.<\/p>\n\n\n\n<p>\u00abSu principal oponente se llama marxismo cultural, ya que el socialismo puramente econ\u00f3mico de Karl Marx ya qued\u00f3 liquidado hace tiempo a nivel te\u00f3rico y pr\u00e1ctico\u00bb, se\u00f1al\u00f3 Kooths.<\/p>\n\n\n\n<p>La Sociedad Hayek ha sido en los \u00faltimos a\u00f1os blanco de cr\u00edticas en Alemania por su negativa a distanciarse de figuras ultraderechistas, como la diputada de Alternativa para Alemania (AfD) Beatrix von Storch, que se cuenta entre sus miembros.<\/p>\n\n\n\n<p>Entre los asistentes al acto de hoy figuraba entre otros el pol\u00e9mico exresponsable de los servicios secretos alemanes Hans-Georg Maa\u00dfen, conocido por difundir teor\u00edas de conspiraci\u00f3n y por sus v\u00ednculos con diversas personalidades de extrema derecha.<\/p>\n\n\n\n<p>Protestas contra la \u00abmiseria neoliberal\u00bb<\/p>\n\n\n\n<p>Varios cientos de manifestantes protestaron este s\u00e1bado en Hamburgo contra la presencia de Milei, en base a una convocatoria lanzada por organizaciones de la di\u00e1spora argentina y latinoamericana y de ONG y organizaciones de izquierda alemanas.<\/p>\n\n\n\n<p>Con pancartas con lemas como &#8216;Miseria Neoliberal&#8217;, algunos activistas se congregaron delante del hotel donde se realiz\u00f3 la ceremonia.<\/p>\n\n\n\n<p>Mientras, unos 400, seg\u00fan la cadena regional NDR, con carteles en los que pod\u00edan leerse mensajes como &#8216;Milei no es libertad, es fascismo&#8217; o &#8216;Argentina no se vende&#8217;, marcharon para pedir la anulaci\u00f3n de la entrega de la medalla.<\/p>\n\n\n\n<p>La convocatoria formaba parte del denominado \u00abmes anti-Milei\u00bb, una serie de actos en diversos puntos de Alemania a la que hab\u00eda llamado una plataforma de organizaciones argentinas y alemanas.<\/p>\n\n\n\n<p>Un \u00abhu\u00e9sped dif\u00edcil\u00bb<\/p>\n\n\n\n<p>Entretanto, las principales cabeceras alemanas informaron hoy de la visita de un \u00abhu\u00e9sped dif\u00edcil\u00bb que se ha convertido en \u00abestrella emergente de la derecha global\u00bb, seg\u00fan la cadena p\u00fablica alemana ARD.<\/p>\n\n\n\n<p>Milei se desplazar\u00e1 este domingo a Berl\u00edn, donde se reunir\u00e1 con el canciller alem\u00e1n, Olaf Scholz. Aunque en un inicio el argentino iba a ser recibido con honores militares y se hab\u00eda anunciado una rueda de prensa conjunta, estos planes fueron abandonados a \u00faltima hora.<\/p>\n\n\n\n<p>\u00abSe trata al final de una visita de trabajo muy breve, por deseo del presidente argentino, lo digo expresamente\u00bb, explic\u00f3 este viernes un portavoz del Gobierno alem\u00e1n, Steffen Hebestreit, que recalc\u00f3 que hubo una \u00abclara negativa\u00bb de Milei a participar en una rueda de prensa.<\/p>\n\n\n\n<p>Los medios alemanes tambi\u00e9n conjeturaron que la anulaci\u00f3n podr\u00eda estar relacionada con los comentarios de un portavoz del Ejecutivo germano que esta semana calific\u00f3 como \u00abde mal gusto\u00bb las declaraciones de Milei sobre el presidente del Gobierno espa\u00f1ol, Pedro S\u00e1nchez.<\/p>\n\n\n\n<p>EFE<\/p>\n","protected":false},"excerpt":{"rendered":"<p>El presidente argentino, Javier Milei, afirm\u00f3 este s\u00e1bado que ha ganado a los \u00absocialistas\u00bb con \u00abel ajuste fiscal m\u00e1s grande de la historia de Argentina\u00bb, al recoger una medalla en Hamburgo en v\u00edsperas de una reuni\u00f3n breve con el canciller Olaf Scholz, cuya agenda ha quedado reducida al m\u00ednimo. \u00abEl motivo por el que los [&hellip;]<\/p>\n","protected":false},"author":1,"featured_media":3058,"comment_status":"open","ping_status":"open","sticky":false,"template":"","format":"standard","meta":{"footnotes":""},"categories":[2],"tags":[],"class_list":["post-3057","post","type-post","status-publish","format-standard","has-post-thumbnail","hentry","category-actualidad"],"_links":{"self":[{"href":"http:\/\/www.elcapital.pe\/index.php?rest_route=\/wp\/v2\/posts\/3057","targetHints":{"allow":["GET"]}}],"collection":[{"href":"http:\/\/www.elcapital.pe\/index.php?rest_route=\/wp\/v2\/posts"}],"about":[{"href":"http:\/\/www.elcapital.pe\/index.php?rest_route=\/wp\/v2\/types\/post"}],"author":[{"embeddable":true,"href":"http:\/\/www.elcapital.pe\/index.php?rest_route=\/wp\/v2\/users\/1"}],"replies":[{"embeddable":true,"href":"http:\/\/www.elcapital.pe\/index.php?rest_route=%2Fwp%2Fv2%2Fcomments&post=3057"}],"version-history":[{"count":1,"href":"http:\/\/www.elcapital.pe\/index.php?rest_route=\/wp\/v2\/posts\/3057\/revisions"}],"predecessor-version":[{"id":3059,"href":"http:\/\/www.elcapital.pe\/index.php?rest_route=\/wp\/v2\/posts\/3057\/revisions\/3059"}],"wp:featuredmedia":[{"embeddable":true,"href":"http:\/\/www.elcapital.pe\/index.php?rest_route=\/wp\/v2\/media\/3058"}],"wp:attachment":[{"href":"http:\/\/www.elcapital.pe\/index.php?rest_route=%2Fwp%2Fv2%2Fmedia&parent=3057"}],"wp:term":[{"taxonomy":"category","embeddable":true,"href":"http:\/\/www.elcapital.pe\/index.php?rest_route=%2Fwp%2Fv2%2Fcategories&post=3057"},{"taxonomy":"post_tag","embeddable":true,"href":"http:\/\/www.elcapital.pe\/index.php?rest_route=%2Fwp%2Fv2%2Ftags&post=3057"}],"curies":[{"name":"wp","href":"https:\/\/api.w.org\/{rel}","templated":true}]}}