{"id":3054,"date":"2024-06-23T20:56:24","date_gmt":"2024-06-24T01:56:24","guid":{"rendered":"https:\/\/www.elcapital.pe\/?p=3054"},"modified":"2024-06-23T20:56:24","modified_gmt":"2024-06-24T01:56:24","slug":"con-uso-de-drones-y-despliegue-de-1200-policias-se-garantizara-seguridad-de-inti-raymi","status":"publish","type":"post","link":"http:\/\/www.elcapital.pe\/?p=3054","title":{"rendered":"CON USO DE DRONES Y DESPLIEGUE DE 1,200 POLICIAS SE GARANTIZAR\u00c1 SEGURIDAD DE INTI RAYMI"},"content":{"rendered":"\n<p>Polic\u00eda impondr\u00e1 plan de operaciones en el centro hist\u00f3rico de Cusco y en Sacsayhuam\u00e1n<\/p>\n\n\n\n<p>Con el uso de drones y el desplazamiento de m\u00e1s de 1,200 agentes, la Regi\u00f3n Policial del Cusco garantizar\u00e1 la seguridad antes, durante y despu\u00e9s del Inti Raymi, Fiesta del Sol, en sus tres escenarios: Qoricancha, plaza de Armas y Sacsayhuam\u00e1n.<\/p>\n\n\n\n<p>El general PNP Julio C\u00e9sar Becerra C\u00e1mara, jefe del comando policial en Cusco, confirm\u00f3 a la Agencia Andina que se desplazar\u00e1n los recursos humanos, medios log\u00edsticos, en los que est\u00e1n considerados patrulleros, motocicletas y drones.<\/p>\n\n\n\n<p>\u201cVamos a contar con efectivos de inteligencia, el personal del Grupo Terna, de la Divisi\u00f3n de Investigaci\u00f3n Criminal (Divincri) y de otras unidades especializadas. Se va a sobrevolar los drones en sectores que no est\u00e1n prohibidos, sobre todo en la ciudad\u201d, manifest\u00f3 el oficial.<\/p>\n\n\n\n<p>Becerra C\u00e1mara afirm\u00f3 que para las fiestas por el mes jubilar de Cusco, se instituy\u00f3 un plan de operaciones y la declaratoria en alerta m\u00e1xima que continuar\u00e1 este 24 de junio, pero con mayor incidencia en el centro hist\u00f3rico de la ciudad.<\/p>\n\n\n\n<p>Aqu\u00ed se ubicar\u00e1n con \u201canillos de seguridad\u201d en per\u00edmetros de la explanada del templo inca del Qoricancha, luego en la plaza mayor o Hawkaypata y finalmente en la explanada del parque arqueol\u00f3gico de Sacsayhuam\u00e1n. En estos tres escenarios se prev\u00e9, seg\u00fan la Empresa Municipal de Festejos de Cusco (Emufec), que asistir\u00e1n cerca de 200 mil ciudadanos y turistas.<\/p>\n\n\n\n<p>Los agentes de civil y uniformados mantendr\u00e1n el orden, ya que estas escenificaciones paralizan las calles y avenidas de ingreso a la plaza mayor; brindar\u00e1n garant\u00eda a los visitantes en coordinaci\u00f3n con autoridades multisectoriales, como el Ej\u00e9rcito peruano, bomberos, Ministerio P\u00fablico, Serenazgo y Defensa Civil, entre otros.<\/p>\n\n\n\n<p>Al respecto, la Municipalidad del Cusco, por medio de sus fiscalizadores, har\u00e1 cumplir el cierre de v\u00edas y la restricci\u00f3n del tr\u00e1nsito vehicular en v\u00edas importantes como las calles Saphy y Don Bosco, por donde se desplazar\u00e1n solo unidades&nbsp; autorizadas, como las de las autoridades y elenco art\u00edstico del Inti Raymi.<\/p>\n\n\n\n<p>La v\u00eda por la que se recomienda no usar veh\u00edculos particulares, es Circunvalaci\u00f3n, pues solo recorrer\u00e1n buses de transporte urbano que cubrir\u00e1n la ruta Cusco-Sacsayhuam\u00e1n. Las autoridades tambi\u00e9n evitar\u00e1n el ingreso de las personas a zonas protegidas del parque arqueol\u00f3gico, aqu\u00ed ser\u00e1 fundamental el papel del Ministerio de Cultura (Mincul).<\/p>\n\n\n\n<p>La escenificaci\u00f3n del Inti Raymi pretende este a\u00f1o ser m\u00e1s din\u00e1mico en comparaci\u00f3n a otros a\u00f1os. Los m\u00e1s de 900 actores que dar\u00e1n vida a esta puesta en escena, saldr\u00e1n al ushnu ceremonial durante una hora u hora y media, antes duraba hasta dos horas con 20 minutos.<\/p>\n\n\n\n<p>Habr\u00e1 3,750 turistas beneficiados por la compra de sus entradas con butacas y el relato del Inti Raymi en varios idiomas, principalmente el ingl\u00e9s. Otros 150 mil apreciar\u00e1n los ritos incas desde alrededores.<\/p>\n\n\n\n<p>Dato<\/p>\n\n\n\n<p>La Polic\u00eda subray\u00f3 que incidir\u00e1 en la seguridad como ya lo hicieron esta semana con el operativo Amanecer Seguro, en el que desarticularon tres bandas delincuenciales, intervinieron 47 personas en actos delictivos, entre ellos tres extranjeros, incautaron m\u00e1s de una tonelada de hojas de coca, decomisaron en el penal de Qenccoro 143 ketes de PBC,&nbsp; 109 ketes de marihuana y varios art\u00edculos.<\/p>\n","protected":false},"excerpt":{"rendered":"<p>Polic\u00eda impondr\u00e1 plan de operaciones en el centro hist\u00f3rico de Cusco y en Sacsayhuam\u00e1n Con el uso de drones y el desplazamiento de m\u00e1s de 1,200 agentes, la Regi\u00f3n Policial del Cusco garantizar\u00e1 la seguridad antes, durante y despu\u00e9s del Inti Raymi, Fiesta del Sol, en sus tres escenarios: Qoricancha, plaza de Armas y Sacsayhuam\u00e1n. [&hellip;]<\/p>\n","protected":false},"author":1,"featured_media":3055,"comment_status":"open","ping_status":"open","sticky":false,"template":"","format":"standard","meta":{"footnotes":""},"categories":[8],"tags":[],"class_list":["post-3054","post","type-post","status-publish","format-standard","has-post-thumbnail","hentry","category-turismo"],"_links":{"self":[{"href":"http:\/\/www.elcapital.pe\/index.php?rest_route=\/wp\/v2\/posts\/3054","targetHints":{"allow":["GET"]}}],"collection":[{"href":"http:\/\/www.elcapital.pe\/index.php?rest_route=\/wp\/v2\/posts"}],"about":[{"href":"http:\/\/www.elcapital.pe\/index.php?rest_route=\/wp\/v2\/types\/post"}],"author":[{"embeddable":true,"href":"http:\/\/www.elcapital.pe\/index.php?rest_route=\/wp\/v2\/users\/1"}],"replies":[{"embeddable":true,"href":"http:\/\/www.elcapital.pe\/index.php?rest_route=%2Fwp%2Fv2%2Fcomments&post=3054"}],"version-history":[{"count":1,"href":"http:\/\/www.elcapital.pe\/index.php?rest_route=\/wp\/v2\/posts\/3054\/revisions"}],"predecessor-version":[{"id":3056,"href":"http:\/\/www.elcapital.pe\/index.php?rest_route=\/wp\/v2\/posts\/3054\/revisions\/3056"}],"wp:featuredmedia":[{"embeddable":true,"href":"http:\/\/www.elcapital.pe\/index.php?rest_route=\/wp\/v2\/media\/3055"}],"wp:attachment":[{"href":"http:\/\/www.elcapital.pe\/index.php?rest_route=%2Fwp%2Fv2%2Fmedia&parent=3054"}],"wp:term":[{"taxonomy":"category","embeddable":true,"href":"http:\/\/www.elcapital.pe\/index.php?rest_route=%2Fwp%2Fv2%2Fcategories&post=3054"},{"taxonomy":"post_tag","embeddable":true,"href":"http:\/\/www.elcapital.pe\/index.php?rest_route=%2Fwp%2Fv2%2Ftags&post=3054"}],"curies":[{"name":"wp","href":"https:\/\/api.w.org\/{rel}","templated":true}]}}