{"id":3045,"date":"2024-06-22T09:03:18","date_gmt":"2024-06-22T14:03:18","guid":{"rendered":"https:\/\/www.elcapital.pe\/?p=3045"},"modified":"2024-06-22T09:03:18","modified_gmt":"2024-06-22T14:03:18","slug":"espana-otra-visita-de-milei-marcada-por-la-confrontacion-con-el-socialismo-gobernante","status":"publish","type":"post","link":"http:\/\/www.elcapital.pe\/?p=3045","title":{"rendered":"ESPA\u00d1A: OTRA VISITA DE MILEI MARCADA POR LA CONFRONTACION CON EL SOCIALISMO GOBERNANTE"},"content":{"rendered":"\n<p>El presidente de Argentina, Javier Milei, abri\u00f3 este viernes 21 de junio una nueva visita a Espa\u00f1a, luego de una en mayo que desat\u00f3 una crisis diplom\u00e1tica. No obstante, en su nuevo viaje al pa\u00eds europeo, Milei mantuvo su postura confrontativa con el socialismo, del que advirti\u00f3 de los \u00abriesgos\u00bb, la \u00abdecadencia\u00bb y \u00abcat\u00e1strofes\u00bb que provoca e inst\u00f3 a no dejarse arruinar la vida por las pol\u00edticas de esta ideolog\u00eda. Adem\u00e1s, aludi\u00f3 al presidente del Gobierno espa\u00f1ol, Pedro S\u00e1nchez, y sus familiares con declaraciones veladas.<\/p>\n\n\n\n<p>El presidente de Argentina, Javier Milei, aterriz\u00f3 este viernes 21 de junio en la base a\u00e9rea de Torrej\u00f3n de Ardoz, en medio de una disputa diplom\u00e1tica latente entre Madrid y Buenos Aires por los comentarios que hizo el mes pasado.<\/p>\n\n\n\n<p>A pesar de la crisis previa, al llegar Milei critic\u00f3 los \u00abriesgos\u00bb, la \u00abdecadencia\u00bb y \u00abcat\u00e1strofes\u00bb del socialismo, gobernante en Espa\u00f1a, e inst\u00f3 a no dejarse arruinar la vida por las pol\u00edticas de esta ideolog\u00eda, al tiempo que aludi\u00f3 al presidente del Gobierno espa\u00f1ol, Pedro S\u00e1nchez, y sus familiares con una cr\u00edtica velada.<\/p>\n\n\n\n<p>Tras recibir la Medalla Internacional de la Comunidad de Madrid, aludi\u00f3 a las \u00abporosas manos de los pol\u00edticos\u00bb, sus hermanos o sus parejas, en una referencia, sin citarlo expresamente, al socialista S\u00e1nchez, su esposa, Bego\u00f1a G\u00f3mez, y su hermano David.<\/p>\n\n\n\n<p>\u00abLa discrecionalidad siempre juega malas pasadas, siempre hay filtraciones. Bastiat hablaba de las porosas manos de los pol\u00edticos. Quiz\u00e1s no es la del pol\u00edtico directamente, quiz\u00e1s es la del hermano, la de la pareja o lo que fuera&#8230; y el que quiera entender que entienda\u00bb, dijo el ultraliberal argentino.<\/p>\n\n\n\n<p>Ya citando directamente a S\u00e1nchez, destac\u00f3 que, \u00absi los socialistas entendieran de econom\u00eda, no ser\u00edan socialistas\u00bb.<\/p>\n\n\n\n<p>Milei hizo estas manifestaciones tras ser condecorado por la presidenta de la Comunidad de Madrid, la conservadora Isabel D\u00edaz Ayuso, en un ambiente de fuerte tensi\u00f3n diplom\u00e1tica entre Argentina y Espa\u00f1a por su anterior visita el pasado mayo, cuando se refiri\u00f3 a S\u00e1nchez como \u00abcala\u00f1a\u00bb y a su mujer como \u00abcorrupta\u00bb, aunque sin nombrarlos. Esto desencaden\u00f3 una profunda crisis diplom\u00e1tica bilateral, con la retirada de la embajadora espa\u00f1ola de Buenos Aires.<\/p>\n\n\n\n<p>Un juez espa\u00f1ol decidi\u00f3 en abril pasado investigar a Bego\u00f1a G\u00f3mez despu\u00e9s de que el autodenominado &#8216;sindicato&#8217; Manos Limpias, de ultraderecha, presentara una denuncia, fundamentada en noticias de prensa, por la supuesta comisi\u00f3n de delitos de tr\u00e1fico de influencias y corrupci\u00f3n en los negocios, y que la Fiscal\u00eda espa\u00f1ola pidi\u00f3 archivar.<\/p>\n\n\n\n<p>Adem\u00e1s, otro juzgado abri\u00f3 diligencias de investigaci\u00f3n al hermano de S\u00e1nchez por la supuesta comisi\u00f3n de delitos de malversaci\u00f3n, prevaricaci\u00f3n y tr\u00e1fico de influencias, tambi\u00e9n tras una denuncia de Manos Limpias.<\/p>\n\n\n\n<p>En medio de una gran expectaci\u00f3n medi\u00e1tica, con un centenar de periodistas acreditados y decenas de personas, a favor y en contra, a las puertas de la sede del gobierno regional de Madrid, Milei se reuni\u00f3 con la presidenta de la Comunidad de Madrid.<\/p>\n\n\n\n<p>Milei mantiene su arremetida contra S\u00e1nchez<\/p>\n\n\n\n<p>Milei centr\u00f3 su intervenci\u00f3n en arremeter contra el socialismo y presumir de su \u00ablogros\u00bb econ\u00f3micos, pero sin dejar de lado sus cr\u00edticas al jefe del Ejecutivo espa\u00f1ol, con alusiones a las causas judiciales de su esposa y hermano.<\/p>\n\n\n\n<p>\u00abParece que una de las excepciones que tienen a la regla la tienen ustedes con el se\u00f1or S\u00e1nchez, que, evidentemente, a pesar de haber estudiado econom\u00eda o no entendi\u00f3 o, digamos, le gusta mucho el Estado para llevarse puestos a los espa\u00f1oles\u00bb, dijo.<\/p>\n\n\n\n<p>Y apostill\u00f3: \u00abPero tengo esperanza de que est\u00e9n despertando como est\u00e1n despertando en Argentina\u00bb.<\/p>\n\n\n\n<p>Como en otras ocasiones, Milei avis\u00f3 del \u00abda\u00f1o y la decadencia que causa el socialismo\u00bb recordando que \u00abArgentina a finales del siglo XIX era el pa\u00eds m\u00e1s rico del mundo\u00bb, frente al \u00absocialismo empobrecedor y populismo violento\u00bb que ha heredado, una \u00abcat\u00e1strofe que es la virtud del socialismo\u00bb.<\/p>\n\n\n\n<p>Por eso, aprovech\u00f3 para \u00abalertar sobre los riesgos de c\u00f3mo funciona ese modelo\u00bb porque \u00abno es necesario tener que llegar a una situaci\u00f3n tan extrema como a la que lleg\u00f3 Argentina\u00bb.<\/p>\n\n\n\n<p>En clave interna, Milei defendi\u00f3 el sistema de empresa y el liberalismo como las soluciones para su pa\u00eds en contra de la Justicia social y el endeudamiento, conceptos \u00abverdaderamente aberrantes\u00bb.<\/p>\n\n\n\n<p>\u00abVamos a terminar definitivamente con la inflaci\u00f3n en Argentina\u00bb, enfatiz\u00f3.<\/p>\n\n\n\n<p>EFE, REUTERS<\/p>\n","protected":false},"excerpt":{"rendered":"<p>El presidente de Argentina, Javier Milei, abri\u00f3 este viernes 21 de junio una nueva visita a Espa\u00f1a, luego de una en mayo que desat\u00f3 una crisis diplom\u00e1tica. No obstante, en su nuevo viaje al pa\u00eds europeo, Milei mantuvo su postura confrontativa con el socialismo, del que advirti\u00f3 de los \u00abriesgos\u00bb, la \u00abdecadencia\u00bb y \u00abcat\u00e1strofes\u00bb que [&hellip;]<\/p>\n","protected":false},"author":1,"featured_media":3046,"comment_status":"open","ping_status":"open","sticky":false,"template":"","format":"standard","meta":{"footnotes":""},"categories":[2],"tags":[],"class_list":["post-3045","post","type-post","status-publish","format-standard","has-post-thumbnail","hentry","category-actualidad"],"_links":{"self":[{"href":"http:\/\/www.elcapital.pe\/index.php?rest_route=\/wp\/v2\/posts\/3045","targetHints":{"allow":["GET"]}}],"collection":[{"href":"http:\/\/www.elcapital.pe\/index.php?rest_route=\/wp\/v2\/posts"}],"about":[{"href":"http:\/\/www.elcapital.pe\/index.php?rest_route=\/wp\/v2\/types\/post"}],"author":[{"embeddable":true,"href":"http:\/\/www.elcapital.pe\/index.php?rest_route=\/wp\/v2\/users\/1"}],"replies":[{"embeddable":true,"href":"http:\/\/www.elcapital.pe\/index.php?rest_route=%2Fwp%2Fv2%2Fcomments&post=3045"}],"version-history":[{"count":1,"href":"http:\/\/www.elcapital.pe\/index.php?rest_route=\/wp\/v2\/posts\/3045\/revisions"}],"predecessor-version":[{"id":3047,"href":"http:\/\/www.elcapital.pe\/index.php?rest_route=\/wp\/v2\/posts\/3045\/revisions\/3047"}],"wp:featuredmedia":[{"embeddable":true,"href":"http:\/\/www.elcapital.pe\/index.php?rest_route=\/wp\/v2\/media\/3046"}],"wp:attachment":[{"href":"http:\/\/www.elcapital.pe\/index.php?rest_route=%2Fwp%2Fv2%2Fmedia&parent=3045"}],"wp:term":[{"taxonomy":"category","embeddable":true,"href":"http:\/\/www.elcapital.pe\/index.php?rest_route=%2Fwp%2Fv2%2Fcategories&post=3045"},{"taxonomy":"post_tag","embeddable":true,"href":"http:\/\/www.elcapital.pe\/index.php?rest_route=%2Fwp%2Fv2%2Ftags&post=3045"}],"curies":[{"name":"wp","href":"https:\/\/api.w.org\/{rel}","templated":true}]}}