{"id":3039,"date":"2024-06-22T08:44:32","date_gmt":"2024-06-22T13:44:32","guid":{"rendered":"https:\/\/www.elcapital.pe\/?p=3039"},"modified":"2024-06-22T08:44:32","modified_gmt":"2024-06-22T13:44:32","slug":"ecuador-construye-una-carcel-de-maxima-seguridad-al-estilo-bukele","status":"publish","type":"post","link":"http:\/\/www.elcapital.pe\/?p=3039","title":{"rendered":"ECUADOR CONSTRUYE UNA CARCEL DE MAXIMA SEGURIDAD AL ESTILO BUKELE"},"content":{"rendered":"\n<p>En medio de una grave crisis de seguridad, el presidente de Ecuador, Daniel Noboa, encabez\u00f3 este viernes 21 de junio, una ceremonia que dio inicio a la construcci\u00f3n del Centro de Privaci\u00f3n de Libertad en Santa Elena. Se trata de una de las dos c\u00e1rceles de m\u00e1xima seguridad que el mandatario prometi\u00f3 durante la campa\u00f1a que lo llev\u00f3 a la Presidencia, con la lucha contra el crimen organizado en el centro de su programa de gobierno. La prisi\u00f3n destinada a los cabecillas de grupos delictivos representa un modelo similar al acu\u00f1ado por su hom\u00f3logo de El Salvador, Nayib Bukele.<\/p>\n\n\n\n<p>Aislar a los delincuentes m\u00e1s peligrosos. Es el principal objetivo esbozado por el presidente ecuatoriano, Daniel Noboa, para la construcci\u00f3n de la nueva c\u00e1rcel de m\u00e1xima seguridad.<\/p>\n\n\n\n<p>\u201cHoy marcamos uno de los hitos m\u00e1s importantes en nuestra lucha contra el terrorismo y las mafias que secuestraron el impulso de nuestro pa\u00eds durante d\u00e9cadas,\u201d afirm\u00f3 el mandatario en medio de la ceremonia para dar inicio a la edificaci\u00f3n de la prisi\u00f3n.<\/p>\n\n\n\n<p>La construcci\u00f3n de dos c\u00e1rceles de m\u00e1xima seguridad, similar al modelo utilizado en El Salvador por el presidente Nayib Bukele, es uno de los proyectos bandera de Noboa desde la pasada campa\u00f1a que lo llev\u00f3 a la Presidencia.<\/p>\n\n\n\n<p>Ser\u00e1 un s\u00edmbolo de justicia<\/p>\n\n\n\n<p>Ecuador, hasta hace pocos a\u00f1os conocido como uno de los pa\u00edses m\u00e1s tranquilos de la regi\u00f3n, se ha visto sacudido por olas de violencia, atribuidas por las autoridades al narcotr\u00e1fico y el crimen organizado.<\/p>\n\n\n\n<p>La violencia se tom\u00f3, incluso, la pasada contienda electoral en la que el candidato presidencial Fernando Villavicencio fue asesinado despu\u00e9s de recibir amenazas de grupos delictivos.<\/p>\n\n\n\n<p>El presidente Daniel Noboa particip\u00f3 en la ceremonia de inicio de la construcci\u00f3n de una c\u00e1rcel en Santa Elena. Noboa reiter\u00f3 su compromiso y mencion\u00f3 los ataques que ha enfrentado desde que asumi\u00f3 la presidencia, incluso las acusaciones de estar \u00abloco\u00bb por servir al pa\u00eds.<\/p>\n\n\n\n<p>Noboa subray\u00f3 que al nuevo centro de reclusi\u00f3n ser\u00e1n trasladados los cabecillas de las mafias del narcotr\u00e1fico y la corrupci\u00f3n.<\/p>\n\n\n\n<p>\u00abDamos identidad a este lugar como la c\u00e1rcel del encuentro. En ella se encontrar\u00e1n corruptos, asesinos y narcotraficantes. Este ser\u00e1 un s\u00edmbolo de justicia para los ecuatorianos (\u2026) La lucha en contra del terrorismo y el crimen contin\u00faa y no nos detenemos ante los intentos de desestabilizar y distraer los esfuerzos del Gobierno con banalidades\u00bb, destac\u00f3 el jefe de Estado.<\/p>\n\n\n\n<p>Pero de la violencia tampoco escapan las prisiones. Entre 2021 y 2023, m\u00e1s de 500 detenidos fueron asesinados en las c\u00e1rceles, muchos de ellos en una serie de masacres carcelarias por disputas entre bandas rivales que ten\u00edan bajo su control de esos lugares.<\/p>\n\n\n\n<p>Desde all\u00ed, los delincuentes contin\u00faan fraguando cr\u00edmenes, destacan las autoridades, que buscan medidas m\u00e1s duras contra los presuntos responsables de la ola de violencia.<\/p>\n\n\n\n<p>Lo que se sabe de la nueva c\u00e1rcel de m\u00e1xima seguridad en Ecuador<\/p>\n\n\n\n<p>La prisi\u00f3n, que est\u00e1 siendo construida en la provincia de Santa Elena, en el occidente del pa\u00eds, se extender\u00e1 sobre 16,2 hect\u00e1reas y contar\u00e1 con pabellones de m\u00e1xima seguridad, seg\u00fan recalc\u00f3 a la prensa local el general Luis Zaldumbide, director general del Servicio de Atenci\u00f3n a Personas Privadas de la Libertad.<\/p>\n\n\n\n<p>Aunque se trata de un tama\u00f1o mucho menor al salvadore\u00f1o Centro de Confinamiento del Terrorismo (Cecot), construido por Bukele para encerrar a pandilleros, apunta a ser un centro \u201cfundamental\u201d en la lucha contra el crimen organizado.<\/p>\n\n\n\n<p>Establecer\u00e1 nuevos est\u00e1ndares en la categorizaci\u00f3n de las personas privadas de libertad seg\u00fan su nivel de peligrosidad<\/p>\n\n\n\n<p>Se espera que la c\u00e1rcel sea construida en 300 d\u00edas, un tiempo r\u00e9cord para su magnitud y caracter\u00edsticas. El lugar contar\u00eda con la capacidad de detener alrededor de 800 presuntos cabecillas de grupos criminales.<\/p>\n\n\n\n<p>Con una inversi\u00f3n de 52 millones de d\u00f3lares, el sitio est\u00e1 dise\u00f1ado para garantizar que las medidas judiciales se cumplan rigurosamente\u00bb, asever\u00f3 Zaldumbide.<\/p>\n\n\n\n<p>\u00abGracias a su despliegue tecnol\u00f3gico de vanguardia, que incluye sistemas de videovigilancia enlazados a software de inteligencia artificial, este centro no solo ser\u00e1 el primero en su tipo en el pa\u00eds, sino que tambi\u00e9n establecer\u00e1 nuevos est\u00e1ndares en la categorizaci\u00f3n de las personas privadas de libertad seg\u00fan su nivel de peligrosidad\u00bb, agreg\u00f3 el director general del Servicio de Atenci\u00f3n a Personas Privadas de la Libertad.<\/p>\n\n\n\n<p>Noboa se\u00f1al\u00f3 que antes de su llegada al poder el \u00abcontrol de las mafias convirti\u00f3 las c\u00e1rceles en verdaderas bombas de tiempo en \u00e1reas urbanas, amenazando a la poblaci\u00f3n\u201d, por lo que son necesarias medidas m\u00e1s fuertes, enfatiz\u00f3, en un intento por devolver la tranquilidad al territorio ecuatoriano.<\/p>\n\n\n\n<p>Pero los desaf\u00edos son enormes y traspasan los muros de los centros de reclusi\u00f3n.<\/p>\n\n\n\n<p>EFE<\/p>\n","protected":false},"excerpt":{"rendered":"<p>En medio de una grave crisis de seguridad, el presidente de Ecuador, Daniel Noboa, encabez\u00f3 este viernes 21 de junio, una ceremonia que dio inicio a la construcci\u00f3n del Centro de Privaci\u00f3n de Libertad en Santa Elena. Se trata de una de las dos c\u00e1rceles de m\u00e1xima seguridad que el mandatario prometi\u00f3 durante la campa\u00f1a [&hellip;]<\/p>\n","protected":false},"author":1,"featured_media":3040,"comment_status":"open","ping_status":"open","sticky":false,"template":"","format":"standard","meta":{"footnotes":""},"categories":[2],"tags":[],"class_list":["post-3039","post","type-post","status-publish","format-standard","has-post-thumbnail","hentry","category-actualidad"],"_links":{"self":[{"href":"http:\/\/www.elcapital.pe\/index.php?rest_route=\/wp\/v2\/posts\/3039","targetHints":{"allow":["GET"]}}],"collection":[{"href":"http:\/\/www.elcapital.pe\/index.php?rest_route=\/wp\/v2\/posts"}],"about":[{"href":"http:\/\/www.elcapital.pe\/index.php?rest_route=\/wp\/v2\/types\/post"}],"author":[{"embeddable":true,"href":"http:\/\/www.elcapital.pe\/index.php?rest_route=\/wp\/v2\/users\/1"}],"replies":[{"embeddable":true,"href":"http:\/\/www.elcapital.pe\/index.php?rest_route=%2Fwp%2Fv2%2Fcomments&post=3039"}],"version-history":[{"count":1,"href":"http:\/\/www.elcapital.pe\/index.php?rest_route=\/wp\/v2\/posts\/3039\/revisions"}],"predecessor-version":[{"id":3041,"href":"http:\/\/www.elcapital.pe\/index.php?rest_route=\/wp\/v2\/posts\/3039\/revisions\/3041"}],"wp:featuredmedia":[{"embeddable":true,"href":"http:\/\/www.elcapital.pe\/index.php?rest_route=\/wp\/v2\/media\/3040"}],"wp:attachment":[{"href":"http:\/\/www.elcapital.pe\/index.php?rest_route=%2Fwp%2Fv2%2Fmedia&parent=3039"}],"wp:term":[{"taxonomy":"category","embeddable":true,"href":"http:\/\/www.elcapital.pe\/index.php?rest_route=%2Fwp%2Fv2%2Fcategories&post=3039"},{"taxonomy":"post_tag","embeddable":true,"href":"http:\/\/www.elcapital.pe\/index.php?rest_route=%2Fwp%2Fv2%2Ftags&post=3039"}],"curies":[{"name":"wp","href":"https:\/\/api.w.org\/{rel}","templated":true}]}}