{"id":3034,"date":"2024-06-22T07:50:06","date_gmt":"2024-06-22T12:50:06","guid":{"rendered":"https:\/\/www.elcapital.pe\/?p=3034"},"modified":"2024-06-22T07:50:06","modified_gmt":"2024-06-22T12:50:06","slug":"expodeco-2024-ofrecera-todo-lo-necesario-para-la-decoracion-y-el-diseno","status":"publish","type":"post","link":"http:\/\/www.elcapital.pe\/?p=3034","title":{"rendered":"EXPODECO 2024 OFRECERA TODO LO NECESARIO PARA LA DECORACION Y EL DISE\u00d1O"},"content":{"rendered":"\n<p>Se realizar\u00e1 del 4 al 8 de setiembre en Centro de Convenciones Corporaci\u00f3n E. Wong<\/p>\n\n\n\n<p>La feria internacional m\u00e1s importante de dise\u00f1o de interiores y arquitectura EXPODECO 2024 ofrecer\u00e1 todo lo necesario para la decoraci\u00f3n y dise\u00f1o que necesitan arquitectos y dise\u00f1adores de interiores.<\/p>\n\n\n\n<p>Tras m\u00e1s de 10 a\u00f1os de exitosas ediciones, EXPODECO, feria de dise\u00f1o de interiores y arquitectura con mayor reconocimiento a nivel internacional, anuncia el tema principal de su evento para este 2024.<\/p>\n\n\n\n<p>\u201cVive la experiencia, celebra la creatividad\u201d es el slogan con el que la organizaci\u00f3n ha revelado cu\u00e1l ser\u00e1 el foco de inspiraci\u00f3n para el despliegue de arte y talento que se podr\u00e1n evidenciar en los cinco d\u00edas de feria, desde el 04 hasta el 08 de setiembre en el Centro de Convenciones Corporaci\u00f3n E. Wong.<\/p>\n\n\n\n<p>EXPODECO 2024 ser\u00e1 la oportunidad perfecta para sumergirse en un mundo lleno de imaginaci\u00f3n, inspiraci\u00f3n e innovaci\u00f3n.<\/p>\n\n\n\n<p>Este evento es el epicentro en donde se podr\u00e1n encontrar las principales empresas relacionadas al rubro del dise\u00f1o, acabados y decoraci\u00f3n; adem\u00e1s de arquitectos, dise\u00f1adores de interiores, decoradores y amantes del arte de nuestro pa\u00eds.<\/p>\n\n\n\n<p>La und\u00e9cima edici\u00f3n del Sal\u00f3n Internacional del Dise\u00f1o y la Arquitectura presentar\u00e1 catorce espacios tem\u00e1ticos de la mano de reconocidos profesionales del rubro. La feria ha revelado que los salones participantes son: \u201cSinfon\u00eda Crom\u00e1tica\u201d por Pol Grand, \u201cPetit Village\u201d por Cinthya Arana, \u201cNeo Kitchen\u201d por Rom\u00e1n Fern\u00e1ndez, Bruno Ferreccio, Lusiana Guevara y Gabriela Pe\u00f1afiel, \u201cKintsugi\u201d por Giorgio Altuna y Linda Rodr\u00edguez Santa Cruz, \u201cSerena\u201d por Karen Lazarte Z\u00e1rate y Eduardo Cabezas Plasencia y \u201cCaleidoscopio\u201d por Carlos \u00c1ngeles.<\/p>\n\n\n\n<p>Asimismo, la Asociaci\u00f3n de Dise\u00f1adores de Interiores del Per\u00fa se hace presente colaborando en diferentes espacios como el sal\u00f3n \u201cLiving 102\u201d por Katty Rond\u00f3n y Sal\u00f3n \u201cGame Over\u201d por Takashi Higa y Alfredo Suito. Este a\u00f1o se incorporar\u00e1n dos \u00e1reas de capacitaci\u00f3n: Sal\u00f3n \u201cAura\u201d y Sal\u00f3n \u201cAlba\u201d, dise\u00f1ados por Anabel Huarsaya y Tammy Daza, ambientes en los que se ofrecer\u00e1n charlas gratuitas y conferencias impartidas profesionales nacionales e internacionales.<\/p>\n\n\n\n<p>De la mano de Toulouse Lautrec, EXPODECO 2024 contar\u00e1 con seis distintos salones que formar\u00e1n parte de dos programas: \u201cNuevos talentos\u201d y \u201cMentores creativos\u201d. El primero se centra en promover a los egresados de la carrera de dise\u00f1o interior y arquitectura para que puedan dar a conocer toda su destreza y creatividad. En el segundo programa, se dar\u00e1 a conocer el talento de diferentes docentes que presenta la instituci\u00f3n.<\/p>\n\n\n\n<p>Como en cada edici\u00f3n, EXPODECO se desarrolla de la mano de importantes organizaciones del rubro como La Asociaci\u00f3n de Estudios de Arquitectura (AEA) y La Asociaci\u00f3n de Dise\u00f1adores de Interiores del Per\u00fa (DID Per\u00fa) y de marcas aliadas como los sponsors gold Celima-Trebol, Toulouse Lautrec, Cer\u00e1mica San Lorenzo, Smart Display y La Universidad de Ciencias y Artes de Am\u00e9rica<\/p>\n\n\n\n<p>Latina (UCAL), as\u00ed como los sponsors silver Pel\u00edkano, Vainsa, C\u00e1lidda, Sika, Confort PVC y ALLCenter.<\/p>\n","protected":false},"excerpt":{"rendered":"<p>Se realizar\u00e1 del 4 al 8 de setiembre en Centro de Convenciones Corporaci\u00f3n E. Wong La feria internacional m\u00e1s importante de dise\u00f1o de interiores y arquitectura EXPODECO 2024 ofrecer\u00e1 todo lo necesario para la decoraci\u00f3n y dise\u00f1o que necesitan arquitectos y dise\u00f1adores de interiores. Tras m\u00e1s de 10 a\u00f1os de exitosas ediciones, EXPODECO, feria de [&hellip;]<\/p>\n","protected":false},"author":1,"featured_media":3035,"comment_status":"open","ping_status":"open","sticky":false,"template":"","format":"standard","meta":{"footnotes":""},"categories":[7],"tags":[],"class_list":["post-3034","post","type-post","status-publish","format-standard","has-post-thumbnail","hentry","category-ferias"],"_links":{"self":[{"href":"http:\/\/www.elcapital.pe\/index.php?rest_route=\/wp\/v2\/posts\/3034","targetHints":{"allow":["GET"]}}],"collection":[{"href":"http:\/\/www.elcapital.pe\/index.php?rest_route=\/wp\/v2\/posts"}],"about":[{"href":"http:\/\/www.elcapital.pe\/index.php?rest_route=\/wp\/v2\/types\/post"}],"author":[{"embeddable":true,"href":"http:\/\/www.elcapital.pe\/index.php?rest_route=\/wp\/v2\/users\/1"}],"replies":[{"embeddable":true,"href":"http:\/\/www.elcapital.pe\/index.php?rest_route=%2Fwp%2Fv2%2Fcomments&post=3034"}],"version-history":[{"count":1,"href":"http:\/\/www.elcapital.pe\/index.php?rest_route=\/wp\/v2\/posts\/3034\/revisions"}],"predecessor-version":[{"id":3036,"href":"http:\/\/www.elcapital.pe\/index.php?rest_route=\/wp\/v2\/posts\/3034\/revisions\/3036"}],"wp:featuredmedia":[{"embeddable":true,"href":"http:\/\/www.elcapital.pe\/index.php?rest_route=\/wp\/v2\/media\/3035"}],"wp:attachment":[{"href":"http:\/\/www.elcapital.pe\/index.php?rest_route=%2Fwp%2Fv2%2Fmedia&parent=3034"}],"wp:term":[{"taxonomy":"category","embeddable":true,"href":"http:\/\/www.elcapital.pe\/index.php?rest_route=%2Fwp%2Fv2%2Fcategories&post=3034"},{"taxonomy":"post_tag","embeddable":true,"href":"http:\/\/www.elcapital.pe\/index.php?rest_route=%2Fwp%2Fv2%2Ftags&post=3034"}],"curies":[{"name":"wp","href":"https:\/\/api.w.org\/{rel}","templated":true}]}}