{"id":3001,"date":"2024-06-19T08:36:36","date_gmt":"2024-06-19T13:36:36","guid":{"rendered":"https:\/\/www.elcapital.pe\/?p=3001"},"modified":"2024-06-19T08:36:36","modified_gmt":"2024-06-19T13:36:36","slug":"bolivia-sube-tension-por-economia-y-arce-intenta-desactivar-conflictos","status":"publish","type":"post","link":"http:\/\/www.elcapital.pe\/?p=3001","title":{"rendered":"BOLIVIA: SUBE TENSION POR ECONOMIA Y ARCE INTENTA DESACTIVAR CONFLICTOS"},"content":{"rendered":"\n<p>La presi\u00f3n social va camino a aumentar en Bolivia con la acumulaci\u00f3n de protestas convocadas para este lunes 17 de junio dados los problemas econ\u00f3micos del pa\u00eds. Un clima conflictivo que el presidente Luis Arce busca desactivar negociando directamente con algunos dirigentes sectoriales, para escuchar sus reclamos; aunque otros siguen llamando a aumentar las protestas.<\/p>\n\n\n\n<p>La escasez de d\u00f3lares, la incertidumbre en la provisi\u00f3n de los combustibles y la inflaci\u00f3n de alimentos y medicamentos est\u00e1n desesperando a muchos bolivianos y ha motivado la convocatoria de comerciantes a multitudinarias manifestaciones en La Paz y otras ciudades de Bolivia, mientras que los camioneros han llamado a bloquear carreteras y fronteras desde el lunes.<\/p>\n\n\n\n<p>Arce se reuni\u00f3 por varias horas, el s\u00e1bado 15 de junio, con dirigentes del transporte cooperativizado y dijo en su cuenta de X que alcanzaron los acuerdos \u201cen beneficio del sector\u201d, a la vez que coincidieron en que no se deben adoptar medidas de presi\u00f3n que afecten la econom\u00eda.<\/p>\n\n\n\n<p>Hoy en Casa Grande del Pueblo sostuvimos un fruct\u00edfero di\u00e1logo con las y los hermanos del sector del transporte cooperativizado. Escuchamos sus preocupaciones y avanzamos en importantes acuerdos en beneficio del sector. Sobre todo, coincidimos en que siempre debemos pensar en el pueblo.<\/p>\n\n\n\n<p>El dirigente del sector Ronald Garc\u00eda revel\u00f3 que hay un acuerdo para que su sector de transportistas acceda directamente a d\u00f3lares de las reservas del Banco Central para realizar sus operaciones internacionales y cont\u00f3 que Arce dijo que el presidente de Rusia, Vladimir Putin, ayudar\u00e1 a Bolivia a garantizar la provisi\u00f3n de combustibles.<\/p>\n\n\n\n<p>El gobernante se reunir\u00e1, este domingo 16 de junio, con otros sectores de los camioneros, que mantienen su llamado a bloquear carreteras y fronteras.<\/p>\n\n\n\n<p>Mientras que el lunes arribar\u00e1 a La Paz una marcha de comerciantes quienes reclaman soluciones de fondo al tema los d\u00f3lares, ya que el sector necesita esa moneda para sus importaciones.&nbsp;<\/p>\n\n\n\n<p>Ese mismo d\u00eda, adem\u00e1s, los hospitales del Estado comenzar\u00e1n una huelga de 4 d\u00edas por el rechazo de los m\u00e9dicos a una reforma al sistema de jubilaciones, que plantea retiros obligatorios a los 65 a\u00f1os.<\/p>\n\n\n\n<p>\u201cLa b\u00fasqueda de d\u00f3lares es un suplicio\u201d<\/p>\n\n\n\n<p>En las calles de La Paz se siente la intranquilidad y la preocupaci\u00f3n por el agravamiento de los problemas econ\u00f3micos y por el clima conflictivo, como han declarado algunas personas consultadas por France 24.<\/p>\n\n\n\n<p>Tras intentar sin \u00e9xito comprar d\u00f3lares en una casa de cambio de La Paz, el arquitecto Luis Herrera dijo:<\/p>\n\n\n\n<p>La b\u00fasqueda es un suplicio porque hay que peregrinar de banco en banco hasta por 20 d\u00f3lares<\/p>\n\n\n\n<p>Herrera necesita comprar medicamentos importados, que tambi\u00e9n escasean, y se ha planteado ir a pa\u00edses vecinos a buscarlos, pero para ello tambi\u00e9n necesita la moneda estadounidense, porque el peso boliviano se ha depreciado en las fronteras. \u201cEs un c\u00edrculo vicioso interminable\u201d, dijo.<\/p>\n\n\n\n<p>\u00c9l cree que habr\u00e1 \u201cuna devaluaci\u00f3n fuerte y al d\u00eda siguiente aparecer\u00e1n los d\u00f3lares que est\u00e1n bajo los colchones\u201d y agreg\u00f3 que respaldar\u00eda una posible \u201celiminaci\u00f3n del subsidio a la gasolina para que la econom\u00eda se sincere, porque hay que hacer un esfuerzo para salir adelante\u201d.<\/p>\n\n\n\n<p>Tras volver de Rusia, donde fue a explicar su modelo econ\u00f3mico en el Foro Econ\u00f3mico de San Petersburgo, el presidente Arce dijo que la falta de d\u00f3lares se deb\u00eda a \u00abun ataque especulativo, que est\u00e1 exacerbando el mercado cambiario\u201d y prometi\u00f3 tomar \u201ctodas las medidas que sean necesarias para garantizar no solamente la normalidad del d\u00f3lar, sino en todos los mercados\u201d.<\/p>\n\n\n\n<p>Adem\u00e1s, decidi\u00f3 que los militares controlen las gasolineras y se comprometi\u00f3 a mantener las importaciones de gasolina y di\u00e9sel, que est\u00e1n subvencionadas para el mercado local, en el que los combustibles cuestan alrededor de 0,50 centavos de d\u00f3lar por cada litro, menos de la mitad del precio internacional.<\/p>\n\n\n\n<p>Las importaciones suponen un 56 % y un 85 % del consumo nacional de gasolina y di\u00e9sel, respectivamente -de acuerdo con la informaci\u00f3n del Gobierno- y el Estado necesita gastar m\u00e1s de 3.000 millones de d\u00f3lares anuales para esas importaciones. Sin embargo, en contraste, el Banco Central tiene reservas por 1.700 millones de d\u00f3lares.<\/p>\n\n\n\n<p>El conductor de autob\u00fas Francisco Ojeda, que trabaja en el transporte de pasajeros, logr\u00f3 cargar gasolina sin mucha fila en La Paz, aunque dos d\u00edas antes, seg\u00fan dijo, tuvo que formarse durante toda la noche en la ciudad de Santa Cruz perjudicando su cronograma de viajes y sus ingresos.<\/p>\n\n\n\n<p>\u201cLos precios se han duplicado\u201d<\/p>\n\n\n\n<p>En los mercados populares, muchos precios de los alimentos se han disparado, en particular los productos que llegan desde el vecino Per\u00fa.&nbsp;<\/p>\n\n\n\n<p>Martha Chino, trabajadora en un hospital, dijo:<\/p>\n\n\n\n<p>Todo est\u00e1 fregado, los precios se han duplicado. Los tomates, las cebollas, el arroz, todo ha subido y no volver\u00e1n a bajar de precio. Muchas cosas han desaparecido<\/p>\n\n\n\n<p>Chino visit\u00f3 una tienda de Emapa, una empresa del Estado que vende alimentos de peque\u00f1os productores a \u201cprecios justos\u201d, m\u00e1s baratos que los de los mercados populares, aunque no siempre abastece la demanda ante las largas filas que se forman.<\/p>\n\n\n\n<p>En las ciudades vecinas La Paz y El Alto, que en conjunto tienen alrededor de dos millones de habitantes, funcionan apenas nueve de esas tiendas del Estado.<\/p>\n\n\n\n<p>Chino tambi\u00e9n critic\u00f3 la gesti\u00f3n del presidente Luis Arce porque, siendo economista, a su juicio, \u201cno est\u00e1 haciendo un buen manejo del pa\u00eds\u201d.<\/p>\n\n\n\n<p>Seg\u00fan una encuesta realizada por la Gallup en mayo sobre la aprobaci\u00f3n de la gesti\u00f3n presidencial, y que fue difundida en la plataforma X el 10 de junio, el mandatario boliviano tiene una aprobaci\u00f3n de 18 %.&nbsp;<\/p>\n\n\n\n<p>El presidente y sus ministros niegan que el pa\u00eds viva una crisis y han culpado a las fuerzas contrarias de tratar de crear un caos econ\u00f3mico con sus cuestionamientos, pero el expresidente Evo Morales, los opositores y los analistas econ\u00f3micos sostienen que el pa\u00eds s\u00ed est\u00e1 vivi\u00e9ndola.<\/p>\n\n\n\n<p>Desde el Gobierno, el ministro de Econom\u00eda, Marcelo Montenegro, fue m\u00e1s all\u00e1 estos d\u00edas al afirmar que se est\u00e1 gestando un \u201cgolpe blando a la econom\u00eda\u201d a instancias de EE. UU. y en alianza con fuerzas contrarias en la Asamblea Legislativa porque los parlamentarios rechazan aprobar cr\u00e9ditos por 900 millones de d\u00f3lares.<\/p>\n\n\n\n<p>\u201cCon toda claridad, todo esto es un plan que viene desde la Embajada de Estados Unidos, hay que se\u00f1alarlo con toda claridad, y hay otras embajadas que est\u00e1n de alguna manera involucradas en un plan de golpe blando a la econom\u00eda\u201d, declar\u00f3.<\/p>\n\n\n\n<p>La declaraci\u00f3n de Montenegro mereci\u00f3 que la embajada norteamericana desmintiera la informaci\u00f3n y lamentara en su cuenta en X \u201cque una autoridad de gobierno acuse a una misi\u00f3n diplom\u00e1tica sin ning\u00fan fundamento\u201d, al tiempo que esa legaci\u00f3n ratific\u00f3 su \u201ccompromiso con la democracia y el respeto a la soberan\u00eda de Bolivia\u201d.<\/p>\n","protected":false},"excerpt":{"rendered":"<p>La presi\u00f3n social va camino a aumentar en Bolivia con la acumulaci\u00f3n de protestas convocadas para este lunes 17 de junio dados los problemas econ\u00f3micos del pa\u00eds. Un clima conflictivo que el presidente Luis Arce busca desactivar negociando directamente con algunos dirigentes sectoriales, para escuchar sus reclamos; aunque otros siguen llamando a aumentar las protestas. [&hellip;]<\/p>\n","protected":false},"author":1,"featured_media":3002,"comment_status":"open","ping_status":"open","sticky":false,"template":"","format":"standard","meta":{"footnotes":""},"categories":[2],"tags":[],"class_list":["post-3001","post","type-post","status-publish","format-standard","has-post-thumbnail","hentry","category-actualidad"],"_links":{"self":[{"href":"http:\/\/www.elcapital.pe\/index.php?rest_route=\/wp\/v2\/posts\/3001","targetHints":{"allow":["GET"]}}],"collection":[{"href":"http:\/\/www.elcapital.pe\/index.php?rest_route=\/wp\/v2\/posts"}],"about":[{"href":"http:\/\/www.elcapital.pe\/index.php?rest_route=\/wp\/v2\/types\/post"}],"author":[{"embeddable":true,"href":"http:\/\/www.elcapital.pe\/index.php?rest_route=\/wp\/v2\/users\/1"}],"replies":[{"embeddable":true,"href":"http:\/\/www.elcapital.pe\/index.php?rest_route=%2Fwp%2Fv2%2Fcomments&post=3001"}],"version-history":[{"count":1,"href":"http:\/\/www.elcapital.pe\/index.php?rest_route=\/wp\/v2\/posts\/3001\/revisions"}],"predecessor-version":[{"id":3003,"href":"http:\/\/www.elcapital.pe\/index.php?rest_route=\/wp\/v2\/posts\/3001\/revisions\/3003"}],"wp:featuredmedia":[{"embeddable":true,"href":"http:\/\/www.elcapital.pe\/index.php?rest_route=\/wp\/v2\/media\/3002"}],"wp:attachment":[{"href":"http:\/\/www.elcapital.pe\/index.php?rest_route=%2Fwp%2Fv2%2Fmedia&parent=3001"}],"wp:term":[{"taxonomy":"category","embeddable":true,"href":"http:\/\/www.elcapital.pe\/index.php?rest_route=%2Fwp%2Fv2%2Fcategories&post=3001"},{"taxonomy":"post_tag","embeddable":true,"href":"http:\/\/www.elcapital.pe\/index.php?rest_route=%2Fwp%2Fv2%2Ftags&post=3001"}],"curies":[{"name":"wp","href":"https:\/\/api.w.org\/{rel}","templated":true}]}}