{"id":2998,"date":"2024-06-19T08:26:03","date_gmt":"2024-06-19T13:26:03","guid":{"rendered":"https:\/\/www.elcapital.pe\/?p=2998"},"modified":"2024-06-19T08:26:03","modified_gmt":"2024-06-19T13:26:03","slug":"ministra-de-seguridad-argentina-visita-el-salvador-para-conocer-el-metodo-bukele","status":"publish","type":"post","link":"http:\/\/www.elcapital.pe\/?p=2998","title":{"rendered":"MINISTRA DE SEGURIDAD ARGENTINA VISITA EL SALVADOR PARA CONOCER EL \u201cMETODO BUKELE\u201d"},"content":{"rendered":"\n<p>San Salvador, El Salvador \u2013 La ministra de Seguridad de Argentina, Patricia Bullrich, inici\u00f3 el domingo 16 de junio una visita de cuatro d\u00edas a El Salvador para conocer el \u00abm\u00e9todo\u00bb aplicado por el presidente Nayib Bukele para enfrentar a las pandillas.<\/p>\n\n\n\n<p>\u00abJuntos contra los criminales que asesinan masivamente y se cre\u00edan due\u00f1os de nuestros pa\u00edses y sociedades\u00bb, se\u00f1al\u00f3 Bullrich en la red social X tras visitar el Centro de Confinamiento del Terrorismo (Cecot), la megac\u00e1rcel s\u00edmbolo de la lucha contra las pandillas en El Salvador.<\/p>\n\n\n\n<p>Bullrich recorri\u00f3 la megac\u00e1rcel inaugurada en 2022 con capacidad para 40.000 reclusos junto al ministro de Justicia y Seguridad P\u00fablica de El Salvador, Gustavo Villatoro, quien le dio la \u00abbienvenida\u00bb a la funcionaria \u00abal pa\u00eds m\u00e1s seguro de Am\u00e9rica Latina\u00bb.<\/p>\n\n\n\n<p>\u00abEs un verdadero placer recibirla en El Salvador, estoy seguro de que esta visita desde Argentina ser\u00e1 enriquecedora, usted y su equipo van a poder conocer de primera mano el &#8216;Modelo Bukele'\u00bb, indic\u00f3 el ministro en X.<\/p>\n\n\n\n<p>De un pa\u00eds tomado por la violencia, el narcotr\u00e1fico y por las maras que asesinaron 150 mil salvadore\u00f1os, a uno de los pa\u00edses m\u00e1s seguros del mundo, donde las familias recuperaron su vida y viven en paz.<\/p>\n\n\n\n<p>El Gobierno argentino se\u00f1al\u00f3 que Bullrich est\u00e1 \u00abinteresada en toda la estructura que permiti\u00f3 bajar dr\u00e1sticamente el delito en El Salvador\u00bb que \u00abhasta hace no mucho tiempo fue un pa\u00eds dominado por la violencia de las maras\u00bb.<\/p>\n\n\n\n<p>Durante su estancia en la naci\u00f3n centroamericana, la ministra del presidente Javier Milei se reunir\u00e1 con Bukele y con otros altos funcionarios de seguridad, defensa e inteligencia.<\/p>\n\n\n\n<p>La guerra de Bukele: alta favorabilidad y sospecha de las ONG<\/p>\n\n\n\n<p>Bukele, en el poder desde 2019, libra una \u00abguerra\u00bb contra las pandillas bajo un r\u00e9gimen de excepci\u00f3n vigente desde 2022 que permite detenciones sin orden judicial.<\/p>\n\n\n\n<p>Seg\u00fan cifras oficiales, hasta febrero de este a\u00f1o, en la megaprisi\u00f3n estaban encarcelados 12.500 pandilleros de la Mara Salvatrucha (MS-13) y Barrio 18 detenidos bajo ese r\u00e9gimen cuestionado por organismos de Derechos Humanos por la detenci\u00f3n de \u00abinocentes que sufren\u00bb en la c\u00e1rcel.<\/p>\n","protected":false},"excerpt":{"rendered":"<p>San Salvador, El Salvador \u2013 La ministra de Seguridad de Argentina, Patricia Bullrich, inici\u00f3 el domingo 16 de junio una visita de cuatro d\u00edas a El Salvador para conocer el \u00abm\u00e9todo\u00bb aplicado por el presidente Nayib Bukele para enfrentar a las pandillas. \u00abJuntos contra los criminales que asesinan masivamente y se cre\u00edan due\u00f1os de nuestros [&hellip;]<\/p>\n","protected":false},"author":1,"featured_media":2999,"comment_status":"open","ping_status":"open","sticky":false,"template":"","format":"standard","meta":{"footnotes":""},"categories":[2],"tags":[],"class_list":["post-2998","post","type-post","status-publish","format-standard","has-post-thumbnail","hentry","category-actualidad"],"_links":{"self":[{"href":"http:\/\/www.elcapital.pe\/index.php?rest_route=\/wp\/v2\/posts\/2998","targetHints":{"allow":["GET"]}}],"collection":[{"href":"http:\/\/www.elcapital.pe\/index.php?rest_route=\/wp\/v2\/posts"}],"about":[{"href":"http:\/\/www.elcapital.pe\/index.php?rest_route=\/wp\/v2\/types\/post"}],"author":[{"embeddable":true,"href":"http:\/\/www.elcapital.pe\/index.php?rest_route=\/wp\/v2\/users\/1"}],"replies":[{"embeddable":true,"href":"http:\/\/www.elcapital.pe\/index.php?rest_route=%2Fwp%2Fv2%2Fcomments&post=2998"}],"version-history":[{"count":1,"href":"http:\/\/www.elcapital.pe\/index.php?rest_route=\/wp\/v2\/posts\/2998\/revisions"}],"predecessor-version":[{"id":3000,"href":"http:\/\/www.elcapital.pe\/index.php?rest_route=\/wp\/v2\/posts\/2998\/revisions\/3000"}],"wp:featuredmedia":[{"embeddable":true,"href":"http:\/\/www.elcapital.pe\/index.php?rest_route=\/wp\/v2\/media\/2999"}],"wp:attachment":[{"href":"http:\/\/www.elcapital.pe\/index.php?rest_route=%2Fwp%2Fv2%2Fmedia&parent=2998"}],"wp:term":[{"taxonomy":"category","embeddable":true,"href":"http:\/\/www.elcapital.pe\/index.php?rest_route=%2Fwp%2Fv2%2Fcategories&post=2998"},{"taxonomy":"post_tag","embeddable":true,"href":"http:\/\/www.elcapital.pe\/index.php?rest_route=%2Fwp%2Fv2%2Ftags&post=2998"}],"curies":[{"name":"wp","href":"https:\/\/api.w.org\/{rel}","templated":true}]}}