{"id":2974,"date":"2024-06-18T07:18:56","date_gmt":"2024-06-18T12:18:56","guid":{"rendered":"https:\/\/www.elcapital.pe\/?p=2974"},"modified":"2024-06-18T07:18:56","modified_gmt":"2024-06-18T12:18:56","slug":"poder-ejecutivo-solicitara-programar-segunda-votacion-de-facultades-legislativas","status":"publish","type":"post","link":"http:\/\/www.elcapital.pe\/?p=2974","title":{"rendered":"PODER EJECUTIVO SOLICITARA PROGRAMAR SEGUNDA VOTACION DE FACULTADES LEGISLATIVAS"},"content":{"rendered":"\n<p>Gustavo Adrianz\u00e9n se comunicar\u00e1 ma\u00f1ana con Alejandro Soto para convocar a sesi\u00f3n del pleno extraordinaria<\/p>\n\n\n\n<p>El presidente del Consejo de Ministros, Gustavo Adrianz\u00e9n, solicitar\u00e1 al presidente del Congreso de la Rep\u00fablica, Alejandro Soto, la convocatoria a una sesi\u00f3n extraordinaria del pleno a fin que se realice la segunda votaci\u00f3n del dictamen que otorga facultades legislativas al Poder Ejecutivo.<\/p>\n\n\n\n<p>En entrevista con RPP, el ministro de Econom\u00eda y Finanzas, Jos\u00e9 Arista, inform\u00f3 que el jefe del gabinete ministerial se comunicar\u00e1 ma\u00f1ana con Soto Reyes para programar una sesi\u00f3n especial, teniendo en cuenta que el \u00faltimo s\u00e1bado concluy\u00f3 la segunda legislatura del periodo anual de sesiones 2023-2024.<\/p>\n\n\n\n<p>\u00abTengo informaci\u00f3n que (el jefe del Gabinete Ministerial), ma\u00f1ana, se est\u00e1 comunicando con el se\u00f1or presidente del Congreso a fin de programar una sesi\u00f3n especial\u00bb, precis\u00f3.<\/p>\n\n\n\n<p>Indic\u00f3 que la sesi\u00f3n plenaria se realizar\u00eda en el marco de las facultades que le otorga la Constituci\u00f3n Pol\u00edtica a la presidenta de la rep\u00fablica, Dina Boluarte, de convocar al Congreso a legislatura extraordinaria.<\/p>\n\n\n\n<p>\u00abLa Constituci\u00f3n ofrece un camino corto y este camino corto es la potestad que tiene la presidenta de la rep\u00fablica, Dina Boluarte, de convocar ella al Congreso a una sesi\u00f3n extraordinaria con un \u00fanico punto en la agenda, que ser\u00eda la segunda votaci\u00f3n de estas facultades delegadas al Ejecutivo para legislar\u00bb, indic\u00f3 Arista.&nbsp;<\/p>\n\n\n\n<p>El \u00faltimo s\u00e1bado 15 de junio, el pleno del Congreso de la Rep\u00fablica aprob\u00f3 delegar facultades legislativas para el Poder Ejecutivo en los \u00e1mbitos de la reactivaci\u00f3n econ\u00f3mica, la seguridad ciudadana y otros temas.<\/p>\n\n\n\n<p>La representaci\u00f3n nacional vot\u00f3 por separado cada uno de los puntos sobre los cuales se solicitaron la delegaci\u00f3n de facultades.<\/p>\n\n\n\n<p>La congresista Martha Moyano (Fuerza Popular), presidenta de la Comisi\u00f3n de Constituci\u00f3n,&nbsp; pidi\u00f3<\/p>\n\n\n\n<p>exonerar del tr\u00e1mite de segunda votaci\u00f3n al dictamen, pero votaron a favor 74 congresistas, con lo cual no se alcanz\u00f3 los tres quintos de votos establecidos para oficializar la exoneraci\u00f3n.<\/p>\n\n\n\n<p>En tal sentido, el documento qued\u00f3 pendiente de una segunda votaci\u00f3n pasados siete d\u00edas.<\/p>\n","protected":false},"excerpt":{"rendered":"<p>Gustavo Adrianz\u00e9n se comunicar\u00e1 ma\u00f1ana con Alejandro Soto para convocar a sesi\u00f3n del pleno extraordinaria El presidente del Consejo de Ministros, Gustavo Adrianz\u00e9n, solicitar\u00e1 al presidente del Congreso de la Rep\u00fablica, Alejandro Soto, la convocatoria a una sesi\u00f3n extraordinaria del pleno a fin que se realice la segunda votaci\u00f3n del dictamen que otorga facultades legislativas [&hellip;]<\/p>\n","protected":false},"author":1,"featured_media":2975,"comment_status":"open","ping_status":"open","sticky":false,"template":"","format":"standard","meta":{"footnotes":""},"categories":[2],"tags":[],"class_list":["post-2974","post","type-post","status-publish","format-standard","has-post-thumbnail","hentry","category-actualidad"],"_links":{"self":[{"href":"http:\/\/www.elcapital.pe\/index.php?rest_route=\/wp\/v2\/posts\/2974","targetHints":{"allow":["GET"]}}],"collection":[{"href":"http:\/\/www.elcapital.pe\/index.php?rest_route=\/wp\/v2\/posts"}],"about":[{"href":"http:\/\/www.elcapital.pe\/index.php?rest_route=\/wp\/v2\/types\/post"}],"author":[{"embeddable":true,"href":"http:\/\/www.elcapital.pe\/index.php?rest_route=\/wp\/v2\/users\/1"}],"replies":[{"embeddable":true,"href":"http:\/\/www.elcapital.pe\/index.php?rest_route=%2Fwp%2Fv2%2Fcomments&post=2974"}],"version-history":[{"count":1,"href":"http:\/\/www.elcapital.pe\/index.php?rest_route=\/wp\/v2\/posts\/2974\/revisions"}],"predecessor-version":[{"id":2976,"href":"http:\/\/www.elcapital.pe\/index.php?rest_route=\/wp\/v2\/posts\/2974\/revisions\/2976"}],"wp:featuredmedia":[{"embeddable":true,"href":"http:\/\/www.elcapital.pe\/index.php?rest_route=\/wp\/v2\/media\/2975"}],"wp:attachment":[{"href":"http:\/\/www.elcapital.pe\/index.php?rest_route=%2Fwp%2Fv2%2Fmedia&parent=2974"}],"wp:term":[{"taxonomy":"category","embeddable":true,"href":"http:\/\/www.elcapital.pe\/index.php?rest_route=%2Fwp%2Fv2%2Fcategories&post=2974"},{"taxonomy":"post_tag","embeddable":true,"href":"http:\/\/www.elcapital.pe\/index.php?rest_route=%2Fwp%2Fv2%2Ftags&post=2974"}],"curies":[{"name":"wp","href":"https:\/\/api.w.org\/{rel}","templated":true}]}}