{"id":2970,"date":"2024-06-15T20:32:46","date_gmt":"2024-06-16T01:32:46","guid":{"rendered":"http:\/\/www.elcapital.pe\/?p=2970"},"modified":"2024-06-15T20:32:46","modified_gmt":"2024-06-16T01:32:46","slug":"brasil-mas-protestas-contra-proyecto-antiaborto-al-que-lula-tilda-de-locura","status":"publish","type":"post","link":"http:\/\/www.elcapital.pe\/?p=2970","title":{"rendered":"BRASIL: MAS PROTESTAS CONTRA PROYECTO ANTIABORTO, AL QUE LULA TILDA DE \u201cLOCURA\u201d"},"content":{"rendered":"\n<p>Cientos de mujeres volvieron este s\u00e1bado 15 de junio a protestar en Brasil contra el proyecto legislativo que busca equiparar el aborto a partir de las 22 semanas de embarazo con el delito de homicidio. El presidente brasile\u00f1o, Luiz In\u00e1cio Lula da Silva, mostr\u00f3, finalmente, su postura al se\u00f1alar que est\u00e1 contra el aborto, pero tild\u00f3 de \u00ablocura\u00bb el proyecto de ley por \u00abquerer castigar a una mujer v\u00edctima de violaci\u00f3n con una pena mayor que el criminal que comete la violaci\u00f3n\u00bb.<\/p>\n\n\n\n<p>Cientos de mujeres volvieron este s\u00e1bado a las calles de Sao Paulo, en Brasil, contra el proyecto de ley que busca equiparar el aborto a partir de las 22 semanas de gestaci\u00f3n con el delito de homicidio, incluido en casos de violaci\u00f3n.<\/p>\n\n\n\n<p>Es la segunda manifestaci\u00f3n en los \u00faltimos tres d\u00edas en la capital paulista contra la propuesta patrocinada por un grupo de diputados ultraconservadores, varios de ellos del Partido Liberal (PL), que lidera el expresidente ultraderechista Jair Bolsonaro.<\/p>\n\n\n\n<p>Como el pasado jueves, medio centenar de instituciones y colectivos feministas se concentraron en la Avenida Paulista, una de las principales arterias de S\u00e3o Paulo, y recorrieron el centro de la que es la mayor ciudad de Brasil.<\/p>\n\n\n\n<p>Vestidas con pa\u00f1uelos verdes, las manifestantes clamaron contra el jefe de la C\u00e1mara de Diputados, Arthur Lira, despu\u00e9s de que el pleno aprobara, por mayor\u00eda y en una votaci\u00f3n expr\u00e9s, discutir el proyecto con car\u00e1cter de urgencia para acelerar su tr\u00e1mite parlamentario.<\/p>\n\n\n\n<p>El grito m\u00e1s repetido en estas protestas, que d\u00edas atr\u00e1s se repitieron en R\u00edo de Janeiro, Brasilia y otras ciudades, es \u00abCrian\u00e7a n\u00e3o \u00e9 m\u00e3e\u00bb (Una ni\u00f1a no es una madre).<\/p>\n\n\n\n<p>Con \u00e9l quieren denunciar el alto \u00edndice de embarazos de adolescentes y la posibilidad de que el problema se agrave con el citado proyecto, que responde a las demandas de los movimientos evang\u00e9licos m\u00e1s conservadores.<\/p>\n\n\n\n<p>Seg\u00fan datos del sistema p\u00fablico de salud brasile\u00f1o, 44 beb\u00e9s nacen cada hora de madres adolescentes en Brasil, de los que dos son de gestantes de entre 10 y 14 a\u00f1os.<\/p>\n\n\n\n<p>En este marco, el texto plantea, a trav\u00e9s de una modificaci\u00f3n del C\u00f3digo Civil, penas de c\u00e1rcel similares a las de un homicidio para aquellas mujeres que interrumpan su embarazo despu\u00e9s de las 22 semanas.<\/p>\n\n\n\n<p>De salir adelante, con el aval de la C\u00e1mara de Diputados y el Senado, el aborto en esas condiciones, incluidos aquellos producto de una violaci\u00f3n, ser\u00eda castigado como un \u00abhomicidio simple\u00bb, tipificado en Brasil con penas que var\u00edan entre 6 y 20 a\u00f1os de prisi\u00f3n.<\/p>\n\n\n\n<p>As\u00ed, las mujeres v\u00edctimas de violaci\u00f3n que aborten con casi 6 meses de gestaci\u00f3n tendr\u00edan penas mayores que sus agresores, cuyo castigo oscila entre 6 y 12 a\u00f1os de c\u00e1rcel.<\/p>\n\n\n\n<p>Lula dice que el aborto \u00abes una realidad\u00bb<\/p>\n\n\n\n<p>El presidente Luiz In\u00e1cio Lula da Silva calific\u00f3 de \u00ablocura\u00bb la propuesta, reconoci\u00f3 que el aborto es \u00abuna realidad\u00bb y pidi\u00f3 abordarlo \u00abcomo una cuesti\u00f3n de salud p\u00fablica\u00bb.<\/p>\n\n\n\n<p>En Brasil, el aborto solo es permitido en los casos de violaci\u00f3n, malformaci\u00f3n cerebral del feto (anencefalia) y si el embarazo pone en riesgo la vida de la madre.<\/p>\n\n\n\n<p>En esos tres casos no hay un plazo m\u00e1ximo para su realizaci\u00f3n. Fuera de esos tres escenarios est\u00e1 penado con entre uno y diez a\u00f1os de c\u00e1rcel, dependiendo si se realiza con o sin el consentimiento de la mujer.<\/p>\n\n\n\n<p>Lula, que acaba de finalizar su viaje a Italia con motivo de la cumbre del G7, se posicion\u00f3 personalmente \u00aben contra el aborto\u00bb, pero conden\u00f3 el hecho de \u00abquerer castigar a una mujer v\u00edctima de violaci\u00f3n con una pena mayor que el criminal que comete la violaci\u00f3n\u00bb, como propone el proyecto.<\/p>\n\n\n\n<p>Lula se mostr\u00f3 convencido de que \u00ablo que ya existe en la ley garantiza una actuaci\u00f3n civilizada\u00bb en el pa\u00eds sobre este asunto, \u00abtratando al violador con rigor y con respeto a las v\u00edctimas\u00bb.<\/p>\n\n\n\n<p>Esta es la primera manifestaci\u00f3n de Lula desde que el Congreso aprob\u00f3 debatir con car\u00e1cter de urgencia el proyecto que plantea, a trav\u00e9s de una modificaci\u00f3n del C\u00f3digo Civil, penas de c\u00e1rcel similares a las de un homicidio para aquellas mujeres que interrumpan su embarazo despu\u00e9s de las 22 semanas.<\/p>\n\n\n\n<p>Es que, parad\u00f3jicamente, el violador pagar\u00eda una pena m\u00e1s baja. El art\u00edculo 213 del C\u00f3digo Penal prev\u00e9 que la condena m\u00ednima es de seis a\u00f1os cuando la v\u00edctima es mayor de edad, pero puede llegar a los 10 a\u00f1os.<\/p>\n\n\n\n<p>\u201cMuchas v\u00edctimas de violencia sexual solo consiguen darse cuenta de que est\u00e1n embarazadas, especialmente las ni\u00f1as y las adolescentes, cuando ya est\u00e1n en una fase avanzada del embarazo porque ni siquiera pueden entender la violencia por la que pasaron. Este proyecto termina imponiendo m\u00e1s tiempo de prisi\u00f3n a la v\u00edctima de la violaci\u00f3n que al violador\u00bb, destaca la diputada S\u00e2mia Bomfim.<\/p>\n\n\n\n<p>\u00abEntonces, la Justicia brasile\u00f1a le est\u00e1 diciendo a la v\u00edctima: no basta con que hayas sido violada, no basta con que te hayas quedado embarazada despu\u00e9s de la violaci\u00f3n, seguir\u00e1s encarcelada durante 20 a\u00f1os. En cuanto a su violador, si es identificado, ir\u00e1 a prisi\u00f3n por ocho o 10 a\u00f1os\u201d, a\u00f1ade.<\/p>\n\n\n\n<p>EFE y Reuters<\/p>\n","protected":false},"excerpt":{"rendered":"<p>Cientos de mujeres volvieron este s\u00e1bado 15 de junio a protestar en Brasil contra el proyecto legislativo que busca equiparar el aborto a partir de las 22 semanas de embarazo con el delito de homicidio. El presidente brasile\u00f1o, Luiz In\u00e1cio Lula da Silva, mostr\u00f3, finalmente, su postura al se\u00f1alar que est\u00e1 contra el aborto, pero [&hellip;]<\/p>\n","protected":false},"author":1,"featured_media":2971,"comment_status":"open","ping_status":"open","sticky":false,"template":"","format":"standard","meta":{"footnotes":""},"categories":[2],"tags":[],"class_list":["post-2970","post","type-post","status-publish","format-standard","has-post-thumbnail","hentry","category-actualidad"],"_links":{"self":[{"href":"http:\/\/www.elcapital.pe\/index.php?rest_route=\/wp\/v2\/posts\/2970","targetHints":{"allow":["GET"]}}],"collection":[{"href":"http:\/\/www.elcapital.pe\/index.php?rest_route=\/wp\/v2\/posts"}],"about":[{"href":"http:\/\/www.elcapital.pe\/index.php?rest_route=\/wp\/v2\/types\/post"}],"author":[{"embeddable":true,"href":"http:\/\/www.elcapital.pe\/index.php?rest_route=\/wp\/v2\/users\/1"}],"replies":[{"embeddable":true,"href":"http:\/\/www.elcapital.pe\/index.php?rest_route=%2Fwp%2Fv2%2Fcomments&post=2970"}],"version-history":[{"count":1,"href":"http:\/\/www.elcapital.pe\/index.php?rest_route=\/wp\/v2\/posts\/2970\/revisions"}],"predecessor-version":[{"id":2972,"href":"http:\/\/www.elcapital.pe\/index.php?rest_route=\/wp\/v2\/posts\/2970\/revisions\/2972"}],"wp:featuredmedia":[{"embeddable":true,"href":"http:\/\/www.elcapital.pe\/index.php?rest_route=\/wp\/v2\/media\/2971"}],"wp:attachment":[{"href":"http:\/\/www.elcapital.pe\/index.php?rest_route=%2Fwp%2Fv2%2Fmedia&parent=2970"}],"wp:term":[{"taxonomy":"category","embeddable":true,"href":"http:\/\/www.elcapital.pe\/index.php?rest_route=%2Fwp%2Fv2%2Fcategories&post=2970"},{"taxonomy":"post_tag","embeddable":true,"href":"http:\/\/www.elcapital.pe\/index.php?rest_route=%2Fwp%2Fv2%2Ftags&post=2970"}],"curies":[{"name":"wp","href":"https:\/\/api.w.org\/{rel}","templated":true}]}}