{"id":2967,"date":"2024-06-15T20:18:24","date_gmt":"2024-06-16T01:18:24","guid":{"rendered":"http:\/\/www.elcapital.pe\/?p=2967"},"modified":"2024-06-15T20:18:24","modified_gmt":"2024-06-16T01:18:24","slug":"los-ultras-de-meloni-crecen-en-italia-y-suenan-con-condicionar-el-futuro-de-la-ue","status":"publish","type":"post","link":"http:\/\/www.elcapital.pe\/?p=2967","title":{"rendered":"LOS ULTRAS DE MELONI CRECEN EN ITALIA Y SUE\u00d1AN CON CONDICIONAR EL FUTURO DE LA UE"},"content":{"rendered":"\n<p>El partido de la primera ministra de Italia, Giorgia Meloni, obtuvo el 28,8% de los votos en unas elecciones europeas marcadas por una abstenci\u00f3n hist\u00f3rica en su pa\u00eds. Con estos resultados, el partido de Meloni se convierte en la primera fuerza italiana de extrema derecha en el Parlamento Europeo, desbancando a la Liga de Matteo Salvini, uno de sus socios de Gobierno. \u00bfQu\u00e9 tanto pesar\u00e1 esta victoria en el proyecto europeo?<\/p>\n\n\n\n<p>No solo sali\u00f3 reforzada internamente despu\u00e9s de casi dos a\u00f1os de mandato, sino que adem\u00e1s ahora acaricia la posibilidad de condicionar el futuro de la Uni\u00f3n Europea en los pr\u00f3ximos a\u00f1os. Este ha sido el an\u00e1lisis de observadores y analistas sobre el resultado electoral de la primera ministra italiana, Giorgia Meloni, tras las elecciones europeas de este fin de semana.<\/p>\n\n\n\n<p>Hermanos de Italia, su partido de extrema derecha con un discurso antimigraci\u00f3n, obtuvo el 28,8% de los votos, casi tres puntos m\u00e1s que en las legislativas que la llevaron al poder en su pa\u00eds en 2022, en unos comicios marcados por una abstenci\u00f3n hist\u00f3rica \u2014el 51% de los ciudadanos no vot\u00f3 en Italia\u2014.<\/p>\n\n\n\n<p>\u00bfEl resultado inmediato de esos resultados? Un apreciable cambio de equilibrios para las fuerzas de extrema derecha que integran la bancada italiana (76 europarlamentarios) en Bruselas. De hecho, con estas cifras, Hermanos de Italia (HdI) le arrebatar\u00e1 a la Liga, partido del actual viceprimer ministro Matteo Salvini, el puesto de primera fuerza italiana ultraderechista en el Parlamento Europeo.<\/p>\n\n\n\n<p>As\u00ed las cuentas, en la pr\u00f3xima legislatura europea, HdI sentar\u00e1 24 diputados, mientras que la Liga solo tendr\u00e1 8. Un considerable salto para la bancada de la primera ministra, que en las anteriores elecciones de 2019 apenas hab\u00eda obtenido un 6% (5 europarlamentarios).<\/p>\n\n\n\n<p>Por otro lado, la victoria de Meloni tambi\u00e9n reaviva las esperanzas de la formaci\u00f3n de extrema derecha de condicionar las mayor\u00edas que se deber\u00e1n ahora formar en Bruselas. De hecho, si bien Ursula von der Leyen, la principal candidata de los populares europeos (PPE), no la necesita para su posible reelecci\u00f3n como presidenta de la Comisi\u00f3n Europea, el apoyo de la primera ministra italiana podr\u00eda servir para permitir que el grupo europeo conservador saque adelante votaciones con mayor\u00eda simple, prescindiendo de socialistas y liberales.<\/p>\n\n\n\n<p>Mientras que la victoria del partido de Meloni y el avance de varios grupos de extrema derecha en las elecciones europeas abren temores sobre el posible endurecimiento de las pol\u00edticas en materia de migraci\u00f3n o el retroceso en medidas para contrarrestar la crisis clim\u00e1tica.<\/p>\n\n\n\n<p>La primera ministra italiana ha sido criticada por sus posiciones sobre la inmigraci\u00f3n, que se consideran discriminatorias y xen\u00f3fobas. Y tambi\u00e9n de usarla como herramienta pol\u00edtica para causar miedo entre los italianos.<\/p>\n\n\n\n<p>Dardos a la Uni\u00f3n Europea<\/p>\n\n\n\n<p>Con esto como tel\u00f3n de fondo, la l\u00edder italiana se puso manos a la obra y dio inicio al baile de las negociaciones con sus potenciales aliados en Europa. Tras ratificarse su popularidad en Italia \u2014un pa\u00eds fundador, con gran peso en la UE\u2014, primero (el domingo) public\u00f3 una instant\u00e1nea de ella sonriente en Instagram, y luego apareci\u00f3 en la madrugada del lunes para reivindicar su resultado electoral. \u201cNos vieron venir, pero no han sido capaces de pararnos\u201d, afirm\u00f3 Meloni, desde el Parco dei Principi, el hotel romano de cinco estrellas que eligi\u00f3 como sede de su noche electoral.<\/p>\n\n\n\n<p>GRAZIE! \ud83c\uddee\ud83c\uddf9@FratellidItalia si conferma primo partito italiano, superando il risultato delle scorse elezioni politiche. pic.twitter.com\/uYHHm4Nm6S<\/p>\n\n\n\n<p>\u2014 Giorgia Meloni (@GiorgiaMeloni) June 9, 2024<\/p>\n\n\n\n<p>El lunes por la ma\u00f1ana, Meloni dio alg\u00fan indicio m\u00e1s sobre sus intenciones. Aplaudi\u00f3 la victoria en Francia de Marine Le Pen, la l\u00edder del partido de extrema derecha Agrupaci\u00f3n Nacional, asegur\u00f3 que es \u201cmuy pronto\u201d para discutir la reelecci\u00f3n de Von der Leyen y explic\u00f3 que a\u00fan est\u00e1 estudiando la situaci\u00f3n.<\/p>\n\n\n\n<p>A continuaci\u00f3n, la primera ministra lanz\u00f3 acusaciones en contra del actual funcionamiento de la UE y reproch\u00f3 que impulsa \u00abpol\u00edticas que los ciudadanos no comparten\u00bb.<\/p>\n\n\n\n<p>Meloni, que ha sido criticada por su postura ambigua frente al bloque europeo, asegur\u00f3 que UE no deber\u00eda atacar \u00ablas libertades\u00bb de la ciudadan\u00eda. Acto seguido, se refiri\u00f3 expresamente al Pacto Verde, el acuerdo para la transici\u00f3n ecol\u00f3gica del bloque cuyo principal objetivo es alcanzar la neutralidad clim\u00e1tica para 2050, y que su grupo hostiga.<\/p>\n\n\n\n<p>De hecho, Meloni ha sido una f\u00e9rrea cr\u00edtica de las normativas europeas en t\u00e9rminos ambientales y ha incluso llegado a catalogarlas de \u00abideol\u00f3gicas\u00bb. Algo que le ha valido las cr\u00edticas de activistas que ven su ascenso al poder como un retroceso en materia clim\u00e1tica para Italia.<\/p>\n\n\n\n<p>En su discurso, Meloni fue m\u00e1s all\u00e1. La primera ministra culp\u00f3 a la propia UE de la poca participaci\u00f3n en las votaciones por parte de los italianos. Algo que responde, seg\u00fan asegur\u00f3, a que sea percibida como \u00ablejana\u00bb para la ciudadan\u00eda. Por otro lado, consider\u00f3, sin decirlo \u2014eso s\u00ed\u2014, que hoy Italia recibe m\u00e1s dinero de la UE del que entrega a trav\u00e9s de diversos fondos de recuperaci\u00f3n.<\/p>\n\n\n\n<p>Ambici\u00f3n ultra<\/p>\n\n\n\n<p>Con las cifras en la mano, algunos observadores han interpretado este comportamiento como una se\u00f1al de que Meloni habr\u00eda empezado a sondear la posibilidad de dar su apoyo a Von der Leyen a cambio del nombramiento de candidatos italianos para los puestos de comisario europeo m\u00e1s importantes.<\/p>\n\n\n\n<p>Una buena moneda de trueque ser\u00eda lograr imponer a uno de los suyos como comisario de Defensa o, por ejemplo, de Pol\u00edtica Exterior, opin\u00f3 Maria Elena Cavallaro, catedr\u00e1tica de la Universidad Luiss de Roma.<\/p>\n\n\n\n<p>\u201cEn las pr\u00f3ximas semanas es probable que Meloni ponga esto sobre la mesa, en sus negociaciones con el Partido Popular Europeo\u201d, a\u00f1adi\u00f3 Cavallaro.<\/p>\n\n\n\n<p>Sin embargo, Nicola Procaccini, aliado de la primera ministra en Bruselas y copresidente de Reformistas y Conservadores (ECR) \u2014bloque de extrema derecha con representaci\u00f3n en la Comisi\u00f3n Europea, del cual Meloni es presidenta\u2014, no quiso confirmar si esta ser\u00e1 su estrategia.<\/p>\n\n\n\n<p>La postura de Meloni sigue sin estar clara. La primera ministra es una ferviente atlantista. Ha declarado en m\u00faltiples ocasiones que Italia seguir\u00eda siendo un firme aliado de la Organizaci\u00f3n del Tratado Atl\u00e1ntico Norte (OTAN) y en los \u00faltimos tiempos adem\u00e1s ha coqueteado a menudo con Von der Leyen.<\/p>\n\n\n\n<p>Pero Procaccini sugiri\u00f3 que, en cualquier caso, Hermanos de Italia rechaza que la Uni\u00f3n Europea siga en la senda de integraci\u00f3n europea que ha emprendido y no descart\u00f3 \u201cconvergencias\u201d con Le Pen, una de las l\u00edderes de Identidad y Democracia (ID, el otro grupo europeo de extrema derecha del Parlamento Europeo).<\/p>\n\n\n\n<p>Frenar la integraci\u00f3n<\/p>\n\n\n\n<p>M\u00e1s all\u00e1 de la perseverancia de Meloni en presentarse como una l\u00edder moderada desde que Italia sent\u00f3 en el poder al Gobierno m\u00e1s derechista de su historia, las ideas de ECR son, en efecto, bastante radicales. Algunos de sus miembros han sido incluso criticados por tener v\u00ednculos con el neofascismo italiano.<\/p>\n\n\n\n<p>Y en Europa, el partido de Meloni pide cambios. \u201cQueremos una UE que vuelva a sus or\u00edgenes, es decir, que sea una alianza de naciones que no imponga decisiones que deben ser de los estados\u201d, dijo Procaccini.<\/p>\n\n\n\n<p>\u201c\u00bfC\u00f3mo se hace esto? Rechazaremos toda reforma de los tratados en sentido federalista (\u2026) o, por ejemplo, las llamadas pol\u00edticas verdes (\u2026) La UE se ha apropiado de competencias que no ten\u00eda, al pretender uniformar y centralizar decisiones que deben ser dejadas a los pa\u00edses. Ha sido un error tr\u00e1gico\u201d, insisti\u00f3 Procaccini.<\/p>\n\n\n\n<p>La inc\u00f3gnita que queda tras los resultados de las elecciones europeas es: \u00bflograr\u00e1 Meloni influir en el futuro que emprenda la UE?<\/p>\n","protected":false},"excerpt":{"rendered":"<p>El partido de la primera ministra de Italia, Giorgia Meloni, obtuvo el 28,8% de los votos en unas elecciones europeas marcadas por una abstenci\u00f3n hist\u00f3rica en su pa\u00eds. Con estos resultados, el partido de Meloni se convierte en la primera fuerza italiana de extrema derecha en el Parlamento Europeo, desbancando a la Liga de Matteo [&hellip;]<\/p>\n","protected":false},"author":1,"featured_media":2968,"comment_status":"open","ping_status":"open","sticky":false,"template":"","format":"standard","meta":{"footnotes":""},"categories":[2],"tags":[],"class_list":["post-2967","post","type-post","status-publish","format-standard","has-post-thumbnail","hentry","category-actualidad"],"_links":{"self":[{"href":"http:\/\/www.elcapital.pe\/index.php?rest_route=\/wp\/v2\/posts\/2967","targetHints":{"allow":["GET"]}}],"collection":[{"href":"http:\/\/www.elcapital.pe\/index.php?rest_route=\/wp\/v2\/posts"}],"about":[{"href":"http:\/\/www.elcapital.pe\/index.php?rest_route=\/wp\/v2\/types\/post"}],"author":[{"embeddable":true,"href":"http:\/\/www.elcapital.pe\/index.php?rest_route=\/wp\/v2\/users\/1"}],"replies":[{"embeddable":true,"href":"http:\/\/www.elcapital.pe\/index.php?rest_route=%2Fwp%2Fv2%2Fcomments&post=2967"}],"version-history":[{"count":1,"href":"http:\/\/www.elcapital.pe\/index.php?rest_route=\/wp\/v2\/posts\/2967\/revisions"}],"predecessor-version":[{"id":2969,"href":"http:\/\/www.elcapital.pe\/index.php?rest_route=\/wp\/v2\/posts\/2967\/revisions\/2969"}],"wp:featuredmedia":[{"embeddable":true,"href":"http:\/\/www.elcapital.pe\/index.php?rest_route=\/wp\/v2\/media\/2968"}],"wp:attachment":[{"href":"http:\/\/www.elcapital.pe\/index.php?rest_route=%2Fwp%2Fv2%2Fmedia&parent=2967"}],"wp:term":[{"taxonomy":"category","embeddable":true,"href":"http:\/\/www.elcapital.pe\/index.php?rest_route=%2Fwp%2Fv2%2Fcategories&post=2967"},{"taxonomy":"post_tag","embeddable":true,"href":"http:\/\/www.elcapital.pe\/index.php?rest_route=%2Fwp%2Fv2%2Ftags&post=2967"}],"curies":[{"name":"wp","href":"https:\/\/api.w.org\/{rel}","templated":true}]}}