{"id":2934,"date":"2024-06-13T08:55:31","date_gmt":"2024-06-13T13:55:31","guid":{"rendered":"https:\/\/www.elcapital.pe\/?p=2934"},"modified":"2024-06-13T08:55:31","modified_gmt":"2024-06-13T13:55:31","slug":"inicia-la-cumbre-del-g7-con-las-guerras-de-ucrania-y-gaza-en-el-centro-de-las-discusiones","status":"publish","type":"post","link":"http:\/\/www.elcapital.pe\/?p=2934","title":{"rendered":"INICIA LA CUMBRE DEL G7, CON LAS GUERRAS DE UCRANIA Y GAZA EN EL CENTRO DE LAS DISCUSIONES"},"content":{"rendered":"\n<p>La regi\u00f3n de Apulia es el lugar en el que est\u00e1 llev\u00e1ndose a cabo la cumbre del G7, que comenz\u00f3 este jueves 13 de junio. Se trata de la reuni\u00f3n de las siete democracias m\u00e1s ricas del mundo, que esta vez se enfocar\u00e1 sobre todo en la guerra de Ucrania y la ayuda a Kiev.<\/p>\n\n\n\n<p>La cumbre se inici\u00f3 a las 11.30 (9.30 GMT), en el sur de Italia, con la tradicional foto de familia, luego que la primera ministra italiana, Giorgia Meloni, recibiera a los l\u00edderes en el custodiado hotel &#8216;Borgo Egnazia&#8217;.<\/p>\n\n\n\n<p>EE. UU., Francia, Alemania, Canad\u00e1, Reino Unido y Jap\u00f3n, adem\u00e1s de las cabezas de la Uni\u00f3n Europea (UE), firmaron en el libro de honor del exclusivo &#8216;resort&#8217; elegido por Meloni para un encuentro.<\/p>\n\n\n\n<p>Zelenski, figura clave<\/p>\n\n\n\n<p>El apoyo a Ucrania es el gran tema en la mesa, en principio, por la negociaci\u00f3n del G7 de un millonario pr\u00e9stamo, cuya garant\u00eda est\u00e1 planteada en los fondos rusos congelados en la Uni\u00f3n Europea y otros lugares del planeta.&nbsp;<\/p>\n\n\n\n<p>Por lo tanto, est\u00e1 previsto que el presidente ucraniano, Volod\u00edmir Zelenski llegue a las 14:00 horas (12: GMT).<\/p>\n\n\n\n<p>El mandatario ucraniano ha adelantado dos temas. Por un lado, que buscar\u00e1 acelerar la formaci\u00f3n de pilotos de cazas y la entrega de aviones. Por otro, que firmar\u00e1 un acuerdo de garant\u00eda de seguridad con Jap\u00f3n, al margen de la cumbre de l\u00edderes del G7.<\/p>\n\n\n\n<p>\u00bfQu\u00e9 m\u00e1s hay en el tintero?<\/p>\n\n\n\n<p>En la cumbre, que finaliza el pr\u00f3ximo s\u00e1bado, los l\u00edderes tambi\u00e9n abordar\u00e1n la guerra de Gaza, la rivalidad con Rusia y la relaci\u00f3n con China.<\/p>\n\n\n\n<p>Durante cuatro d\u00edas compartir\u00e1 sus visiones la primera ministra italiana, Giorgia Meloni junto con los presidentes de Estados Unidos, Joe Biden; Francia, Emmanuel Macron; as\u00ed como los primeros ministros de Canad\u00e1, Reino unido y Jap\u00f3n, Justin Trudeau, Rishi Sunak y Fumio Kishida; y al canciller alem\u00e1n Olaf Scholz;&nbsp; y tambi\u00e9n la presidenta de la Comisi\u00f3n Europea (CE), Ursula von der Leyen; y el del Consejo Europeo, Charles Michel.<\/p>\n\n\n\n<p>La primera sesi\u00f3n se centra en \u00c1frica, cambio clim\u00e1tico y desarrollo, pues a la cumbre han sido invitados varios pa\u00edses africanos y del Golfo P\u00e9rsico, as\u00ed como organizaciones como el Fondo Monetario Internacional.<\/p>\n\n\n\n<p>La reuni\u00f3n, dividida en dos encuentros, uno con Zelenski y otro posterior con el G7 reunido en solitario, incluye otros eventos bilaterales entre los mandatarios.<\/p>\n\n\n\n<p>As\u00ed es que el viernes participar\u00e1n en la cumbre los presidentes de Argentina, Javier Milei, invitado personalmente por Meloni; y el de Brasil, Luiz Inacio Lula da Silva, este \u00faltimo en calidad de responsable de turno del G20.<\/p>\n\n\n\n<p>Todo concluir\u00e1 con una cena de gala, ofrecida por el jefe del Estado italiano Sergio Mattarella, en el castillo Svevo, de la cercana localidad de Brindisi (sur). Un helic\u00f3ptero los llevar\u00e1 a ese lugar.<\/p>\n\n\n\n<p>Sunak anticipa anuncio de 280 millones de euros para Ucrania<\/p>\n\n\n\n<p>Rishi Sunak, primer ministro de Reino Unido, aprovechar\u00e1 el evento para anunciar una ayuda de m\u00e1s de 280 millones de Euros (242 millones de libras) con destino a las necesidades humanitarias y energ\u00e9ticas en Ucrania, con miras a su reconstrucci\u00f3n econ\u00f3mica y social a largo plazo.<\/p>\n\n\n\n<p>En su comunicado se\u00f1al\u00f3:<\/p>\n\n\n\n<p>Debemos ser decisivos y creativos en nuestros esfuerzos para apoyar a Ucrania y poner fin a la guerra ilegal del (presidente ruso, Vlad\u00edmir) Putin en este momento cr\u00edtico. El Reino Unido sigue a la vanguardia de la respuesta internacional, como lo hemos estado desde el principio<\/p>\n\n\n\n<p>El jefe del Gobierno conservador considera vital fortalecer la defensa nacional del Reino Unido, por lo que destina el 2,5% del producto interior bruto (PIB) del pa\u00eds en defensa para 2030.<\/p>\n\n\n\n<p>Con EFE y Reuters<\/p>\n","protected":false},"excerpt":{"rendered":"<p>La regi\u00f3n de Apulia es el lugar en el que est\u00e1 llev\u00e1ndose a cabo la cumbre del G7, que comenz\u00f3 este jueves 13 de junio. Se trata de la reuni\u00f3n de las siete democracias m\u00e1s ricas del mundo, que esta vez se enfocar\u00e1 sobre todo en la guerra de Ucrania y la ayuda a Kiev. [&hellip;]<\/p>\n","protected":false},"author":1,"featured_media":2935,"comment_status":"open","ping_status":"open","sticky":false,"template":"","format":"standard","meta":{"footnotes":""},"categories":[2],"tags":[],"class_list":["post-2934","post","type-post","status-publish","format-standard","has-post-thumbnail","hentry","category-actualidad"],"_links":{"self":[{"href":"http:\/\/www.elcapital.pe\/index.php?rest_route=\/wp\/v2\/posts\/2934","targetHints":{"allow":["GET"]}}],"collection":[{"href":"http:\/\/www.elcapital.pe\/index.php?rest_route=\/wp\/v2\/posts"}],"about":[{"href":"http:\/\/www.elcapital.pe\/index.php?rest_route=\/wp\/v2\/types\/post"}],"author":[{"embeddable":true,"href":"http:\/\/www.elcapital.pe\/index.php?rest_route=\/wp\/v2\/users\/1"}],"replies":[{"embeddable":true,"href":"http:\/\/www.elcapital.pe\/index.php?rest_route=%2Fwp%2Fv2%2Fcomments&post=2934"}],"version-history":[{"count":1,"href":"http:\/\/www.elcapital.pe\/index.php?rest_route=\/wp\/v2\/posts\/2934\/revisions"}],"predecessor-version":[{"id":2936,"href":"http:\/\/www.elcapital.pe\/index.php?rest_route=\/wp\/v2\/posts\/2934\/revisions\/2936"}],"wp:featuredmedia":[{"embeddable":true,"href":"http:\/\/www.elcapital.pe\/index.php?rest_route=\/wp\/v2\/media\/2935"}],"wp:attachment":[{"href":"http:\/\/www.elcapital.pe\/index.php?rest_route=%2Fwp%2Fv2%2Fmedia&parent=2934"}],"wp:term":[{"taxonomy":"category","embeddable":true,"href":"http:\/\/www.elcapital.pe\/index.php?rest_route=%2Fwp%2Fv2%2Fcategories&post=2934"},{"taxonomy":"post_tag","embeddable":true,"href":"http:\/\/www.elcapital.pe\/index.php?rest_route=%2Fwp%2Fv2%2Ftags&post=2934"}],"curies":[{"name":"wp","href":"https:\/\/api.w.org\/{rel}","templated":true}]}}