{"id":2931,"date":"2024-06-13T08:44:42","date_gmt":"2024-06-13T13:44:42","guid":{"rendered":"https:\/\/www.elcapital.pe\/?p=2931"},"modified":"2024-06-13T08:44:42","modified_gmt":"2024-06-13T13:44:42","slug":"argentina-senado-da-luz-verde-al-proyecto-estrella-del-gobierno-de-milei","status":"publish","type":"post","link":"http:\/\/www.elcapital.pe\/?p=2931","title":{"rendered":"ARGENTINA: SENADO DA LUZ VERDE AL PROYECTO ESTRELLA DEL GOBIERNO DE MILEI"},"content":{"rendered":"\n<p>Tras once horas de debate ininterrumpido y mientras en la calle miles de manifestantes se pronunciaban en contra<\/p>\n\n\n\n<p>En una jornada hist\u00f3rica, el Senado argentino aprob\u00f3 la noche de este mi\u00e9rcoles la esperada ley Bases, el ambicioso proyecto legislativo del Gobierno de Javier Milei, que establece el marco legal para la transformaci\u00f3n profunda del modelo econ\u00f3mico y social de Argentina.<\/p>\n\n\n\n<p>Tras once horas de debate ininterrumpido y mientras en la calle miles de manifestantes se pronunciaban en contra, la ley Bases y Puntos de Partida para la Libertad de los Argentinos, tambi\u00e9n conocida como &#8216;ley \u00f3mnibus&#8217;, recibi\u00f3 36 sufragios en contra y 37 a favor, incluido el &#8216;voto de calidad&#8217; de la presidenta de la C\u00e1mara Alta y vicepresidenta de la Rep\u00fablica, Victoria Villarruel, quien deshizo el empate en una segunda votaci\u00f3n.<\/p>\n\n\n\n<p>La iniciativa, presentada por el Ejecutivo como una pieza fundamental para \u00abmodernizar y dinamizar\u00bb el pa\u00eds sobre la base del liberalismo econ\u00f3mico y reducir del rol del Estado en la econom\u00eda, ya pas\u00f3 el tr\u00e1mite de la C\u00e1mara de Diputados. Si durante su tramitaci\u00f3n en particular en el Senado, la iniciativa es modificada, volver\u00e1 a la C\u00e1mara Baja, para su discusi\u00f3n y sanci\u00f3n definitiva.<\/p>\n\n\n\n<p>Al conocerse el resultado de la votaci\u00f3n, cientos de manifestantes que se encontraban a las puertas del Congreso se enfrentaron a la Polic\u00eda, lanz\u00e1ndoles piedras y levantando barricadas, a lo que los agentes respondieron disparando balas de goma y empleando gases lacrim\u00f3genos, en una repetici\u00f3n de los episodios violentos que tuvieron lugar a lo largo de la jornada.<\/p>\n\n\n\n<p>El debate en la C\u00e1mara Alta comenz\u00f3 a las 10:15 hora local (13:15 GMT) y se extendi\u00f3 hasta casi la medianoche. En juego estaban tanto la Ley Bases y Puntos de Partida para la Libertad de los Argentinos, tambi\u00e9n conocida como &#8216;ley \u00f3mnibus&#8217; como la reforma fiscal promovida por el Ejecutivo.<\/p>\n\n\n\n<p>Tensi\u00f3n dentro del Senado, incidentes en las calles<\/p>\n\n\n\n<p>La sesi\u00f3n se anticipaba tensa y prolongada, con miles de personas manifest\u00e1ndose en las inmediaciones del Parlamento en contra de las iniciativas gubernamentales.<\/p>\n\n\n\n<p>El desaf\u00edo era significativo para el partido de ultraderecha La Libertad Avanza, que es minor\u00eda en el Parlamento. De los 72 senadores, se preve\u00eda que la mitad votara a favor y la otra mitad en contra, si bien persist\u00edan algunas dudas sobre el voto de algunos legisladores. Finalmente fue el voto de calidad de la presidenta de la C\u00e1mara el que deshizo el empate.<\/p>\n\n\n\n<p>El oficialismo se jugaba mucho en la votaci\u00f3n, no solo porque la &#8216;ley Bases&#8217; y el plan de &#8216;shock&#8217; fiscal son el n\u00facleo del programa de Gobierno de Milei, sino tambi\u00e9n porque el resultado de esta votaci\u00f3n influir\u00e1 significativamente en el rumbo pol\u00edtico del Ejecutivo en los pr\u00f3ximos meses.<\/p>\n\n\n\n<p>Y ello, porque a pesar de haber transcurrido seis meses desde que Milei lleg\u00f3 al poder, \u00abel Congreso a\u00fan no ha dotado de las herramientas necesarias a un Gobierno elegido ampliamente por el pueblo\u00bb, en palabras del senador oficialista Bartolom\u00e9 Abdala al iniciar el debate.<\/p>\n\n\n\n<p>Casi medio a\u00f1o de tramitaci\u00f3n parlamentaria<\/p>\n\n\n\n<p>La ley Bases lleva casi medio a\u00f1o en tr\u00e1mite parlamentario. En minor\u00eda, el oficialismo tuvo que eliminar varios aspectos del proyecto original. Despu\u00e9s de m\u00faltiples revisiones, la iniciativa fue aprobada en la C\u00e1mara de Diputados a finales de abril con 142 votos a favor, 106 en contra y 5 abstenciones.<\/p>\n\n\n\n<p>Para lograr su debate en el pleno del Senado, el oficialismo accedi\u00f3 a m\u00e1s modificaciones. Ahora, una vez que la C\u00e1mara Alta debata el proyecto en lo particular, el proyecto deber\u00e1 regresar a Diputados para su discusi\u00f3n final. La &#8216;ley&nbsp; Bases&#8217; declara la emergencia p\u00fablica en materia administrativa, econ\u00f3mica, financiera y energ\u00e9tica por un a\u00f1o, otorgando al Ejecutivo amplias facultades en estos \u00e1mbitos.<\/p>\n\n\n\n<p>La iniciativa permite la reforma del Estado, la privatizaci\u00f3n de varias empresas, cambios en la legislaci\u00f3n laboral y de jubilaci\u00f3n, y ofrece incentivos para el sector de energ\u00eda e hidrocarburos y grandes inversiones. Junto con este proyecto, el Senado tambi\u00e9n debate un paquete fiscal que incluye un blanqueo de capitales y una moratoria impositiva y aduanera.<\/p>\n\n\n\n<p>El paquete legislativo enfrenta fuerte oposici\u00f3n de varios sectores pol\u00edticos, sindicales y sociales, que se movilizaron hasta el Congreso, resultando en episodios violentos con manifestantes derribando vallas y arrojando piedras y palos a las fuerzas de seguridad, que respondieron con gases lacrim\u00f3genos y carros hidrantes.<\/p>\n\n\n\n<p>Tambi\u00e9n se reportaron numerosos actos de vandalismo, incluyendo tres veh\u00edculos incendiados. Hubo catorce detenidos y varios heridos, entre ellos cinco diputados que fueron hospitalizados por el uso de gas pimienta.<\/p>\n\n\n\n<p>EFE<\/p>\n","protected":false},"excerpt":{"rendered":"<p>Tras once horas de debate ininterrumpido y mientras en la calle miles de manifestantes se pronunciaban en contra En una jornada hist\u00f3rica, el Senado argentino aprob\u00f3 la noche de este mi\u00e9rcoles la esperada ley Bases, el ambicioso proyecto legislativo del Gobierno de Javier Milei, que establece el marco legal para la transformaci\u00f3n profunda del modelo [&hellip;]<\/p>\n","protected":false},"author":1,"featured_media":2932,"comment_status":"open","ping_status":"open","sticky":false,"template":"","format":"standard","meta":{"footnotes":""},"categories":[2],"tags":[],"class_list":["post-2931","post","type-post","status-publish","format-standard","has-post-thumbnail","hentry","category-actualidad"],"_links":{"self":[{"href":"http:\/\/www.elcapital.pe\/index.php?rest_route=\/wp\/v2\/posts\/2931","targetHints":{"allow":["GET"]}}],"collection":[{"href":"http:\/\/www.elcapital.pe\/index.php?rest_route=\/wp\/v2\/posts"}],"about":[{"href":"http:\/\/www.elcapital.pe\/index.php?rest_route=\/wp\/v2\/types\/post"}],"author":[{"embeddable":true,"href":"http:\/\/www.elcapital.pe\/index.php?rest_route=\/wp\/v2\/users\/1"}],"replies":[{"embeddable":true,"href":"http:\/\/www.elcapital.pe\/index.php?rest_route=%2Fwp%2Fv2%2Fcomments&post=2931"}],"version-history":[{"count":1,"href":"http:\/\/www.elcapital.pe\/index.php?rest_route=\/wp\/v2\/posts\/2931\/revisions"}],"predecessor-version":[{"id":2933,"href":"http:\/\/www.elcapital.pe\/index.php?rest_route=\/wp\/v2\/posts\/2931\/revisions\/2933"}],"wp:featuredmedia":[{"embeddable":true,"href":"http:\/\/www.elcapital.pe\/index.php?rest_route=\/wp\/v2\/media\/2932"}],"wp:attachment":[{"href":"http:\/\/www.elcapital.pe\/index.php?rest_route=%2Fwp%2Fv2%2Fmedia&parent=2931"}],"wp:term":[{"taxonomy":"category","embeddable":true,"href":"http:\/\/www.elcapital.pe\/index.php?rest_route=%2Fwp%2Fv2%2Fcategories&post=2931"},{"taxonomy":"post_tag","embeddable":true,"href":"http:\/\/www.elcapital.pe\/index.php?rest_route=%2Fwp%2Fv2%2Ftags&post=2931"}],"curies":[{"name":"wp","href":"https:\/\/api.w.org\/{rel}","templated":true}]}}