{"id":2912,"date":"2024-06-12T21:14:22","date_gmt":"2024-06-13T02:14:22","guid":{"rendered":"http:\/\/www.elcapital.pe\/?p=2912"},"modified":"2024-06-12T21:14:22","modified_gmt":"2024-06-13T02:14:22","slug":"estados-unidos-incluye-al-darien-como-zona-para-luchar-en-contra-del-trafico-de-personas","status":"publish","type":"post","link":"http:\/\/www.elcapital.pe\/?p=2912","title":{"rendered":"ESTADOS UNIDOS INCLUYE AL DARIEN COMO ZONA PARA LUCHAR EN CONTRA DEL TRAFICO DE PERSONAS"},"content":{"rendered":"\n<p>El Gobierno estadounidense anunci\u00f3 la adhesi\u00f3n de la selva del Dari\u00e9n en las investigaciones contra el tr\u00e1fico de personas en la regi\u00f3n, comandadas por la las Fuerza de Tareas Conjunta Alpha (JTFA), creadas en 2021 por el fiscal general del pa\u00eds, Merrick Garland. El Departamento de Estado tambi\u00e9n anunci\u00f3 recompensas sobre cualquier informaci\u00f3n relacionada con los altos mandos del Clan del Golfo, una de las organizaciones criminales que operan dentro de la selva que divide a Panam\u00e1 y Colombia.<\/p>\n\n\n\n<p>\u00abA quienes trafican con personas a trav\u00e9s del Dari\u00e9n, que sepan esto: el Gobierno de Estados Unidos va a ir por ustedes\u00bb, expres\u00f3 la fiscal general adjunta estadounidense, Lisa Monaco, a trav\u00e9s de un comunicado, en donde calific\u00f3 al cruce migratorio en la selva del Dari\u00e9n como \u00abuno de los m\u00e1s peligrosos del mundo\u00bb.<\/p>\n\n\n\n<p>A su vez, la JTFA confirm\u00f3 que entablar\u00e1 un trabajo conjunto con las fiscal\u00edas de Colombia y Panam\u00e1 para contribuir en las operaciones de seguridad y arrestos, adem\u00e1s de construir los mecanismos necesarios para agilizar la extradici\u00f3n de aquellos traficantes que lo ameriten.<\/p>\n\n\n\n<p>Seg\u00fan uno de los directores del organismo, Ian Hannah, la JTFA ha llevado a cabo m\u00e1s de 300 arrestos y efectuado 240 condenas en Estados Unidos, muchos de los cuales recibieron \u00absentencias significativas fuera de las que normalmente se ven en casos de tr\u00e1fico de personas\u00bb.<\/p>\n\n\n\n<p>\u00abQueda mucho trabajo importante por delante para abordar las decenas de casos de tr\u00e1fico de personas en Am\u00e9rica del Sur y Central, que a menudo pueden ser una cuesti\u00f3n de vida o muerte\u00bb, a\u00f1adi\u00f3 Hannah a trav\u00e9s de una conferencia virtual.<\/p>\n\n\n\n<p>La selva del Dari\u00e9n, frontera natural con m\u00e1s de 200 kil\u00f3metros, es uno de los corredores migratorios m\u00e1s importantes, pero tambi\u00e9n m\u00e1s mort\u00edferos del planeta. Esto debido a su complejo terreno selv\u00e1tico y la presencia de m\u00faltiples organizaciones criminales en su territorio. Solo en 2023, m\u00e1s de 520.000 personas cruzaron por la regi\u00f3n.<\/p>\n\n\n\n<p>EE. UU. anuncia recompensas por informaci\u00f3n sobre miembros del Clan del Golfo<\/p>\n\n\n\n<p>Adem\u00e1s, la Administraci\u00f3n del presidente Joe Biden tambi\u00e9n oficializ\u00f3 el ofrecimiento de recompensas por hasta ocho millones de d\u00f3lares para todos aquellos que tengan alg\u00fan tipo de informaci\u00f3n sobre los altos mandos del Clan del Golfo, organizaci\u00f3n criminal que opera dentro del Dari\u00e9n y a la que le otorgan la responsabilidad de \u00abatacar sistem\u00e1ticamente a migrantes, adultos y ni\u00f1os\u00bb.<\/p>\n\n\n\n<p>Las jugosas recompensas van desde los dos millones de d\u00f3lares por cualquier informaci\u00f3n que pueda conducir a alg\u00fan arresto importante en la estructura de poder dentro del Clan del Golfo que opere en el Dari\u00e9n, y hasta cinco millones por informaci\u00f3n sobre miembros que est\u00e9n directamente ligados al tr\u00e1fico de personas en la regi\u00f3n. El departamento de Estado tambi\u00e9n ofrece un mill\u00f3n de d\u00f3lares por interrumpir el financiamiento para las actividades del grupo.<\/p>\n\n\n\n<p>Adem\u00e1s, la actual Administraci\u00f3n estadounidense busca ampliar las penas a los l\u00edderes criminales que est\u00e9n involucrados en cr\u00edmenes similares, lo que ha llevado a que el Departamento de Justicia haya presentado \u00abuna nueva propuesta legislativa\u00bb ante el Congreso estadounidense para perseguir dicho objetivo.<\/p>\n\n\n\n<p>Con AFP y EFE<\/p>\n","protected":false},"excerpt":{"rendered":"<p>El Gobierno estadounidense anunci\u00f3 la adhesi\u00f3n de la selva del Dari\u00e9n en las investigaciones contra el tr\u00e1fico de personas en la regi\u00f3n, comandadas por la las Fuerza de Tareas Conjunta Alpha (JTFA), creadas en 2021 por el fiscal general del pa\u00eds, Merrick Garland. El Departamento de Estado tambi\u00e9n anunci\u00f3 recompensas sobre cualquier informaci\u00f3n relacionada con [&hellip;]<\/p>\n","protected":false},"author":1,"featured_media":2913,"comment_status":"open","ping_status":"open","sticky":false,"template":"","format":"standard","meta":{"footnotes":""},"categories":[2],"tags":[],"class_list":["post-2912","post","type-post","status-publish","format-standard","has-post-thumbnail","hentry","category-actualidad"],"_links":{"self":[{"href":"http:\/\/www.elcapital.pe\/index.php?rest_route=\/wp\/v2\/posts\/2912","targetHints":{"allow":["GET"]}}],"collection":[{"href":"http:\/\/www.elcapital.pe\/index.php?rest_route=\/wp\/v2\/posts"}],"about":[{"href":"http:\/\/www.elcapital.pe\/index.php?rest_route=\/wp\/v2\/types\/post"}],"author":[{"embeddable":true,"href":"http:\/\/www.elcapital.pe\/index.php?rest_route=\/wp\/v2\/users\/1"}],"replies":[{"embeddable":true,"href":"http:\/\/www.elcapital.pe\/index.php?rest_route=%2Fwp%2Fv2%2Fcomments&post=2912"}],"version-history":[{"count":1,"href":"http:\/\/www.elcapital.pe\/index.php?rest_route=\/wp\/v2\/posts\/2912\/revisions"}],"predecessor-version":[{"id":2914,"href":"http:\/\/www.elcapital.pe\/index.php?rest_route=\/wp\/v2\/posts\/2912\/revisions\/2914"}],"wp:featuredmedia":[{"embeddable":true,"href":"http:\/\/www.elcapital.pe\/index.php?rest_route=\/wp\/v2\/media\/2913"}],"wp:attachment":[{"href":"http:\/\/www.elcapital.pe\/index.php?rest_route=%2Fwp%2Fv2%2Fmedia&parent=2912"}],"wp:term":[{"taxonomy":"category","embeddable":true,"href":"http:\/\/www.elcapital.pe\/index.php?rest_route=%2Fwp%2Fv2%2Fcategories&post=2912"},{"taxonomy":"post_tag","embeddable":true,"href":"http:\/\/www.elcapital.pe\/index.php?rest_route=%2Fwp%2Fv2%2Ftags&post=2912"}],"curies":[{"name":"wp","href":"https:\/\/api.w.org\/{rel}","templated":true}]}}