{"id":2909,"date":"2024-06-12T21:02:21","date_gmt":"2024-06-13T02:02:21","guid":{"rendered":"http:\/\/www.elcapital.pe\/?p=2909"},"modified":"2024-06-12T21:02:21","modified_gmt":"2024-06-13T02:02:21","slug":"una-ultraderecha-fortalecida-en-europa-como-se-explica-su-creciente-apoyo-electoral","status":"publish","type":"post","link":"http:\/\/www.elcapital.pe\/?p=2909","title":{"rendered":"UNA ULTRADERECHA FORTALECIDA EN EUROPA: \u00bfCOMO SE EXPLICA SU CRECIENTE APOYO ELECTORAL?"},"content":{"rendered":"\n<p>Tras meses de encuestas previas que vislumbraban una irrupci\u00f3n hist\u00f3rica de la extrema derecha en la Euroc\u00e1mara, los resultados de las elecciones del bloque no confirmaron las amplias tendencias favorables que se auguraban para los ultras. Sin embargo, los comicios europeos s\u00ed dejaron una extrema derecha fortalecida. El hartazgo popular, la guerra en Ucrania y el fracaso de la izquierda podr\u00edan ser las claves en el auge del movimiento extremista europeo. Lo analizamos.<\/p>\n\n\n\n<p>La extrema derecha golpea fuerte el statu quo europeo, aunque a\u00fan no es un &#8216;knock out&#8217;. Las elecciones europeas dejaron un panorama mucho m\u00e1s conservador y moderado de lo presupuestado: aunque la extrema derecha avanz\u00f3 en Europa, los resultados est\u00e1n lejos de las previsiones de las encuestas que pon\u00edan a la extrema derecha con una amplia mayor\u00eda en el Parlamento Europeo.<\/p>\n\n\n\n<p>La jornada electoral en el viejo continente fue mucho m\u00e1s convencional de lo esperado. El triunfo del Partido Popular Europeo (PPE) y la Alianza de Socialistas y Dem\u00f3cratas (S&amp;D), los ejes de poder tradicional en la Euroc\u00e1mara desde el primer sufragio continental 1978, alej\u00f3 la imagen de la &#8216;ola&#8217; de la extrema derecha. Sin embargo, no elimin\u00f3 su influencia.<\/p>\n\n\n\n<p>Las familias ultras de la Euroc\u00e1mara \u2014los Conservadores y Reformistas Europeos (CRE) e Identidad y Democracia (ID)\u2014 siguen siendo la minor\u00eda dentro del hemiciclo de Bruselas, con 73 y 58 esca\u00f1os, respectivamente. Pero en algunos pa\u00edses, como Francia, se han consolidado como la fuerza m\u00e1s importante.<\/p>\n\n\n\n<p>Los resultados de las elecciones europeas son para muchos una prueba de c\u00f3mo los ultras van ganando m\u00e1s espacio en el gran escenario continental, normalizando cada vez m\u00e1s su presencia y afianz\u00e1ndose como una opci\u00f3n que se percibe cada vez m\u00e1s viable en algunos sectores de la ciudadan\u00eda.<\/p>\n\n\n\n<p>\u00abA nivel europeo los cambios probablemente sean limitados. Habr\u00e1 posiblemente reelecci\u00f3n de las mismas personas en la comisi\u00f3n, principalmente de la presidenta Von der Leyen, eso no es un terremoto pol\u00edtico\u00bb, sostuvo Jean-Marie Chenou, doctor en Ciencia Pol\u00edtica e investigador, en entrevista con France 24.<\/p>\n\n\n\n<p>El panorama de los ultras en Europa sigue siendo diverso. En Italia y Hungr\u00eda ya gobiernan con solidez; mientras que, en Francia, Alemania y Pa\u00edses Bajos, la extrema derecha ya figura entre las dos principales fuerzas pol\u00edticas y se perfilan con posibilidades de ser las representaciones hegem\u00f3nicas dentro de naciones pilares para el frente europeo por los pr\u00f3ximos a\u00f1os. \u00bfC\u00f3mo se explica el ascenso de la ultraderecha en Europa?<\/p>\n\n\n\n<p>La capitalizaci\u00f3n del descontento popular<\/p>\n\n\n\n<p>Para entender el actual avance de la extrema derecha hay que mirar hacia atr\u00e1s. Para Elvia Laija Olmedo, maestra en Estudios Internacionales y acad\u00e9mica en la Universidad Iberoamericana Puebla, la negligencia gubernamental de los moderados en relaci\u00f3n con el ciudadano de a pie inici\u00f3 el ascenso ultra que tiene sus primeros frutos en la presente d\u00e9cada.<\/p>\n\n\n\n<p>\u00abDesde la crisis del euro en 2010, la mayor\u00eda de los ciudadanos europeos se siente traicionados por los gobiernos que, obligados a realzar grandes ajustes presupuestales, lo hicieron sacrificando el gasto social\u00bb, expresa Laija Olmedo para France 24.<\/p>\n\n\n\n<p>Justamente a ra\u00edz de esa crisis \u2014derivada en gran parte de la burbuja inmobiliaria que explot\u00f3 en Estados Unidos\u2014 es que muchos de los gobiernos del bloque europeo, divididos entre populares y socialistas, enfrentaron la crisis de una manera uniforme con una pol\u00edtica de austeridad estatal. Entonces, recortaron las asistencias sociales, debilitaron el Estado de bienestar y rescataron a las principales instituciones financieras afectadas.<\/p>\n\n\n\n<p>Pero con la intensidad del rescate financiero, los Gobiernos europeos dejaron en segundo plano a los ciudadanos.<\/p>\n\n\n\n<p>Olmedo resalta que es la extrema derecha es la \u00fanica facci\u00f3n pol\u00edtica que ha logrado capitalizar electoralmente el descontento popular con los excesos del capitalismo y las medidas impopulares que lo favorecen.<\/p>\n\n\n\n<p>\u00abLos partidos de extrema derecha han sabido capitalizar el rechazo que en todo el mundo se tiene hacia los pol\u00edticos &#8216;de siempre&#8217;, aquellos que dan prioridad a las exigencias de capitalismo global frente a las necesidades sociales\u00bb, se\u00f1ala la tambi\u00e9n experta en Europa.<\/p>\n\n\n\n<p>Una situaci\u00f3n a la que Olmedo le suma el panorama migratorio que viven los pa\u00edses del bloque. La Uni\u00f3n Europea ha visto el crecimiento del flujo de personas que buscan entrar en sus fronteras desde 2015. As\u00ed, el sentimiento antimigratorio ha sido una de las banderas de la ultraderecha que ha capitalizado el sentimiento nacionalista. Los discursos con respecto a la migraci\u00f3n, muchas veces xen\u00f3fobos y racistas, han conseguido calar en sectores del electorado y se han convertido en motivaciones electorales.<\/p>\n\n\n\n<p>Los coletazos de la guerra en Ucrania<\/p>\n\n\n\n<p>Otra de las razones del avance de la extrema derecha en la Uni\u00f3n Europea se encuentra m\u00e1s all\u00e1 de los l\u00edmites del bloque. La guerra en Ucrania ha influido en el electorado.<\/p>\n\n\n\n<p>El apoyo irrestricto del bloque europeo al Gobierno de Kiev ante la invasi\u00f3n rusa ha provocado ciertas animosidades dentro de algunos sectores europeos, que no ven con tan buenos ojos el profundo involucramiento de la Uni\u00f3n Europea un conflicto que, aunque toca al continente, no involucra a ninguno de los 27 Estados del grupo.<\/p>\n\n\n\n<p>En Francia, uno de los bastiones del apoyo ucraniano en Europa, el electorado ha castigado al presidente Emmanuel Macron en las urnas. El partido del mandatario qued\u00f3 en un muy lejano segundo lugar, detr\u00e1s de la extrema derecha de Marine Le Pen.<\/p>\n\n\n\n<p>Para muchos, la postura de Macron con respecto a Ucrania es excesiva. Adem\u00e1s, sus constantes peticiones a los aliados europeos para que intensifiquen el env\u00edo de ayuda habr\u00edan mellado en su legitimidad nacional.<\/p>\n\n\n\n<p>Debe de reconocerse que partidos de extrema derecha se oponen de manera sistem\u00e1tica a incrementar el env\u00edo de ayuda militar a Ucrania. Quiz\u00e1 de manera tangencial haya quedado registrado entre los votantes franceses las declaraciones del presidente sobre la posibilidad del env\u00edo de tropas de ese pa\u00eds como instructores a Ucrania, explica Olmedo.<\/p>\n\n\n\n<p>La inoperancia de la izquierda europea<\/p>\n\n\n\n<p>La extrema derecha tambi\u00e9n se ha beneficiado de la impopularidad de sus contrincantes. El auge de los ultras se alimenta de la impopularidad conservadora y la incapacidad de la izquierda continental por materializar los reclamos con los que llegaron al escenario principal de la pol\u00edtica europea hace unos a\u00f1os.<\/p>\n\n\n\n<p>La izquierda, desde los comunistas franceses hasta la socialdemocracia espa\u00f1ola, ha perdido la legitimidad que los encumbr\u00f3 como la principal fuerza pol\u00edtica europea hace una d\u00e9cada, cuando consigui\u00f3 arrastrar la frustraci\u00f3n popular con un sistema econ\u00f3mico que, en un supuesto, la coalici\u00f3n progresista busca modificar, o hasta erradicar.<\/p>\n\n\n\n<p>Pero la realidad fue otra. Representaciones como Podemos en Espa\u00f1a o el partido alem\u00e1n Die Linke tuvieron que pactar con grupos m\u00e1s moderados dentro de sus pa\u00edses para lograr, como m\u00ednimo, hacerse de un espacio en el poder. De esta forma, estuvieron lejos de materializar las promesas con las que hab\u00edan arribado a sus hemiciclos nacionales.<\/p>\n\n\n\n<p>\u00abEl actual auge de la derecha, \u00faltimamente en su forma &#8216;populista&#8217;, tambi\u00e9n indica que la izquierda no ha sabido relacionarse con la frustraci\u00f3n popular, dejando el campo libre a las fuerzas de derechas, que pueden dirigirla contra los inmigrantes u otros chivos expiatorios\u00bb, sentenci\u00f3 Loren Balhorn, periodista alem\u00e1n, para la revista &#8216;Jacobin&#8217;.<\/p>\n\n\n\n<p>La confianza de una parte del electorado obrero, agr\u00edcola o incluso estudiantil se vio debilitada cuando los Gobiernos que prometieron defender sus intereses a capa y espada recortaron fondos p\u00fablicos para rescatar a las grandes multinacionales que se encontraban en terapia intensiva.<\/p>\n\n\n\n<p>\u00abLa socialdemocracia dej\u00f3 ser el referente ideol\u00f3gico de la izquierda y esto se hizo evidente con las &#8216;medidas de emergencia&#8217; que se tomaron a ra\u00edz de la crisis econ\u00f3mica que comenz\u00f3 en Europa en 2010. Los gobiernos y la propia Comisi\u00f3n Europea priorizaron el recate de bancos y empresas, rescataron a los grandes capitalistas y dejaron desamparada a la clase trabajadora\u00bb, a\u00f1ade Laija Olmedo para France24.<\/p>\n\n\n\n<p>Adem\u00e1s, uno de sus grandes problemas ha sido u eterna divisi\u00f3n interna que afecta sus aspiraciones electorales en diferentes pa\u00edses de la UE.<\/p>\n\n\n\n<p>\u00bfModeraci\u00f3n de los ultras o radicalizaci\u00f3n de la derecha tradicional?<\/p>\n\n\n\n<p>Con la izquierda estancada y una ultraderecha en ascenso, \u00bfd\u00f3nde queda la derecha tradicional europea?<\/p>\n\n\n\n<p>Las ganancias c\u00edclicas del conservadurismo europeo, aunado a sus fuertes bases electorales, le han otorgado de nuevo a la derecha cl\u00e1sica de la UE la responsabilidad de decidir el futuro ideol\u00f3gico y pol\u00edtico de la Europa de los pr\u00f3ximos cinco a\u00f1os.<\/p>\n\n\n\n<p>Para algunos, el crecimiento de la extrema derecha continental no hace m\u00e1s que beneficiar al centro conservador, ya que los electores indecisos usualmente votan por la estabilizaci\u00f3n de la estructura tradicional ante la amenaza de la irrupci\u00f3n extrema.<\/p>\n\n\n\n<p>\u00abEs un error pensar que la internacional nacionalista, o fascista, choca con un centro radical. Deber\u00edamos pensar en ellos como diferentes caras de la misma moneda. Son simbi\u00f3ticos. Macron nunca habr\u00eda llegado a presidente si Marine Le Pen no hubiera amenazado al sistema\u00bb, expres\u00f3 Yanis Varoufakis, exministro de Econom\u00eda griego, en una entrevista con la revista &#8216;Jacobin&#8217;.<\/p>\n\n\n\n<p>Por otro lado, el reto para la extrema derecha es encontrar una unidad en el Parlamento Europeo. Algo que es poco com\u00fan, pues las dos familias ultraderechistas se encuentran divididas por las pretensiones pol\u00edticas y hasta por grietas internas. Un ejemplo cercano es la reciente expulsi\u00f3n de Alternativa para Alemania (AfD) de ID por las pol\u00e9micas declaraciones de su l\u00edder con respecto a las SS nazis.<\/p>\n\n\n\n<p>Sin embargo, nuevos liderazgos como el de la italiana Giorgia Meloni podr\u00edan construir un bloque m\u00e1s s\u00f3lido de los ultras en el Parlamento Europeo. Tambi\u00e9n el triunfo de Agrupaci\u00f3n Nacional de Marine Le Pen en Francia podr\u00eda ser el impulso que le hac\u00eda falta a la extrema derecha europea.<\/p>\n\n\n\n<p>\u00abLa extrema derecha es muy diversa en Europa, con intereses muy nacionales y les ha costado mucho trabajar por causas en com\u00fan, pero quiz\u00e1 con el triunfo tan claro de Agrupaci\u00f3n Nacional de Le Pen, los conservadores tenga el liderazgo que les hac\u00eda falta\u00bb, menciona Olmedo.<\/p>\n\n\n\n<p>Ahora ser\u00e1 turno de Ursula Von der Leyen, actual presidenta de la Comisi\u00f3n Europea y candidata con todas las cartas a su favor para ser reelegida de direccionar qu\u00e9 camino tomar\u00e1 su partido, el PPE: cercar a la extrema derecha a trav\u00e9s de la coalici\u00f3n mayoritaria moderada que ya imperaba en el Parlamento o negociar con los ultras.<\/p>\n\n\n\n<p>Se trata de un panorama nuevo que se abri\u00f3 con el fracaso de los liberales, algo que signific\u00f3 mayor representaci\u00f3n para los ultras. As\u00ed las cosas, la coalici\u00f3n entre S&amp;D, PPE y Renovar Europa no parece tan s\u00f3lida como en el ciclo anterior, lo que significar\u00eda la necesidad de incluir a otra representaci\u00f3n para terminar de cimentar una hegemon\u00eda legislativa estable.<\/p>\n\n\n\n<p>Los Verdes, a pesar de su estrepitoso desempe\u00f1o electoral, podr\u00edan ser la opci\u00f3n m\u00e1s plausible. El partido ecologista se ha mostrado abierto a negociar con los tres gigantes del Parlamento, aunque detr\u00e1s de sus intenciones podr\u00edan estar peticiones sobre el Pacto Verde Europeo, que ha demostrado ser sumamente impopular entre las clases trabajadoras.<\/p>\n\n\n\n<p>Por el otro lado, la clave parece recaer en Meloni, que se ha deslindado un poco del extremismo m\u00e1s duro en favor de su compromiso atl\u00e1ntico. La premier italiana parece tener buena relaci\u00f3n con Von der Leyen, quien no ha descartado pactar con CRE, encabezado por Meloni, todo para dejar de lado al frente progresista y poner el \u00faltimo clavo en su ata\u00fad.<\/p>\n\n\n\n<p>\u00abEs cierto que Meloni se ha comportado m\u00e1s europe\u00edsta de lo que se esperaba, pero ideol\u00f3gicamente parecen incompatibles las agendas del Partido Hermanos de Italia con el Partido Popular Europeo (\u2026) Aunque las negociaciones podr\u00edan ya estar llev\u00e1ndose a cabo a puerta cerrada para mantener las posturas ideol\u00f3gicas\u00bb, detall\u00f3 la maestra en Estudios Internacionales.<\/p>\n\n\n\n<p>Sobre la mesa de negociaciones ya est\u00e1n las cartas de todos los partidos. Una baraja muy distinta que la de las \u00faltimas elecciones. Ahora los pol\u00edticos de extrema derecha multiplican sus apuestas.<\/p>\n\n\n\n<p>Con Reuters<\/p>\n","protected":false},"excerpt":{"rendered":"<p>Tras meses de encuestas previas que vislumbraban una irrupci\u00f3n hist\u00f3rica de la extrema derecha en la Euroc\u00e1mara, los resultados de las elecciones del bloque no confirmaron las amplias tendencias favorables que se auguraban para los ultras. Sin embargo, los comicios europeos s\u00ed dejaron una extrema derecha fortalecida. El hartazgo popular, la guerra en Ucrania y [&hellip;]<\/p>\n","protected":false},"author":1,"featured_media":2910,"comment_status":"open","ping_status":"open","sticky":false,"template":"","format":"standard","meta":{"footnotes":""},"categories":[2],"tags":[],"class_list":["post-2909","post","type-post","status-publish","format-standard","has-post-thumbnail","hentry","category-actualidad"],"_links":{"self":[{"href":"http:\/\/www.elcapital.pe\/index.php?rest_route=\/wp\/v2\/posts\/2909","targetHints":{"allow":["GET"]}}],"collection":[{"href":"http:\/\/www.elcapital.pe\/index.php?rest_route=\/wp\/v2\/posts"}],"about":[{"href":"http:\/\/www.elcapital.pe\/index.php?rest_route=\/wp\/v2\/types\/post"}],"author":[{"embeddable":true,"href":"http:\/\/www.elcapital.pe\/index.php?rest_route=\/wp\/v2\/users\/1"}],"replies":[{"embeddable":true,"href":"http:\/\/www.elcapital.pe\/index.php?rest_route=%2Fwp%2Fv2%2Fcomments&post=2909"}],"version-history":[{"count":1,"href":"http:\/\/www.elcapital.pe\/index.php?rest_route=\/wp\/v2\/posts\/2909\/revisions"}],"predecessor-version":[{"id":2911,"href":"http:\/\/www.elcapital.pe\/index.php?rest_route=\/wp\/v2\/posts\/2909\/revisions\/2911"}],"wp:featuredmedia":[{"embeddable":true,"href":"http:\/\/www.elcapital.pe\/index.php?rest_route=\/wp\/v2\/media\/2910"}],"wp:attachment":[{"href":"http:\/\/www.elcapital.pe\/index.php?rest_route=%2Fwp%2Fv2%2Fmedia&parent=2909"}],"wp:term":[{"taxonomy":"category","embeddable":true,"href":"http:\/\/www.elcapital.pe\/index.php?rest_route=%2Fwp%2Fv2%2Fcategories&post=2909"},{"taxonomy":"post_tag","embeddable":true,"href":"http:\/\/www.elcapital.pe\/index.php?rest_route=%2Fwp%2Fv2%2Ftags&post=2909"}],"curies":[{"name":"wp","href":"https:\/\/api.w.org\/{rel}","templated":true}]}}