{"id":2906,"date":"2024-06-12T20:37:14","date_gmt":"2024-06-13T01:37:14","guid":{"rendered":"http:\/\/www.elcapital.pe\/?p=2906"},"modified":"2024-06-12T20:37:14","modified_gmt":"2024-06-13T01:37:14","slug":"los-puntos-clave-de-la-cumbre-del-g7-en-italia-guerras-desarrollo-y-migracion","status":"publish","type":"post","link":"http:\/\/www.elcapital.pe\/?p=2906","title":{"rendered":"LOS PUNTOS CLAVE DE LA CUMBRE DEL G7 EN ITALIA: GUERRAS, DESARROLLO Y MIGRACION"},"content":{"rendered":"\n<p>En el sur de Italia se llevar\u00e1 a cabo la edici\u00f3n de este a\u00f1o de la cumbre del G7, del 13 al 15 de junio. Junto a sus invitados \u2013como el papa Francisco, quien asistir\u00e1 a una reuni\u00f3n de este tipo por primera vez\u2013, el grupo de pa\u00edses abordar\u00e1 una agitada agenda que incluye la guerra en Ucrania, el conflicto en Gaza, la migraci\u00f3n, el desarrollo y la econom\u00eda. Todo esto a pocos d\u00edas de haberse llevado a cabo las elecciones europeas, que sin duda har\u00e1n parte del debate.<\/p>\n\n\n\n<p>Una de las reuniones m\u00e1s importantes para la geopol\u00edtica mundial est\u00e1 por empezar. Se trata de la reuni\u00f3n anual del Grupo de los Siete (G7), el foro que re\u00fane a las econom\u00edas m\u00e1s industrializadas y que, a\u00f1o tras a\u00f1o, eval\u00faa la agenda internacional en t\u00e9rminos de econom\u00eda y pol\u00edtica.<\/p>\n\n\n\n<p>En la edici\u00f3n de este a\u00f1o, que va del 13 al 15 de junio, Italia es el pa\u00eds anfitri\u00f3n. El pa\u00eds europeo acoger\u00e1 a sus compa\u00f1eros miembros del G7: Estados Unidos, Jap\u00f3n, Canad\u00e1, Alemania, Francia, Reino Unido y la Uni\u00f3n Europea \u2013miembro de facto del grupo\u2013.<\/p>\n\n\n\n<p>Adem\u00e1s, como es costumbre, el pa\u00eds anfitri\u00f3n puede invitar a otros Estados, organizaciones o personajes de la escena geopol\u00edtica internacional a ser parte de la cumbre.<\/p>\n\n\n\n<p>Este a\u00f1o, Italia le da la bienvenida al papa Francisco, al rey de Jordania, y a l\u00edderes de pa\u00edses de todas las latitudes, entre ellos Ucrania, India, Brasil, Argentina, Turqu\u00eda, Emiratos \u00c1rabes Unidos, Kenia, Argelia, T\u00fanez y Mauritania.<\/p>\n\n\n\n<p>A la reuni\u00f3n, que tendr\u00e1 lugar en la regi\u00f3n sure\u00f1a de Apulia, tambi\u00e9n asistir\u00e1n personajes como el secretario general de Naciones Unidas y los jefes del Banco Mundial, del Fondo Monetario Internacional, del Banco Africano de Desarrollo y de la Organizaci\u00f3n para la Cooperaci\u00f3n y el Desarrollo Econ\u00f3mico (OCDE).<\/p>\n\n\n\n<p>Con dos guerras ocurriendo en simult\u00e1neo, la expectativa frente al nuevo Parlamento Europeo y m\u00faltiples desaf\u00edos econ\u00f3micos, el G7 y sus acompa\u00f1antes deber\u00e1n analizar una variada lista de pendientes que urgen de atenci\u00f3n.<\/p>\n\n\n\n<p>\u00bfCu\u00e1l es la agenda a abordar?<\/p>\n\n\n\n<p>Tras dos a\u00f1os de guerra, el conflicto en Ucrania sigue siendo uno de los principales temas en la escena geopol\u00edtica. Se espera que los l\u00edderes centren su atenci\u00f3n en poder llegar a un acuerdo en el que se establezca c\u00f3mo aprovechar las ganancias generadas por los activos rusos congelados en Occidente y utilizarlos para Ucrania.<\/p>\n\n\n\n<p>A prop\u00f3sito de la guerra en suelo ucraniano, el presidente estadounidense, Joe Biden, firmar\u00e1 este jueves 13 de junio un nuevo acuerdo de seguridad con Ucrania para garantizar el apoyo de Estados Unidos al pa\u00eds a largo plazo, todo esto en paralelo a la cumbre del Grupo de los Siete.<\/p>\n\n\n\n<p>Seg\u00fan las declaraciones de Jake Sullivan, asesor de Seguridad Nacional de la Casa Blanca, el apoyo estadounidense \u00abdurar\u00e1 mucho tiempo en el futuro, particularmente en el espacio de defensa y seguridad\u201d.<\/p>\n\n\n\n<p>A pesar de que el funcionario no dio muchos detalles, s\u00ed indic\u00f3 que con ese acuerdo Washington espera que Kiev implemente ciertas reformas y, al tiempo, poder supervisar el armamento que le suministra a las fuerzas ucranianas.<\/p>\n\n\n\n<p>Sullivan tambi\u00e9n arremeti\u00f3 contra Mosc\u00fa:<\/p>\n\n\n\n<p>\u201cal firmar esto tambi\u00e9n estaremos enviando a Rusia una se\u00f1al de nuestra determinaci\u00f3n. Si Vladimir Putin cree que puede sobrevivir a la coalici\u00f3n que apoya a Ucrania, est\u00e1 equivocado\u00bb, se\u00f1al\u00f3 el funcionario.<\/p>\n\n\n\n<p>Los anuncios en favor de Ucrania previo a la cumbre no han venido solo de parte de Estados Unidos.<\/p>\n\n\n\n<p>Seg\u00fan la oficina del primer ministro brit\u00e1nico, Rishi Sunak, el funcionario anunciar\u00e1 m\u00e1s de 300 millones de d\u00f3lares en asistencia a Ucrania para apoyar las necesidades humanitarias, energ\u00e9ticas y de estabilizaci\u00f3n para Kiev.<\/p>\n\n\n\n<p>\u00abDebemos ser decisivos y creativos en nuestros esfuerzos para apoyar a Ucrania y poner fin a la guerra ilegal de Putin en este momento cr\u00edtico\u00bb, asegur\u00f3 Sunak antes de la cumbre.<\/p>\n\n\n\n<p>La guerra en Gaza tambi\u00e9n ser\u00e1 abordada, en un momento en el que los esfuerzos de varias naciones est\u00e1n dirigidas a lograr un cese el fuego en el enclave palestino entre Ham\u00e1s e Israel.<\/p>\n\n\n\n<p>Los esfuerzos liderados por Estados Unidos y varios pa\u00edses de Oriente Pr\u00f3ximo han hecho que el plan de tregua ya cuente con la aprobaci\u00f3n del Consejo de Seguridad de la ONU y la respuesta del grupo palestino islamista Ham\u00e1s, que vela por el cese definitivo de la ofensiva israel\u00ed, la reconstrucci\u00f3n de Gaza y la retirada de las tropas israel\u00edes. Tras 8 meses de guerra, m\u00e1s de 37.000 personas han muerto en el enclave, seg\u00fan el Ministerio de Salud gazat\u00ed.&nbsp;<\/p>\n\n\n\n<p>\u00c1frica tambi\u00e9n ser\u00e1 parte de las conversaciones de las potencias en Italia. Se espera que los l\u00edderes y part\u00edcipes de la cumbre discutan sobre ese continente, la crisis clim\u00e1tica y el desarrollo de los pa\u00edses africanos. A su vez, tambi\u00e9n tendr\u00e1n lugar temas como la seguridad econ\u00f3mica, las fuentes energ\u00e9ticas del mundo, el Indopac\u00edfico y los debates sobre inteligencia artificial liderados por el papa Francisco.<\/p>\n\n\n\n<p>La edici\u00f3n del di\u00e1logo del G7 de este a\u00f1o es antecedida por las elecciones europeas del 9 de junio, en las que hubo un auge de la extrema de derecha en algunos pa\u00edses, decisiones de \u00faltimo minuto \u2013como la disoluci\u00f3n de la Asamblea Nacional francesa y la renuncia del primer ministro belga\u2013 y el perfilamiento de los candidatos que se preparan para liderar el bloque.<\/p>\n\n\n\n<p>Italia: anfitri\u00f3n de l\u00edderes mundiales y receptor de migrantes<\/p>\n\n\n\n<p>Adem\u00e1s de acoger la larga lista de actores geopol\u00edticos mencionada anteriormente y en cabeza de la primera ministra del pa\u00eds, la ultraderechista Giorgia Meloni \u2013quien sali\u00f3 victoriosa en los comicios europeos\u2013, Italia es un punto clave del tr\u00e1nsito migratorio por la ruta del mar Mediterr\u00e1neo.<\/p>\n\n\n\n<p>Al pa\u00eds llegan con regularidad migrantes provenientes en su mayor\u00eda de \u00c1frica, que naufragan en aguas mediterr\u00e1neas y son rescatados por diversas organizaciones ben\u00e9ficas como M\u00e9dicos SinFronteras. Prueba de ello es la isla de Lampedusa, a la que incluso llegan restos de personas que no pudieron completar su viaje y perdieron la vida en el mar.<\/p>\n\n\n\n<p>Ante esto, Italia, liderada por la extrema derecha de Meloni, ha aprobado leyes migratorias m\u00e1s estrictas y restricciones a las organizaciones ben\u00e9ficas que operan en las costas del pa\u00eds. A su vez, el Gobierno italiano tambi\u00e9n ha instado a pa\u00edses de origen como T\u00fanez y Libia a hacer m\u00e1s para regular el flujo migratorio.<\/p>\n\n\n\n<p>No obstante, la migraci\u00f3n no solo representa problemas para los pa\u00edses de acogida. La poblaci\u00f3n migrante emprende un viaje que no sabe si va a terminar. De acuerdo con Naciones Unidas, en el Mediterr\u00e1neo central se han registrado m\u00e1s de 20.000 muertes y desapariciones desde 2014, lo que ha convertido esta ruta en el cruce de migrantes m\u00e1s peligroso del mundo.<\/p>\n\n\n\n<p>La crisis migratoria que enfrenta no solo Italia sino toda Europa tambi\u00e9n se refleja en cifras de asilo y acogida.<\/p>\n\n\n\n<p>En 2023, se registr\u00f3 la cifra m\u00e1s alta desde 2016 de solicitudes de asilo a pa\u00edses de la Uni\u00f3n Europea y algunos otros del continente: 1,1 millones de personas. Es por eso que se espera una respuesta o una hoja de ruta de los pa\u00edses part\u00edcipes de la cumbre para hacer frente de manera contundente a la crisis migratoria.<\/p>\n\n\n\n<p>Con Reuters, EFE<\/p>\n","protected":false},"excerpt":{"rendered":"<p>En el sur de Italia se llevar\u00e1 a cabo la edici\u00f3n de este a\u00f1o de la cumbre del G7, del 13 al 15 de junio. Junto a sus invitados \u2013como el papa Francisco, quien asistir\u00e1 a una reuni\u00f3n de este tipo por primera vez\u2013, el grupo de pa\u00edses abordar\u00e1 una agitada agenda que incluye la [&hellip;]<\/p>\n","protected":false},"author":1,"featured_media":2907,"comment_status":"open","ping_status":"open","sticky":false,"template":"","format":"standard","meta":{"footnotes":""},"categories":[2],"tags":[],"class_list":["post-2906","post","type-post","status-publish","format-standard","has-post-thumbnail","hentry","category-actualidad"],"_links":{"self":[{"href":"http:\/\/www.elcapital.pe\/index.php?rest_route=\/wp\/v2\/posts\/2906","targetHints":{"allow":["GET"]}}],"collection":[{"href":"http:\/\/www.elcapital.pe\/index.php?rest_route=\/wp\/v2\/posts"}],"about":[{"href":"http:\/\/www.elcapital.pe\/index.php?rest_route=\/wp\/v2\/types\/post"}],"author":[{"embeddable":true,"href":"http:\/\/www.elcapital.pe\/index.php?rest_route=\/wp\/v2\/users\/1"}],"replies":[{"embeddable":true,"href":"http:\/\/www.elcapital.pe\/index.php?rest_route=%2Fwp%2Fv2%2Fcomments&post=2906"}],"version-history":[{"count":1,"href":"http:\/\/www.elcapital.pe\/index.php?rest_route=\/wp\/v2\/posts\/2906\/revisions"}],"predecessor-version":[{"id":2908,"href":"http:\/\/www.elcapital.pe\/index.php?rest_route=\/wp\/v2\/posts\/2906\/revisions\/2908"}],"wp:featuredmedia":[{"embeddable":true,"href":"http:\/\/www.elcapital.pe\/index.php?rest_route=\/wp\/v2\/media\/2907"}],"wp:attachment":[{"href":"http:\/\/www.elcapital.pe\/index.php?rest_route=%2Fwp%2Fv2%2Fmedia&parent=2906"}],"wp:term":[{"taxonomy":"category","embeddable":true,"href":"http:\/\/www.elcapital.pe\/index.php?rest_route=%2Fwp%2Fv2%2Fcategories&post=2906"},{"taxonomy":"post_tag","embeddable":true,"href":"http:\/\/www.elcapital.pe\/index.php?rest_route=%2Fwp%2Fv2%2Ftags&post=2906"}],"curies":[{"name":"wp","href":"https:\/\/api.w.org\/{rel}","templated":true}]}}