{"id":2886,"date":"2024-06-10T10:23:22","date_gmt":"2024-06-10T15:23:22","guid":{"rendered":"https:\/\/www.elcapital.pe\/?p=2886"},"modified":"2024-06-10T10:23:22","modified_gmt":"2024-06-10T15:23:22","slug":"listos-para-enderezar-el-pais-le-pen-sobre-elecciones-anticipadas-tras-reves-del-partido-de-macron-en-las-europeas","status":"publish","type":"post","link":"http:\/\/www.elcapital.pe\/?p=2886","title":{"rendered":"\u201cLISTOS PARA ENDEREZAR EL PAIS\u201d: LE PEN SOBRE ELECCIONES ANTICIPADAS TRAS REVES DEL PARTIDO DE MACRON EN LAS EUROPEAS"},"content":{"rendered":"\n<p>Este lunes 10 de junio, un d\u00eda despu\u00e9s de que concluyeran las votaciones al Parlamento Europeo en los 27 pa\u00edses del bloque- que representaron un duro rev\u00e9s en Francia para el partido centrista Renacimiento, del presidente Emmanuel Macron, que convoc\u00f3 a elecciones anticipadas-la l\u00edder del partido de ultraderecha Agrupaci\u00f3n Nacional, Marine Le Pen, advirti\u00f3 que ella y su bancada \u201cest\u00e1n listos a enderezar el pa\u00eds\u201d. Poco antes, Macron se\u00f1al\u00f3 que conf\u00eda en que los ciudadanos tomar\u00e1n la elecci\u00f3n m\u00e1s correcta para ellos y las futuras generaciones el pr\u00f3ximo 30 de junio y el 7 de junio. Los comicios siguen mostrando efectos: los mercados burs\u00e1tiles del continente abrieron en rojo, especialmente afectados en Francia; y en Espa\u00f1a, la l\u00edder de Sumar, Yolanda D\u00edaz, anunci\u00f3 su dimisi\u00f3n como coordinadora del partido, pero se mantiene en la coalici\u00f3n de Gobierno.<\/p>\n\n\n\n<p>El presidente Emmanuel Macron emiti\u00f3 este lunes un mensaje en el que afirma que conf\u00eda en que los franceses tomar\u00e1n la mejor decisi\u00f3n en las elecciones anticipadas a las que convoc\u00f3 tras el rev\u00e9s de su partido en las europeas.<\/p>\n\n\n\n<p>La primera ministra de Italia, Giorgia Meloni, asegura que a\u00fan es \u00abmuy pronto\u00bb para decidir sobre una posible reelecci\u00f3n de Ursula Von der Leyen, que aspira a repetir mandato en la Comisi\u00f3n Europea.<\/p>\n\n\n\n<p>Los principales \u00edndices burs\u00e1tiles de la Uni\u00f3n Europea iniciaron sesi\u00f3n en rojo ante el auge de la ultraderecha en los comicios. Francia se lleva el mayor impacto al ceder un 1,7% en la apertura.<\/p>\n\n\n\n<p>En Espa\u00f1a, la l\u00edder de Sumar, Yolanda D\u00edaz, anunci\u00f3 su renuncia como coordinadora del partido, pero se mantiene como vicepresidenta segunda del Gobierno.<\/p>\n\n\n\n<p>El ministro de Exteriores israel\u00ed se mofa de los resultados del PSOE en Espa\u00f1a<\/p>\n\n\n\n<p>En una publicaci\u00f3n en la plataforma X, Israel Katz, ministro de Exteriores israel\u00ed, public\u00f3 una imagen creada artificialmente para mofarse del presidente del Gobierno espa\u00f1ol, Pedro S\u00e1nchez, y de la vicepresidenta segunda, Yolanda D\u00edaz, alegando que el pueblo espa\u00f1ol los habr\u00eda \u201ccastigado\u201d con su voto en las elecciones europeas por su apoyo a la causa palestina.<\/p>\n\n\n\n<p>En Espa\u00f1a, el ganador de las elecciones fue el Partido Popular, de la derecha tradicional, con 22 esca\u00f1os. El Partido Socialista Obrero Espa\u00f1ol (PSOE), del actual presidente del Ejecutivo, ocupa el segundo lugar, con 20 esca\u00f1os. El alcance del ultraderechista Vox no fue tan grande como en otros pa\u00edses del bloque: si bien lleg\u00f3 en tercer lugar, contar\u00e1 con un total de 6 esca\u00f1os.<\/p>\n\n\n\n<p>El ataque de Katz llega pocos d\u00edas despu\u00e9s de que Espa\u00f1a anunciara que se sumar\u00e1 a la demanda de Sud\u00e1frica contra Israel por \u00abgenocidio\u00bb ante la Corte Internacional de Justicia (CIJ), proceso que inici\u00f3 desde el pasado diciembre.<\/p>\n\n\n\n<p>Francia: Agrupaci\u00f3n Nacional asegura estar lista para gobernar tras anuncio de elecciones anticipadas<\/p>\n\n\n\n<p>Luego de que el presidente franc\u00e9s, Emmanuel Macron, anunciara elecciones anticipadas por el batacazo de su partido, Renacimiento, ante la bancada de extrema derecha Agrupaci\u00f3n Nacional, la l\u00edder de ese movimiento pol\u00edtico, Marine Le Pen, asegur\u00f3 que se encuentran listos para gobernar y \u00abenderezar el pa\u00eds\u00bb.<\/p>\n\n\n\n<p>\u00abEstamos dispuestos a defender los intereses de los franceses, dispuestos a poner fin a esta inmigraci\u00f3n masiva, dispuestos a hacer del poder adquisitivo de los franceses una prioridad, en resumen, estamos dispuestos, estamos listos a enderezar el pa\u00eds\u00bb, sostuvo Le Pen este lunes 10 de junio ante la prensa, previo a una reuni\u00f3n de su partido.<\/p>\n\n\n\n<p>Por su parte, el vicepresidente del partido, Louis Aliot, sostuvo que \u00abmuy pronto, podremos volver a ver a Francia en movimiento\u00bb.<\/p>\n\n\n\n<p>Por primera vez, el partido ultraderechista franc\u00e9s lider\u00f3 los resultados en la regi\u00f3n de la capital, \u00cele-de-France, con el 18,79% de los votos. Aunque no gan\u00f3 en Par\u00eds y sus suburbios inmediatos, s\u00ed que lo hizo en las comunas y zonas rurales perif\u00e9ricas a la capital francesa.<\/p>\n\n\n\n<p>La ultraderecha alemana pide a Scholz \u00abseguir el ejemplo\u00bb de Macron y convocar a comicios anticipados<\/p>\n\n\n\n<p>Alternativa para Alemania (AfD), partido de extrema derecha, alcanz\u00f3 en el pa\u00eds el segundo puesto en las elecciones al Parlamento Europeo, por delante de la coalici\u00f3n del canciller, Olaf Scholz, del Partido Socialdem\u00f3crata (SPD).<\/p>\n\n\n\n<p>\u201cEn realidad Scholz deber\u00eda seguir el ejemplo, el muy buen ejemplo de Emmanuel Macron, y allanar el camino a unas nuevas elecciones\u201d, declar\u00f3 este lunes Alice Weidel, col\u00edder de la AfD, en una rueda de prensa en Berl\u00edn.<\/p>\n\n\n\n<p>Tras la victoria del partido de extrema derecha en Francia, Agrupaci\u00f3n Nacional (RN), el presidente Emmanuel Macron disolvi\u00f3 la Asamblea Nacional, convocando elecciones legislativas anticipadas.<\/p>\n\n\n\n<p>Los col\u00edderes del partido Alternativa para Alemania (AfD), Alice Weidel y Tino Chrupalla, asisten a una rueda de prensa tras los resultados de las elecciones europeas, en Berl\u00edn, Alemania, el 10 de junio de 2024.<\/p>\n\n\n\n<p>Las candidaturas de Alternativa para Alemania al Parlamento Europeo se han visto rodeadas de esc\u00e1ndalos, por lo que el partido fue excluido del grupo parlamentario ultraderechista Identidad y Democracia en mayo. Ahora, Wiedel afirm\u00f3 que el partido est\u00e1 listo para negociar su regreso con Marine Le Pen, l\u00edder del RN.<\/p>\n\n\n\n<p>Espa\u00f1a: Yolanda D\u00edaz da un paso atr\u00e1s como l\u00edder de Sumar tras resultados en las europeas<\/p>\n\n\n\n<p>La l\u00edder del partido de izquierda y miembro de la coalici\u00f3n gubernamental en Espa\u00f1a, Yolanda D\u00edaz, anuncia que dimite a sus responsabilidades como coordinadora de su bancada pol\u00edtica tras los resultados de las elecciones europeas.<\/p>\n\n\n\n<p>Sin embargo, D\u00edaz aclara que seguir\u00e1 en su cargo como vicepresidenta segunda del Gobierno de Pedro S\u00e1nchez.<\/p>\n\n\n\n<p>En Espa\u00f1a, el Partido Popular, del l\u00edder de la oposici\u00f3n Alberto N\u00fa\u00f1ez Feijo\u00f3 obtiene el primer lugar con 22 esca\u00f1os, le sigue la bancada oficialista, el Partido Socialista Obrero Espa\u00f1ol (PSOE), con 20 legisladores. Y en tercer lugar, el ultraderechista, con solo 6 diputados.<\/p>\n\n\n\n<p>Caen los principales mercados burs\u00e1tiles tras resultados de las elecciones europeas<\/p>\n\n\n\n<p>Los principales \u00edndices burs\u00e1tiles de la Uni\u00f3n Europea cayeron en la ma\u00f1ana de este 10 de junio, despu\u00e9s del ascenso sin precedentes de la extrema derecha en el \u00f3rgano legislativo del bloque.<\/p>\n\n\n\n<p>En Francia, la incertidumbre pol\u00edtica tras el anuncio de la disoluci\u00f3n de la Asamblea Nacional se vio reflejada en la Bolsa de Par\u00eds, que abri\u00f3 con un descenso superior al 2% frente al cierre del pasado viernes 7 de mayo.<\/p>\n\n\n\n<p>El CAC-40 fue moderando la ca\u00edda, su mayor p\u00e9rdida de puntos porcentuales en un d\u00eda desde julio de 2023, en el transcurso de la ma\u00f1ana.<\/p>\n\n\n\n<p>Adem\u00e1s de las bajas de los \u00edndices, la incertidumbre se not\u00f3 en el volumen de actividad de la Bolsa parisina. En menos de una hora tras su apertura, se hab\u00edan negociado t\u00edtulos por un valor de m\u00e1s de 770 millones de euros. En una jornada burs\u00e1til completa, el valor de los t\u00edtulos negociados rara vez supera los 4.000 millones.&nbsp;<\/p>\n\n\n\n<p>\u201cLo que hemos visto antes, cuando han habido otras formas de apuestas pol\u00edticas, sin dejar de considerar el referendo por el Brexit en el Reino Unido, es que nunca puedes necesariamente estar seguro de hacia d\u00f3nde girar\u00e1n los electores\u201d, dijo Susannah Streeter, jefa de mercados en la financiera Hargreaves Lansdown, a Reuters, explicando el impacto del clima pol\u00edtico en los inversionistas.<\/p>\n\n\n\n<p>Al inicio de la jornada, el \u00edndice burs\u00e1til europeo STOXX 600 hab\u00eda ca\u00eddo un 0,6%, el alem\u00e1n DAX un 0,7% y el espa\u00f1ol IBEX un 0,6%.<\/p>\n\n\n\n<p>M\u00e1s all\u00e1 de las elecciones al Parlamento Europeo, los inversores se encuentran a la espera del dato de la inflaci\u00f3n estadounidense, considerando que el Banco Central Europeo baj\u00f3 los tipos de inter\u00e9s en un 0,25% la semana pasada.<\/p>\n","protected":false},"excerpt":{"rendered":"<p>Este lunes 10 de junio, un d\u00eda despu\u00e9s de que concluyeran las votaciones al Parlamento Europeo en los 27 pa\u00edses del bloque- que representaron un duro rev\u00e9s en Francia para el partido centrista Renacimiento, del presidente Emmanuel Macron, que convoc\u00f3 a elecciones anticipadas-la l\u00edder del partido de ultraderecha Agrupaci\u00f3n Nacional, Marine Le Pen, advirti\u00f3 que [&hellip;]<\/p>\n","protected":false},"author":1,"featured_media":2887,"comment_status":"open","ping_status":"open","sticky":false,"template":"","format":"standard","meta":{"footnotes":""},"categories":[2],"tags":[],"class_list":["post-2886","post","type-post","status-publish","format-standard","has-post-thumbnail","hentry","category-actualidad"],"_links":{"self":[{"href":"http:\/\/www.elcapital.pe\/index.php?rest_route=\/wp\/v2\/posts\/2886","targetHints":{"allow":["GET"]}}],"collection":[{"href":"http:\/\/www.elcapital.pe\/index.php?rest_route=\/wp\/v2\/posts"}],"about":[{"href":"http:\/\/www.elcapital.pe\/index.php?rest_route=\/wp\/v2\/types\/post"}],"author":[{"embeddable":true,"href":"http:\/\/www.elcapital.pe\/index.php?rest_route=\/wp\/v2\/users\/1"}],"replies":[{"embeddable":true,"href":"http:\/\/www.elcapital.pe\/index.php?rest_route=%2Fwp%2Fv2%2Fcomments&post=2886"}],"version-history":[{"count":1,"href":"http:\/\/www.elcapital.pe\/index.php?rest_route=\/wp\/v2\/posts\/2886\/revisions"}],"predecessor-version":[{"id":2888,"href":"http:\/\/www.elcapital.pe\/index.php?rest_route=\/wp\/v2\/posts\/2886\/revisions\/2888"}],"wp:featuredmedia":[{"embeddable":true,"href":"http:\/\/www.elcapital.pe\/index.php?rest_route=\/wp\/v2\/media\/2887"}],"wp:attachment":[{"href":"http:\/\/www.elcapital.pe\/index.php?rest_route=%2Fwp%2Fv2%2Fmedia&parent=2886"}],"wp:term":[{"taxonomy":"category","embeddable":true,"href":"http:\/\/www.elcapital.pe\/index.php?rest_route=%2Fwp%2Fv2%2Fcategories&post=2886"},{"taxonomy":"post_tag","embeddable":true,"href":"http:\/\/www.elcapital.pe\/index.php?rest_route=%2Fwp%2Fv2%2Ftags&post=2886"}],"curies":[{"name":"wp","href":"https:\/\/api.w.org\/{rel}","templated":true}]}}