{"id":2863,"date":"2024-06-06T18:43:27","date_gmt":"2024-06-06T23:43:27","guid":{"rendered":"https:\/\/www.elcapital.pe\/?p=2863"},"modified":"2024-06-06T18:43:27","modified_gmt":"2024-06-06T23:43:27","slug":"macron-anuncia-el-traslado-de-aviones-mirage-2000-a-kiev-y-la-formacion-de-pilotos-ucranianos-en-francia","status":"publish","type":"post","link":"http:\/\/www.elcapital.pe\/?p=2863","title":{"rendered":"MACRON ANUNCIA EL \u201cTRASLADO\u201d DE AVIONES MIRAGE 2000 A KIEV Y LA FORMACION DE PILOTOS UCRANIANOS EN FRANCIA"},"content":{"rendered":"\n<p>El presidente Emmanuel Macron declar\u00f3 el jueves 6 de junio en una entrevista con las cadenas de televisi\u00f3n que Francia tiene previsto entregar aviones de combate Mirage 2000 a Ucrania. El Mirage 2000 es un caza franc\u00e9s polivalente, monomotor y de cuarta generaci\u00f3n. Asimismo, explic\u00f3 que su pa\u00eds formar\u00e1 pilotos en territorio franc\u00e9s y a una brigada de 4.500 soldados ucranianos, a los que \u00abequipar\u00e1, entrenar\u00e1 y prestar\u00e1 armas\u00bb.<\/p>\n\n\n\n<p>\u00abMa\u00f1ana lanzaremos una nueva cooperaci\u00f3n y anunciaremos la transferencia a Ucrania de cazas Mirage 2000-5 fabricados por el fabricante franc\u00e9s Dassault y entrenaremos a sus pilotos ucranianos en Francia\u00bb, afirm\u00f3 el presidente Emmanuel Macron a la televisi\u00f3n local en una entrevista en directo.<\/p>\n\n\n\n<p>El gobernante franc\u00e9s hizo este anuncio al t\u00e9rmino de una jornada de conmemoraci\u00f3n del desembarco del &#8216;D\u00eda D&#8217;, el 6 de junio de 1944, a la que asisti\u00f3 el mandatario ucraniano, Volod\u00edmir Zelenski.<\/p>\n\n\n\n<p>Sobre la solicitud de env\u00edo de instructores franceses a territorio ucraniano, un gesto que Mosc\u00fa considera una afrenta, el dirigente galo dijo que \u00abno hay que tener tab\u00fas sobre ese asunto\u00bb.<\/p>\n\n\n\n<p>\u00abNo se trata de ir a la zona de combate a realizar esas formaciones, pero, en el momento en el que Ucrania tiene un desaf\u00edo, tenemos que responder como ya lo hemos hecho\u00bb, asever\u00f3.<\/p>\n\n\n\n<p>Macron a\u00f1adi\u00f3 que Ucrania ha solicitado a sus aliados occidentales que env\u00eden instructores militares para entrenar a sus fuerzas en territorio ucraniano.<\/p>\n\n\n\n<p>\u00abHay un reto en la capacidad. Por eso, el presidente ucraniano y su ministro de Defensa han llamado a todos los aliados -hace 48 horas en una carta oficial- diciendo: &#8216;necesitamos que nos entrenen m\u00e1s r\u00e1pido y que lo hagan en nuestro suelo'\u00bb, dijo Macron.<\/p>\n\n\n\n<p>Macron subray\u00f3 que Francia no desea \u00abla escalada de la guerra\u00bb. Pero, subray\u00f3 que \u00abla paz (&#8230;) solo se lograr\u00e1 si Ucrania puede resistir\u00bb.<\/p>\n\n\n\n<p>\u00abLa situaci\u00f3n es dif\u00edcil\u00bb, reconoci\u00f3 el presidente franc\u00e9s, a\u00f1adiendo que el Ej\u00e9rcito ruso estaba asestando \u00abduros golpes\u00bb en la regi\u00f3n de J\u00e1rkiv.<\/p>\n\n\n\n<p>\u00abLa paz no puede significar la capitulaci\u00f3n de Ucrania\u00bb, abog\u00f3.<\/p>\n\n\n\n<p>\u00abLa paz debe llegar a trav\u00e9s de la negociaci\u00f3n\u00bb, afirm\u00f3. En su opini\u00f3n, ese momento a\u00fan no ha llegado \u00abya que Rusia sigue avanzando\u00bb.<\/p>\n\n\n\n<p>4.500 soldados ucranianos ser\u00e1n entrenados por Par\u00eds<\/p>\n\n\n\n<p>Adem\u00e1s de la promesa sobre la entrega de los aviones caza franceses a las filas de Kiev, el jefe de Estado galo tambi\u00e9n detall\u00f3 los planes de su Gobierno para entrenar alrededor de 4.500 pilotos militares de Ucrania, aunque no revel\u00f3 si todo el entrenamiento ser\u00eda ejecutado en territorio franc\u00e9s o si se pasar\u00eda al ucraniano.<\/p>\n\n\n\n<p>Con ello, Francia se unir\u00eda a Estados Unidos como los \u00fanicos aliados que suministran entrenamiento pr\u00e1ctico a ciertos activos estrat\u00e9gicos dentro de las filas del Ej\u00e9rcito ucraniano. Washington ya est\u00e1 llevando a cabo sesiones con pilotos ucranianos dentro una base militar en Arizona.<\/p>\n\n\n\n<p>Aunque no se sabe con exactitud cuando se materializar\u00e1 el env\u00edo de los aviones y el inicio de la instrucci\u00f3n militar, el Gobierno de Emmanuel Macron se posiciona como uno de los miembros de la OTAN m\u00e1s activos en sus respuestas de ayuda a Ucrania, que se ve cada vez m\u00e1s disminuida con los r\u00e1pidos avances de Mosc\u00fa dentro del territorio.<\/p>\n\n\n\n<p>A pesar del optimismo franc\u00e9s, los miembros del bloque occidental a\u00fan no est\u00e1n convencidos de generalizar la solidaridad con Ucrania en el \u00e1mbito militar, con pa\u00edses importantes de la OTAN, como Italia y Alemania, reticentes a enviar operadores para entrenar soldados ucranianos.<\/p>\n\n\n\n<p>El mismo secretario general de la OTAN, Jens Stoltenberg, ha descartado constantemente la posibilidad de que la alianza transatl\u00e1ntica pueda enviar tropas a combatir dentro de Kiev.<\/p>\n\n\n\n<p>\u00abNos estamos centrando en c\u00f3mo podemos establecer un marco m\u00e1s s\u00f3lido para nuestro apoyo\u00bb, expres\u00f3 Stoltenberg en un acto desde Finlandia, donde fue mucho m\u00e1s enf\u00e1tico en abrir los lazos de cooperaci\u00f3n financiera, y no militar, con Ucrania.<\/p>\n\n\n\n<p>Estados Unidos baja el tono tras amenaza de Putin<\/p>\n\n\n\n<p>Por su parte, el presidente estadounidense, Joe Biden, fue uno de los mandatarios que acompa\u00f1\u00f3 a Macron y Zelenski durante la conmemoraci\u00f3n del desembarco de Normand\u00eda, mostrando de nueva cuenta su intenso apoyo a la campa\u00f1a militar ucraniana, aunque tambi\u00e9n hizo expl\u00edcitos los l\u00edmites de su apoyo.<\/p>\n\n\n\n<p>Durante una entrevista con el medio estadounidense &#8216;ABC&#8217;, Biden fue claro en responder a las amenazas provenientes del Kremlin de un d\u00eda antes, donde su hom\u00f3logo ruso, Vlad\u00edmir Putin, baraj\u00f3 las opciones de una \u00abrespuesta asim\u00e9trica\u00bb a los constantes env\u00edos de armas procedentes de naciones occidentales a Kiev.<\/p>\n\n\n\n<p>\u00abSe autoriza su uso en las proximidades de la frontera cuando se utilizan al otro lado de la frontera para atacar objetivos espec\u00edficos en Ucrania (\u2026) No vamos a autorizar ataques a 200 millas dentro de Rusia y no vamos a autorizar ataques sobre Mosc\u00fa, sobre el Kremlin\u00bb, expres\u00f3 el mandatario estadounidense en la entrevista desde Normand\u00eda.<\/p>\n\n\n\n<p>Con AFP y EFE<\/p>\n","protected":false},"excerpt":{"rendered":"<p>El presidente Emmanuel Macron declar\u00f3 el jueves 6 de junio en una entrevista con las cadenas de televisi\u00f3n que Francia tiene previsto entregar aviones de combate Mirage 2000 a Ucrania. El Mirage 2000 es un caza franc\u00e9s polivalente, monomotor y de cuarta generaci\u00f3n. Asimismo, explic\u00f3 que su pa\u00eds formar\u00e1 pilotos en territorio franc\u00e9s y a [&hellip;]<\/p>\n","protected":false},"author":1,"featured_media":2864,"comment_status":"open","ping_status":"open","sticky":false,"template":"","format":"standard","meta":{"footnotes":""},"categories":[2],"tags":[],"class_list":["post-2863","post","type-post","status-publish","format-standard","has-post-thumbnail","hentry","category-actualidad"],"_links":{"self":[{"href":"http:\/\/www.elcapital.pe\/index.php?rest_route=\/wp\/v2\/posts\/2863","targetHints":{"allow":["GET"]}}],"collection":[{"href":"http:\/\/www.elcapital.pe\/index.php?rest_route=\/wp\/v2\/posts"}],"about":[{"href":"http:\/\/www.elcapital.pe\/index.php?rest_route=\/wp\/v2\/types\/post"}],"author":[{"embeddable":true,"href":"http:\/\/www.elcapital.pe\/index.php?rest_route=\/wp\/v2\/users\/1"}],"replies":[{"embeddable":true,"href":"http:\/\/www.elcapital.pe\/index.php?rest_route=%2Fwp%2Fv2%2Fcomments&post=2863"}],"version-history":[{"count":1,"href":"http:\/\/www.elcapital.pe\/index.php?rest_route=\/wp\/v2\/posts\/2863\/revisions"}],"predecessor-version":[{"id":2865,"href":"http:\/\/www.elcapital.pe\/index.php?rest_route=\/wp\/v2\/posts\/2863\/revisions\/2865"}],"wp:featuredmedia":[{"embeddable":true,"href":"http:\/\/www.elcapital.pe\/index.php?rest_route=\/wp\/v2\/media\/2864"}],"wp:attachment":[{"href":"http:\/\/www.elcapital.pe\/index.php?rest_route=%2Fwp%2Fv2%2Fmedia&parent=2863"}],"wp:term":[{"taxonomy":"category","embeddable":true,"href":"http:\/\/www.elcapital.pe\/index.php?rest_route=%2Fwp%2Fv2%2Fcategories&post=2863"},{"taxonomy":"post_tag","embeddable":true,"href":"http:\/\/www.elcapital.pe\/index.php?rest_route=%2Fwp%2Fv2%2Ftags&post=2863"}],"curies":[{"name":"wp","href":"https:\/\/api.w.org\/{rel}","templated":true}]}}