{"id":2860,"date":"2024-06-06T18:30:19","date_gmt":"2024-06-06T23:30:19","guid":{"rendered":"https:\/\/www.elcapital.pe\/?p=2860"},"modified":"2024-06-06T18:30:19","modified_gmt":"2024-06-06T23:30:19","slug":"continua-el-malestar-social-en-bolivia-por-la-situacion-economica-arce-defiende-sus-politicas-desde-rusia","status":"publish","type":"post","link":"http:\/\/www.elcapital.pe\/?p=2860","title":{"rendered":"CONTINUA EL MALESTAR SOCIAL EN BOLIVIA POR LA SITUACION ECONOMICA; ARCE DEFIENDE SUS POLITICAS DESDE RUSIA"},"content":{"rendered":"\n<p>Bolivia vive un clima de malestar social por los recurrentes problemas en la provisi\u00f3n de combustibles, la escasez de d\u00f3lares para los negocios y por la inflaci\u00f3n en alimentos y en medicamentos, justo cuando el presidente Luis Arce visita Rusia como invitado especial para disertar en el XXVII Foro Econ\u00f3mico Internacional de San Petersburgo. \u00bfQu\u00e9 est\u00e1 pasando? Informe desde La Paz.<\/p>\n\n\n\n<p>El mandatario boliviano Luis Arce arrib\u00f3 a San Petersburgo y este jueves 6 de junio se reunir\u00e1 con el presidente Vladimir Putin y con la corporaci\u00f3n nuclear Rosatom, que invertir\u00e1 en el litio del salar de Uyuni. El viernes, Arce disertar\u00e1 en el foro sobre el modelo econ\u00f3mico que aplica en el pa\u00eds.<\/p>\n\n\n\n<p>La ministra de Exteriores, Celinda Sosa, adelant\u00f3 que los pa\u00edses alcanzar\u00e1n acuerdos bilaterales econ\u00f3micos y comerciales. Es previsible que Putin y Arce aborden la petici\u00f3n boliviana de adherirse al grupo de los BRICS, que tambi\u00e9n integran Brasil, China, India y Sud\u00e1frica.<\/p>\n\n\n\n<p>A la par, el clima conflictivo en Bolivia tuvo esta semana como protagonistas a los camioneros de transporte internacional, que bloquearon carreteras durante 48 horas. Tambi\u00e9n hubo largas filas en las gasolineras que menguaron ante la llegada de cisternas desde Chile, y son constantes los reclamos de los comerciantes y consumidores por la inflaci\u00f3n en los alimentos, y las quejas en los pacientes de hospitales por la falta de medicamentos importados para tratar el c\u00e1ncer y otras enfermedades.<\/p>\n\n\n\n<p>El l\u00edder de los camioneros, Domingo Ramos, dijo que debido al viaje de Arce a Rusia, su sector hizo una pausa en su protesta, pero amenaz\u00f3 con que, si la pr\u00f3xima semana no se re\u00fanen con el mismo mandatario, bloquear\u00e1n indefinidamente las fronteras el 17 de junio.<\/p>\n\n\n\n<p>Los camioneros, que afilian a 8.000 socios, reclaman por los combustibles, pero tambi\u00e9n porque reciben dep\u00f3sitos internacionales en d\u00f3lares, pero los bancos bolivianos se los cambian obligatoriamente por la moneda local al tipo de cambio oficial ya que, seg\u00fan alegan esas instituciones, tampoco cuentan con la moneda estadounidense.<\/p>\n\n\n\n<p>El clima de protestas y los problemas descritos, seg\u00fan economistas consultados por France 24, son la consecuencia de debilidades estructurales del modelo econ\u00f3mico, aunque el Gobierno lo niega y atribuye los conflictos a \u201cconspiraciones\u201d para desestabilizar a Arce.<\/p>\n\n\n\n<p>\u201cHa comenzado a contraerse la econom\u00eda\u201d<\/p>\n\n\n\n<p>Seg\u00fan el economista Gonzalo Colque, de la Fundaci\u00f3n TIERRA, \u201cha comenzado a contraerse la econom\u00eda nacional, est\u00e1 pasando la factura al pa\u00eds, y ha comenzado a visibilizarse con todos los problemas que todos los d\u00edas vemos en la calle, cada vez con m\u00e1s frecuencia\u201d.<\/p>\n\n\n\n<p>La causa est\u00e1 en que, tras el periodo de la bonanza que tuvo Bolivia con la renta del gas natural, \u201cel modelo no funciona y est\u00e1 agotado\u201d, dijo.<\/p>\n\n\n\n<p>El experto explic\u00f3 que un problema estructural es el congelamiento desde el 2005 de los precios subvencionados de la gasolina y el di\u00e9sel en torno a 0,50 centavos de d\u00f3lar por litro, pese a que el pa\u00eds est\u00e1 obligado a importar el 86 % del di\u00e9sel y el 50 % de la gasolina que consume a precios mucho m\u00e1s altos.<\/p>\n\n\n\n<p>Las importaciones de combustibles, explic\u00f3 Colque, le demandan al pa\u00eds un gasto anual de m\u00e1s de 3.000 millones de d\u00f3lares, que antes eran financiados con sus exportaciones de gas, que incluso llegaron a 5.500 millones de d\u00f3lares anuales, pero que han ca\u00eddo a solo 2.000 millones.<\/p>\n\n\n\n<p>Adem\u00e1s, han ca\u00eddo las exportaciones en general en torno al 20 % en 2023 y en un 27 % en el primer trimestre de este a\u00f1o, lo que tambi\u00e9n ha repercutido en la escasez de la moneda estadounidense.<\/p>\n\n\n\n<p>En el mediano plazo vamos a tener un desabastecimiento primero de di\u00e9sel y luego de gasolina<\/p>\n\n\n\n<p>Un segundo problema de fondo de la econom\u00eda es el congelamiento desde fines del 2011 del tipo de cambio oficial en Bs 6,96 por un d\u00f3lar, aunque por la escasez actual el precio ha subido m\u00e1s de un 20 % en las calles. La poblaci\u00f3n reclama que ni as\u00ed puede conseguirse esa divisa.<\/p>\n\n\n\n<p>\u201cEl d\u00f3lar paralelo tiene un 20 % y 30 % m\u00e1s y eso se traduce en un impacto en el mercado con los precios en el corto plazo, y en el mediano plazo vamos a tener un desabastecimiento primero de di\u00e9sel y luego de gasolina y de los productos importados b\u00e1sicos\u201d, dijo Colque.<\/p>\n\n\n\n<p>Por su parte, el economista Gabriel Espinoza, exdirector del Banco Central, subray\u00f3 que \u201cel esquema de subsidios y precios atrasados en Bolivia es muy grande, mucho m\u00e1s que en toda la regi\u00f3n\u201d porque alcanza, por ejemplo, a los precios de gas natural para generar electricidad y a otros servicios b\u00e1sicos para el mercado interno.<\/p>\n\n\n\n<p>\u201cEsto ha derivado tambi\u00e9n no solo en la carencia de divisas, sino tambi\u00e9n en el d\u00e9ficit fiscal. Llevamos diez a\u00f1os de d\u00e9ficit fiscal. Todo este escenario ha explotado de golpe, yo dir\u00eda desde febrero del a\u00f1o pasado y ahora empieza a sentirse en la poblaci\u00f3n\u201d, apunt\u00f3 Espinoza.<\/p>\n\n\n\n<p>El economista acus\u00f3 al Gobierno de \u201cocultar\u201d el dato del d\u00e9ficit fiscal y que, seg\u00fan sus propios c\u00e1lculos, en 2023 fue en torno de 5.500 millones de d\u00f3lares, igual al 12 % del Producto Interior Bruto. \u201cEs la cifra hist\u00f3ricamente m\u00e1s alta que ha registrado el pa\u00eds\u201d, apunt\u00f3.<\/p>\n\n\n\n<p>\u201cEsta cifra tambi\u00e9n llama la atenci\u00f3n porque mientras la mayor\u00eda de la econom\u00eda se est\u00e1 ajustando, el Gobierno se niega a aceptar la crisis y empezar a ajustar, lo cual genera una carga muy grande para la ciudadan\u00eda por las presiones inflacionarias\u201d, sostuvo.<\/p>\n\n\n\n<p>El Gobierno dice que se habla de la crisis para provocarla<\/p>\n\n\n\n<p>De su parte, el ministro de Econom\u00eda y Finanzas, Marcelo Montenegro, que ha negado varias veces que se viva un escenario de crisis econ\u00f3mica, afirm\u00f3 que las cr\u00edticas al modelo de parte de analistas, de pol\u00edticos de la oposici\u00f3n y del sector del expresidente Evo Morales, buscan generar esa situaci\u00f3n como una \u201cprofec\u00eda autocumplida\u201d. Es decir que, a su juicio, se habla de la crisis para provocarla.<\/p>\n\n\n\n<p>Montenegro sali\u00f3 a explicar en una rueda de prensa que el Gobierno seguir\u00e1 haciendo todos los esfuerzos para garantizar la provisi\u00f3n de gasolina y di\u00e9sel, y seguir\u00e1 reuni\u00e9ndose con el sector privado para que los acuerdos que tienen suscritos funcionen para mejorar la econom\u00eda y las exportaciones para obtener m\u00e1s d\u00f3lares.<\/p>\n\n\n\n<p>Agreg\u00f3 que este mes \u201chabr\u00e1 un incremento de divisas\u201d en la econom\u00eda con exportaciones agr\u00edcolas que estaban retrasadas por problemas clim\u00e1ticos y asegur\u00f3 que se han abierto ventanas para una mayor llegada de divisas al pa\u00eds de parte de los sectores azucarero, l\u00e1cteo, carne bovina y de carbonato de litio.<\/p>\n\n\n\n<p>Tras haber alcanzado un r\u00e9cord de reservas por 15.000 millones en 2014, el Banco Central tiene ahora entre 1.700 y 1.800 millones de d\u00f3lares, mientras que los analistas y pol\u00edticos cr\u00edticos calculan que al menos se necesitan 10.000 millones para tener estabilidad hasta el 2025.<\/p>\n","protected":false},"excerpt":{"rendered":"<p>Bolivia vive un clima de malestar social por los recurrentes problemas en la provisi\u00f3n de combustibles, la escasez de d\u00f3lares para los negocios y por la inflaci\u00f3n en alimentos y en medicamentos, justo cuando el presidente Luis Arce visita Rusia como invitado especial para disertar en el XXVII Foro Econ\u00f3mico Internacional de San Petersburgo. \u00bfQu\u00e9 [&hellip;]<\/p>\n","protected":false},"author":1,"featured_media":2861,"comment_status":"open","ping_status":"open","sticky":false,"template":"","format":"standard","meta":{"footnotes":""},"categories":[2],"tags":[],"class_list":["post-2860","post","type-post","status-publish","format-standard","has-post-thumbnail","hentry","category-actualidad"],"_links":{"self":[{"href":"http:\/\/www.elcapital.pe\/index.php?rest_route=\/wp\/v2\/posts\/2860","targetHints":{"allow":["GET"]}}],"collection":[{"href":"http:\/\/www.elcapital.pe\/index.php?rest_route=\/wp\/v2\/posts"}],"about":[{"href":"http:\/\/www.elcapital.pe\/index.php?rest_route=\/wp\/v2\/types\/post"}],"author":[{"embeddable":true,"href":"http:\/\/www.elcapital.pe\/index.php?rest_route=\/wp\/v2\/users\/1"}],"replies":[{"embeddable":true,"href":"http:\/\/www.elcapital.pe\/index.php?rest_route=%2Fwp%2Fv2%2Fcomments&post=2860"}],"version-history":[{"count":1,"href":"http:\/\/www.elcapital.pe\/index.php?rest_route=\/wp\/v2\/posts\/2860\/revisions"}],"predecessor-version":[{"id":2862,"href":"http:\/\/www.elcapital.pe\/index.php?rest_route=\/wp\/v2\/posts\/2860\/revisions\/2862"}],"wp:featuredmedia":[{"embeddable":true,"href":"http:\/\/www.elcapital.pe\/index.php?rest_route=\/wp\/v2\/media\/2861"}],"wp:attachment":[{"href":"http:\/\/www.elcapital.pe\/index.php?rest_route=%2Fwp%2Fv2%2Fmedia&parent=2860"}],"wp:term":[{"taxonomy":"category","embeddable":true,"href":"http:\/\/www.elcapital.pe\/index.php?rest_route=%2Fwp%2Fv2%2Fcategories&post=2860"},{"taxonomy":"post_tag","embeddable":true,"href":"http:\/\/www.elcapital.pe\/index.php?rest_route=%2Fwp%2Fv2%2Ftags&post=2860"}],"curies":[{"name":"wp","href":"https:\/\/api.w.org\/{rel}","templated":true}]}}