{"id":2857,"date":"2024-06-06T18:13:57","date_gmt":"2024-06-06T23:13:57","guid":{"rendered":"https:\/\/www.elcapital.pe\/?p=2857"},"modified":"2024-06-06T18:13:57","modified_gmt":"2024-06-06T23:13:57","slug":"descartan-que-los-mas-pobres-sufran-incremento-de-tarifas-de-agua-potable","status":"publish","type":"post","link":"http:\/\/www.elcapital.pe\/?p=2857","title":{"rendered":"DESCARTAN QUE LOS MAS POBRES SUFRAN INCREMENTO DE TARIFAS DE AGUA POTABLE"},"content":{"rendered":"\n<p>Ministra de Vivienda lament\u00f3 declaraciones alarmantes de Sunass que causan un temor injustificado en la poblaci\u00f3n<\/p>\n\n\n\n<p>La ministra de Vivienda, Construcci\u00f3n y Saneamiento, Hania P\u00e9rez de Cu\u00e9llar, descart\u00f3 que un posible incremento de las tarifas de agua potable afecte a la poblaci\u00f3n vulnerable y en situaci\u00f3n de pobreza o pobreza extrema del pa\u00eds, tal como lo advirti\u00f3 el ente regulador Sunass.<\/p>\n\n\n\n<p>\u201cSeriamos incongruentes e incoherentes si por un lado sacamos una ley para darle acceso a agua potable a los m\u00e1s vulnerables, y por otro, estamos pidiendo que se les aumente la tarifa\u201d, precis\u00f3.<\/p>\n\n\n\n<p>P\u00e9rez de Cu\u00e9llar explic\u00f3 que, para ello, se plantea mejorar y crear subsidios cruzados e inteligentes, que permitan que los m\u00e1s necesitados accedan a agua potable de calidad, as\u00ed como mejorar la focalizaci\u00f3n a la poblaci\u00f3n que realmente merece tener tarifas sociales.<\/p>\n\n\n\n<p>\u201cEs decir, los que m\u00e1s consumimos y los que m\u00e1s capacidad econ\u00f3mica tenemos, podamos subsidiar de alguna manera inteligente y focalizada a aquellos que no tienen la capacidad de pagar\u201d, precis\u00f3.<\/p>\n\n\n\n<p>Asimismo, asegur\u00f3 que el gobierno de la presidenta Dina Boluarte trabaja de manera seria y con rigor t\u00e9cnico, pero tambi\u00e9n con sensibilidad social y preocupados por los peruanos, sobre todo, por los m\u00e1s de 3 millones de personas que no tienen agua potable de calidad.<\/p>\n\n\n\n<p>En ese sentido, la titular del Ministerio de Vivienda, Construcci\u00f3n y Saneamiento (MVCS), lament\u00f3 y se pregunt\u00f3 por qu\u00e9 Sunass emite declaraciones poco t\u00e9cnicas y temerarias, sobre un posible incremento de tarifas al servicio de agua, causando alarma y un temor injustificado en la poblaci\u00f3n.<\/p>\n\n\n\n<p>\u201cLo que m\u00e1s me llama la atenci\u00f3n es que el propio ente regulador, en sus afirmaciones, reconoce que hay una brecha en las tarifas, y eso lo sabemos todos los que estamos en el sector\u201d, afirm\u00f3.<\/p>\n\n\n\n<p>EPS al borde de la quiebra<\/p>\n\n\n\n<p>La ministra Hania P\u00e9rez de Cu\u00e9llar indic\u00f3 que la informaci\u00f3n propalada por la Superintendencia Nacional de Servicios de Saneamiento (Sunass) desnuda la brecha y atraso tarifario existente en el pa\u00eds, que afecta a las Empresas Prestadoras de Servicios de Saneamiento (EPS) y las tiene al borde la quiebra.<\/p>\n\n\n\n<p>\u201cActualmente tenemos 19 EPS en un r\u00e9gimen transitorio que no pueden sobrevivir. Las empresas prestadoras, que por cierto no se van a privatizar, no tienen los ingresos suficientes como para operar y mantener la infraestructura\u201d, agreg\u00f3.<\/p>\n\n\n\n<p>Resalt\u00f3 que, por el contrario, el Ministerio de Vivienda, Construcci\u00f3n y Saneamiento (MVCS), a trav\u00e9s del Decreto Legislativo N\u00b0 1620 busca fortalecer a las EPS, y con la Ley de Acceso Universal al Agua Potable (LAU) que m\u00e1s peruanos, con m\u00e9todos no convencionales, puedan acceder a agua potable de calidad.<\/p>\n\n\n\n<p>P\u00e9rez de Cu\u00e9llar tambi\u00e9n aclar\u00f3 que el MVCS, como \u00f3rgano rector y representante de la pol\u00edtica p\u00fablica, no establece las tarifas del servicio de agua potable, porque eso es competencia de la Sunass, en su calidad de organismo regulador.<\/p>\n\n\n\n<p>Para explicar su afirmaci\u00f3n puso como ejemplo la preparaci\u00f3n de un lomo saltado: el MVCS, como \u00f3rgano rector, pide que se consideren como ingredientes la carne, cebollas, tomates, papas y arroz; y lo que tiene que hacer Sunass es decidir la cantidad de carne, tomate, cebolla, papa y arroz que debe ir.<\/p>\n\n\n\n<p>\u201cMe sorprende las declaraciones temerarias del regulador diciendo que vamos a establecer tarifas, eso es competencia de ellos\u201d, expres\u00f3.<\/p>\n\n\n\n<p>La ministra de Vivienda particip\u00f3 en el V Congreso de emprendedores Amaz\u00f3nicos, CAE 2024, que se realiz\u00f3 en la regi\u00f3n San Mart\u00edn, que busca intercambiar experiencias y propuestas entre representantes del Estado, el sector privado y las organizaciones civiles, con miras a un Plan de Desarrollo Estrat\u00e9gico de la Amazon\u00eda con visi\u00f3n al 2050.<\/p>\n","protected":false},"excerpt":{"rendered":"<p>Ministra de Vivienda lament\u00f3 declaraciones alarmantes de Sunass que causan un temor injustificado en la poblaci\u00f3n La ministra de Vivienda, Construcci\u00f3n y Saneamiento, Hania P\u00e9rez de Cu\u00e9llar, descart\u00f3 que un posible incremento de las tarifas de agua potable afecte a la poblaci\u00f3n vulnerable y en situaci\u00f3n de pobreza o pobreza extrema del pa\u00eds, tal como [&hellip;]<\/p>\n","protected":false},"author":1,"featured_media":2858,"comment_status":"open","ping_status":"open","sticky":false,"template":"","format":"standard","meta":{"footnotes":""},"categories":[2],"tags":[],"class_list":["post-2857","post","type-post","status-publish","format-standard","has-post-thumbnail","hentry","category-actualidad"],"_links":{"self":[{"href":"http:\/\/www.elcapital.pe\/index.php?rest_route=\/wp\/v2\/posts\/2857","targetHints":{"allow":["GET"]}}],"collection":[{"href":"http:\/\/www.elcapital.pe\/index.php?rest_route=\/wp\/v2\/posts"}],"about":[{"href":"http:\/\/www.elcapital.pe\/index.php?rest_route=\/wp\/v2\/types\/post"}],"author":[{"embeddable":true,"href":"http:\/\/www.elcapital.pe\/index.php?rest_route=\/wp\/v2\/users\/1"}],"replies":[{"embeddable":true,"href":"http:\/\/www.elcapital.pe\/index.php?rest_route=%2Fwp%2Fv2%2Fcomments&post=2857"}],"version-history":[{"count":1,"href":"http:\/\/www.elcapital.pe\/index.php?rest_route=\/wp\/v2\/posts\/2857\/revisions"}],"predecessor-version":[{"id":2859,"href":"http:\/\/www.elcapital.pe\/index.php?rest_route=\/wp\/v2\/posts\/2857\/revisions\/2859"}],"wp:featuredmedia":[{"embeddable":true,"href":"http:\/\/www.elcapital.pe\/index.php?rest_route=\/wp\/v2\/media\/2858"}],"wp:attachment":[{"href":"http:\/\/www.elcapital.pe\/index.php?rest_route=%2Fwp%2Fv2%2Fmedia&parent=2857"}],"wp:term":[{"taxonomy":"category","embeddable":true,"href":"http:\/\/www.elcapital.pe\/index.php?rest_route=%2Fwp%2Fv2%2Fcategories&post=2857"},{"taxonomy":"post_tag","embeddable":true,"href":"http:\/\/www.elcapital.pe\/index.php?rest_route=%2Fwp%2Fv2%2Ftags&post=2857"}],"curies":[{"name":"wp","href":"https:\/\/api.w.org\/{rel}","templated":true}]}}