{"id":2854,"date":"2024-06-05T17:18:49","date_gmt":"2024-06-05T22:18:49","guid":{"rendered":"https:\/\/www.elcapital.pe\/?p=2854"},"modified":"2024-06-05T17:18:49","modified_gmt":"2024-06-05T22:18:49","slug":"nethanyahu-estamos-preparados-para-una-accion-muy-fuerte-en-el-norte","status":"publish","type":"post","link":"http:\/\/www.elcapital.pe\/?p=2854","title":{"rendered":"NETHANYAHU: \u00abESTAMOS PREPARADOS PARA UNA ACCION MUY FUERTE EN EL NORTE\u00bb"},"content":{"rendered":"\n<p>\u00abEstamos preparados para una acci\u00f3n muy fuerte en el norte\u00bb, asegur\u00f3 este mi\u00e9rcoles el primer ministro israel\u00ed, Benjam\u00edn Netanyahu, en una vista a las tropas apostadas en la frontera con L\u00edbano despu\u00e9s de varios d\u00edas de intenso intercambio de fuego con Hizbul\u00e1.<\/p>\n\n\n\n<p>El Ej\u00e9rcito israel\u00ed anunci\u00f3 este mi\u00e9rcoles la formaci\u00f3n de una nueva unidad \u00abantiterrorista\u00bb, que operar\u00e1 en las comunidades fronterizas de Gaza e integrada por soldados de reserva y veteranos de unidades de \u00e9lite residentes de esta zona.<\/p>\n\n\n\n<p>\u00abComo parte de las lecciones aprendidas en las investigaciones iniciales en el terreno de los hechos del 7 de octubre, se decidi\u00f3 constituir la unidad cuyo objetivo es brindar una respuesta r\u00e1pida a incidentes terroristas en el \u00e1rea de la frontera con de Gaza\u00bb, se detalla en un comunicado.<\/p>\n\n\n\n<p>Hasta el momento, cientos de militares que se encuentran en el proceso de selecci\u00f3n se han postulado para el primer entrenamiento que se realizar\u00e1 en las pr\u00f3ximas semanas.<\/p>\n\n\n\n<p>La idea que busca el Ej\u00e9rcito con la creaci\u00f3n de esta unidad es que est\u00e9 formada por reservistas que anteriormente hayan servido en fuerzas especiales y que vivan en comunidades fronterizas con Gaza o pueblos cercanos de manera que puedan actuar con rapidez ante cualquier incidente.<\/p>\n\n\n\n<p>Las cr\u00edticas de la sociedad israel\u00ed siguen persiguiendo tanto al Gobierno como al Ej\u00e9rcito casi ocho meses despu\u00e9s de los ataques de Ham\u00e1s del pasado 7 de octubre por su inacci\u00f3n militar cuando los milicianos mataron a 1.200 personas y secuestraron a 251 de ellas, de los 120 siguen cautivos todav\u00eda<\/p>\n\n\n\n<p>e hecho, el primer ministro israel\u00ed, Benjam\u00edn Netanyahu, todav\u00eda no ha llegado a asumir ninguna responsabilidad de manera p\u00fablica por la matanza del grupo palestino.<\/p>\n\n\n\n<p>La \u00fanica dimisi\u00f3n que se ha producido durante estos meses la protagoniz\u00f3 el ya exjefe de la Inteligencia del Ej\u00e9rcito Aharon Haliva, por considerarse responsable de la masacre de la organizaci\u00f3n islamista.&nbsp;<\/p>\n","protected":false},"excerpt":{"rendered":"<p>\u00abEstamos preparados para una acci\u00f3n muy fuerte en el norte\u00bb, asegur\u00f3 este mi\u00e9rcoles el primer ministro israel\u00ed, Benjam\u00edn Netanyahu, en una vista a las tropas apostadas en la frontera con L\u00edbano despu\u00e9s de varios d\u00edas de intenso intercambio de fuego con Hizbul\u00e1. El Ej\u00e9rcito israel\u00ed anunci\u00f3 este mi\u00e9rcoles la formaci\u00f3n de una nueva unidad \u00abantiterrorista\u00bb, [&hellip;]<\/p>\n","protected":false},"author":1,"featured_media":2855,"comment_status":"open","ping_status":"open","sticky":false,"template":"","format":"standard","meta":{"footnotes":""},"categories":[2],"tags":[],"class_list":["post-2854","post","type-post","status-publish","format-standard","has-post-thumbnail","hentry","category-actualidad"],"_links":{"self":[{"href":"http:\/\/www.elcapital.pe\/index.php?rest_route=\/wp\/v2\/posts\/2854","targetHints":{"allow":["GET"]}}],"collection":[{"href":"http:\/\/www.elcapital.pe\/index.php?rest_route=\/wp\/v2\/posts"}],"about":[{"href":"http:\/\/www.elcapital.pe\/index.php?rest_route=\/wp\/v2\/types\/post"}],"author":[{"embeddable":true,"href":"http:\/\/www.elcapital.pe\/index.php?rest_route=\/wp\/v2\/users\/1"}],"replies":[{"embeddable":true,"href":"http:\/\/www.elcapital.pe\/index.php?rest_route=%2Fwp%2Fv2%2Fcomments&post=2854"}],"version-history":[{"count":1,"href":"http:\/\/www.elcapital.pe\/index.php?rest_route=\/wp\/v2\/posts\/2854\/revisions"}],"predecessor-version":[{"id":2856,"href":"http:\/\/www.elcapital.pe\/index.php?rest_route=\/wp\/v2\/posts\/2854\/revisions\/2856"}],"wp:featuredmedia":[{"embeddable":true,"href":"http:\/\/www.elcapital.pe\/index.php?rest_route=\/wp\/v2\/media\/2855"}],"wp:attachment":[{"href":"http:\/\/www.elcapital.pe\/index.php?rest_route=%2Fwp%2Fv2%2Fmedia&parent=2854"}],"wp:term":[{"taxonomy":"category","embeddable":true,"href":"http:\/\/www.elcapital.pe\/index.php?rest_route=%2Fwp%2Fv2%2Fcategories&post=2854"},{"taxonomy":"post_tag","embeddable":true,"href":"http:\/\/www.elcapital.pe\/index.php?rest_route=%2Fwp%2Fv2%2Ftags&post=2854"}],"curies":[{"name":"wp","href":"https:\/\/api.w.org\/{rel}","templated":true}]}}