{"id":2169,"date":"2024-02-05T06:48:52","date_gmt":"2024-02-05T11:48:52","guid":{"rendered":"https:\/\/www.elcapital.pe\/?p=2169"},"modified":"2024-02-05T06:48:52","modified_gmt":"2024-02-05T11:48:52","slug":"nayib-bukele-se-proclama-ganador-de-elecciones-presidenciales-de-el-salvador","status":"publish","type":"post","link":"http:\/\/www.elcapital.pe\/?p=2169","title":{"rendered":"NAYIB BUKELE SE PROCLAMA GANADOR DE ELECCIONES PRESIDENCIALES DE EL SALVADOR"},"content":{"rendered":"\n<p>El presidente de El Salvador, Nayib Bukele, se autoproclam\u00f3 hoy ganador de las elecciones generales celebradas este domingo, \u00abcon m\u00e1s del 85 % de los votos\u00bb, seg\u00fan public\u00f3 en la red social X, y dijo que se trata de un \u00abr\u00e9cord en toda la historia democr\u00e1tica del mundo\u00bb.<\/p>\n\n\n\n<p>Luego de ese anuncio, sus seguidores celebraron a las afueras del Palacio Nacional, sin embargo todav\u00eda se esperan las cifras oficiales de los comicios electorales.<\/p>\n\n\n\n<p>\u00abDe acuerdo a nuestros n\u00fameros, hemos ganado la elecci\u00f3n presidencial con m\u00e1s del 85% de los votos y un m\u00ednimo de 58 de 60 diputados de la Asamblea\u00bb, proclam\u00f3 el gobernante salvadore\u00f1o, el primero que se presenta a la relecci\u00f3n desde el fin de la guerra civil en el pa\u00eds, en 1992.<\/p>\n\n\n\n<p>Bukele, que se postul\u00f3 para la reelecci\u00f3n a pesar de que la Constituci\u00f3n lo impide, ech\u00f3 mano de una argucia legal para presentarse a unos comicios en los que todas las encuestas le daban como claro favorito.<\/p>\n\n\n\n<p>\u00abEl r\u00e9cord en toda la historia democr\u00e1tica del mundo. Nos vemos a las 9pm frente al Palacio Nacional. Dios bendiga a El Salvador\u00bb, public\u00f3 Bukele, sin aguardar a que se conozcan datos oficiales del recuento de esta jornada electoral, en la que adem\u00e1s de comicios presidenciales, se celebraron elecciones legislativas.<\/p>\n\n\n\n<p>Bukele, un expublicista de 42 a\u00f1os, requer\u00eda mantener la mayor\u00eda que gan\u00f3 hace dos a\u00f1os en el Parlamento y que le permiti\u00f3 decretar el 27 de marzo de 2022 el r\u00e9gimen de excepci\u00f3n con el que ha cimentado su controvertida lucha contra las pandillas y la inseguridad ciudadana, durante la cual 76.000 personas han sido detenidas, muchas de ellas sin garant\u00eda de sus derechos fundamentales, seg\u00fan han denunciado activistas y organismos internacionales.<\/p>\n\n\n\n<p>El actual mandatario ten\u00eda garantizada la reelecci\u00f3n por una elevada mayor\u00eda, seg\u00fan pronosticaban todas las encuestas electorales, habida cuenta del escaso respaldo ciudadano a los otros cuatro aspirantes presidenciales.<\/p>\n\n\n\n<p>Entre estos candidatos figuraban Manuel Flores, del Frente Farabundo Mart\u00ed para la Liberaci\u00f3n Nacional (FMLN, izquierda), y Joel S\u00e1nchez, de Alianza Republicana Nacionalista (Arena, derecha), las dos formaciones que gobernaron el pa\u00eds hasta la llegada de Bukele y su partido, Nuevas Ideas (NI).<\/p>\n\n\n\n<p>De confirmarse estos datos, Bukele ser\u00e1 el primer presidente reelegido en los \u00faltimos 32 a\u00f1os, gracias a una estratagema legal que consisti\u00f3 en que la Sala de lo Constitucional de la Corte Suprema, que hab\u00eda sido nombrada por un Congreso de mayor\u00eda oficialista y sin seguir el procedimiento legal, cambi\u00f3 el criterio de interpretaci\u00f3n de la Constituci\u00f3n.<\/p>\n\n\n\n<p>(efe)<\/p>\n","protected":false},"excerpt":{"rendered":"<p>El presidente de El Salvador, Nayib Bukele, se autoproclam\u00f3 hoy ganador de las elecciones generales celebradas este domingo, \u00abcon m\u00e1s del 85 % de los votos\u00bb, seg\u00fan public\u00f3 en la red social X, y dijo que se trata de un \u00abr\u00e9cord en toda la historia democr\u00e1tica del mundo\u00bb. Luego de ese anuncio, sus seguidores celebraron [&hellip;]<\/p>\n","protected":false},"author":1,"featured_media":2170,"comment_status":"open","ping_status":"open","sticky":false,"template":"","format":"standard","meta":{"footnotes":""},"categories":[2],"tags":[],"class_list":["post-2169","post","type-post","status-publish","format-standard","has-post-thumbnail","hentry","category-actualidad"],"_links":{"self":[{"href":"http:\/\/www.elcapital.pe\/index.php?rest_route=\/wp\/v2\/posts\/2169","targetHints":{"allow":["GET"]}}],"collection":[{"href":"http:\/\/www.elcapital.pe\/index.php?rest_route=\/wp\/v2\/posts"}],"about":[{"href":"http:\/\/www.elcapital.pe\/index.php?rest_route=\/wp\/v2\/types\/post"}],"author":[{"embeddable":true,"href":"http:\/\/www.elcapital.pe\/index.php?rest_route=\/wp\/v2\/users\/1"}],"replies":[{"embeddable":true,"href":"http:\/\/www.elcapital.pe\/index.php?rest_route=%2Fwp%2Fv2%2Fcomments&post=2169"}],"version-history":[{"count":1,"href":"http:\/\/www.elcapital.pe\/index.php?rest_route=\/wp\/v2\/posts\/2169\/revisions"}],"predecessor-version":[{"id":2171,"href":"http:\/\/www.elcapital.pe\/index.php?rest_route=\/wp\/v2\/posts\/2169\/revisions\/2171"}],"wp:featuredmedia":[{"embeddable":true,"href":"http:\/\/www.elcapital.pe\/index.php?rest_route=\/wp\/v2\/media\/2170"}],"wp:attachment":[{"href":"http:\/\/www.elcapital.pe\/index.php?rest_route=%2Fwp%2Fv2%2Fmedia&parent=2169"}],"wp:term":[{"taxonomy":"category","embeddable":true,"href":"http:\/\/www.elcapital.pe\/index.php?rest_route=%2Fwp%2Fv2%2Fcategories&post=2169"},{"taxonomy":"post_tag","embeddable":true,"href":"http:\/\/www.elcapital.pe\/index.php?rest_route=%2Fwp%2Fv2%2Ftags&post=2169"}],"curies":[{"name":"wp","href":"https:\/\/api.w.org\/{rel}","templated":true}]}}