{"id":2165,"date":"2024-02-03T20:47:51","date_gmt":"2024-02-04T01:47:51","guid":{"rendered":"https:\/\/www.elcapital.pe\/?p=2165"},"modified":"2024-02-03T20:47:51","modified_gmt":"2024-02-04T01:47:51","slug":"presidente-de-colombia-acusa-a-fiscalia-de-querer-derrocarlo","status":"publish","type":"post","link":"http:\/\/www.elcapital.pe\/?p=2165","title":{"rendered":"PRESIDENTE DE COLOMBIA ACUSA A FISCALIA DE QUERER DERROCARLO"},"content":{"rendered":"\n<p>A trav\u00e9s de redes sociales, Gustavo Petro acus\u00f3 al fiscal general, Francisco Barbosa, de estar orquestando un plan de \u201cgolpe de estado bajo manto institucional\u201d.<\/p>\n\n\n\n<p>El presidente de Colombia , Gustavo Petro , denunci\u00f3 este s\u00e1bado (02.03.2024), en una serie de mensajes en varios idiomas, que el fiscal general de su pa\u00eds, Francisco Barbosa, tiene un plan para derrocarlo.<\/p>\n\n\n\n<p>\u00abLo que busca el fiscal general es un golpe de estado bajo manto institucional\u00bb, escribi\u00f3 Petro en su cuenta de la red social X.<\/p>\n\n\n\n<p>El primer mandatario izquierdista de Colombia advirti\u00f3 que \u00abla Constituci\u00f3n proh\u00edbe que la Fiscal\u00eda investigue al presidente\u00bb y se\u00f1al\u00f3 a Barbosa de realizar \u00abactividades que han incluido la tortura, la presi\u00f3n a testigos y la conversi\u00f3n de hechos completamente legales en ilegales\u00bb.<\/p>\n\n\n\n<p>Barbosa fue elegido en 2020 por la Corte Suprema de una terna propuesta por el expresidente derechista Iv\u00e1n Duque (2018-2022), su antiguo compa\u00f1ero de universidad.<\/p>\n\n\n\n<p>El mandatario adem\u00e1s critic\u00f3 al fiscal por \u00abgolpear\u00bb a organizaciones de trabajadores por una donaci\u00f3n hecha a su partido pol\u00edtico y que aumentar\u00eda su gasto de campa\u00f1a electoral hasta un monto excesivo, lo que -asegur\u00f3- podr\u00eda costarle el cargo.<\/p>\n\n\n\n<p>\u00abMovilizaci\u00f3n popular\u00bb<\/p>\n\n\n\n<p>Petro, quien sostiene una tensa relaci\u00f3n con el fiscal, lanz\u00f3 tambi\u00e9n un comunicado se\u00f1alando que la \u00abruptura institucional ha llegado al m\u00e1ximo desespero\u00bb.<\/p>\n\n\n\n<p>El gobernante pidi\u00f3 a las organizaciones sociales que lo respaldan preparen una \u00abmovilizaci\u00f3n popular\u00bb.<\/p>\n\n\n\n<p>\u00abAqu\u00ed no se puede tumbar un presidente progresista, el primero en un siglo, porque legalmente un sindicato de trabajadores aport\u00f3 a un partido de izquierda. Lleg\u00f3 el momento de la expresi\u00f3n popular\u00bb, agreg\u00f3 Petro en el comunicado que fue traducido a idiomas como ingl\u00e9s , franc\u00e9s o italiano.<\/p>\n\n\n\n<p>Una indagaci\u00f3n de la fiscal\u00eda colombiana revel\u00f3 el a\u00f1o pasado un esc\u00e1ndalo de escuchas ilegales, conspiraci\u00f3n y chantaje, que salpic\u00f3 a la mano derecha de Gustavo Petro , Laura Sarabia, y al entonces embajador en Venezuela, Armando Benedetti. Ambos dejaron el gobierno.<\/p>\n\n\n\n<p>El hijo mayor del gobernante, Nicol\u00e1s Petro, tambi\u00e9n es investigado por la fiscal\u00eda, que lo acusa de lavado de activos por el supuesto ingreso de dinero del narcotr\u00e1fico a la campa\u00f1a del padre. La audiencia preparatoria del juicio ser\u00e1 el pr\u00f3ximo 29 de abril.<\/p>\n\n\n\n<p>Nicol\u00e1s Petro se encuentra en libertad condicional y niega que su padre conociera sobre la entrada de dinero sucio a su campa\u00f1a.<\/p>\n","protected":false},"excerpt":{"rendered":"<p>A trav\u00e9s de redes sociales, Gustavo Petro acus\u00f3 al fiscal general, Francisco Barbosa, de estar orquestando un plan de \u201cgolpe de estado bajo manto institucional\u201d. El presidente de Colombia , Gustavo Petro , denunci\u00f3 este s\u00e1bado (02.03.2024), en una serie de mensajes en varios idiomas, que el fiscal general de su pa\u00eds, Francisco Barbosa, tiene [&hellip;]<\/p>\n","protected":false},"author":1,"featured_media":2166,"comment_status":"open","ping_status":"open","sticky":false,"template":"","format":"standard","meta":{"footnotes":""},"categories":[2],"tags":[],"class_list":["post-2165","post","type-post","status-publish","format-standard","has-post-thumbnail","hentry","category-actualidad"],"_links":{"self":[{"href":"http:\/\/www.elcapital.pe\/index.php?rest_route=\/wp\/v2\/posts\/2165","targetHints":{"allow":["GET"]}}],"collection":[{"href":"http:\/\/www.elcapital.pe\/index.php?rest_route=\/wp\/v2\/posts"}],"about":[{"href":"http:\/\/www.elcapital.pe\/index.php?rest_route=\/wp\/v2\/types\/post"}],"author":[{"embeddable":true,"href":"http:\/\/www.elcapital.pe\/index.php?rest_route=\/wp\/v2\/users\/1"}],"replies":[{"embeddable":true,"href":"http:\/\/www.elcapital.pe\/index.php?rest_route=%2Fwp%2Fv2%2Fcomments&post=2165"}],"version-history":[{"count":1,"href":"http:\/\/www.elcapital.pe\/index.php?rest_route=\/wp\/v2\/posts\/2165\/revisions"}],"predecessor-version":[{"id":2167,"href":"http:\/\/www.elcapital.pe\/index.php?rest_route=\/wp\/v2\/posts\/2165\/revisions\/2167"}],"wp:featuredmedia":[{"embeddable":true,"href":"http:\/\/www.elcapital.pe\/index.php?rest_route=\/wp\/v2\/media\/2166"}],"wp:attachment":[{"href":"http:\/\/www.elcapital.pe\/index.php?rest_route=%2Fwp%2Fv2%2Fmedia&parent=2165"}],"wp:term":[{"taxonomy":"category","embeddable":true,"href":"http:\/\/www.elcapital.pe\/index.php?rest_route=%2Fwp%2Fv2%2Fcategories&post=2165"},{"taxonomy":"post_tag","embeddable":true,"href":"http:\/\/www.elcapital.pe\/index.php?rest_route=%2Fwp%2Fv2%2Ftags&post=2165"}],"curies":[{"name":"wp","href":"https:\/\/api.w.org\/{rel}","templated":true}]}}