{"id":2162,"date":"2024-02-03T20:44:56","date_gmt":"2024-02-04T01:44:56","guid":{"rendered":"https:\/\/www.elcapital.pe\/?p=2162"},"modified":"2024-02-03T20:44:56","modified_gmt":"2024-02-04T01:44:56","slug":"al-menos-19-muertos-en-multiples-incendios-registrados-en-chile","status":"publish","type":"post","link":"http:\/\/www.elcapital.pe\/?p=2162","title":{"rendered":"AL MENOS 19 MUERTOS EN MULTIPLES INCENDIOS REGISTRADOS EN CHILE"},"content":{"rendered":"\n<p>Al menos 19 personas murieron en m\u00faltiples incendios registrados de manera simult\u00e1nea la noche del viernes en la regi\u00f3n de Valpara\u00edso, a 100 kil\u00f3metros al este de Santiago, y no se descarta que el n\u00famero de v\u00edctimas vaya aumentando con las horas, informaron el s\u00e1bado las autoridades chilenas.<\/p>\n\n\n\n<p>\u00abEl reporte de v\u00edctimas fatales es muy provisorio. Las v\u00edctimas fatales que tenemos confirmadas son todas del mismo sector, Villa Independencia, en el sector Achupallas (&#8230;) Hasta el momento son 19 personas fallecidas, de las cuales hay 15 identificadas\u00bb, dijo en rueda de prensa la ministra del Interior, Carolina Toh\u00e1.<\/p>\n\n\n\n<p>Toh\u00e1 indic\u00f3 que se tienen \u00abreportes en otros lugares donde hay indicios de que puede haber m\u00e1s personas fallecidas, pero no hay confirmaci\u00f3n en terreno\u00bb.<\/p>\n\n\n\n<p>El fuego, que a\u00fan no est\u00e1 controlado, ha destruido por el momento un millar de viviendas en distintas localidades de la regi\u00f3n, donde el presidente Gabriel Boric decret\u00f3 el estado de excepci\u00f3n por cat\u00e1strofe para poder movilizar los recursos necesarios para enfrentar la emergencia.<\/p>\n\n\n\n<p>\u00abDispondremos de todos los recursos t\u00e9cnicos y humanos para combatir los incendios forestales porque la prioridad siempre es la seguridad de las familias. \u00a1No los dejaremos solos!\u00bb, public\u00f3 en su cuenta de X el mandatario, quien sobrevolar\u00e1 la zona a mediod\u00eda del s\u00e1bado.<\/p>\n\n\n\n<p>Las autoridades decretaron un toque de queda para este s\u00e1bado desde las 08:00 (11: GMT) hora local hasta el mediod\u00eda en varias localidades de la regi\u00f3n para agilizar la llegada de servicios de emergencia y evitar desplazamientos innecesarios, una medida que \u00abha servido\u00bb y podr\u00eda repetirse durante la noche, inform\u00f3 Toh\u00e1.<\/p>\n\n\n\n<p>\u00abEntre el d\u00eda de ayer y de hoy hemos pasado de 30.000 a 43.000 hect\u00e1reas incendiadas\u00bb, apunt\u00f3 Toh\u00e1, que no descart\u00f3 que varios de los focos fueran intencionados y reconoci\u00f3 estar especialmente preocupada por los fuegos de Las Tablas, con al menos 6.800 hect\u00e1reas quemadas, y Lo Moscoso, con 1.150 hect\u00e1reas.<\/p>\n\n\n\n<p>Entre los sectores m\u00e1s afectados se encuentran las localidades de Quilpu\u00e9 y Villa Alemana y sectores como El Olivar, Achupallas o Canal de Chacao, ubicados en cerros densamente poblados que rodean la ciudad costera de Vi\u00f1a del Mar.<\/p>\n\n\n\n<p>\u00abEstamos frente a una situaci\u00f3n compleja y cr\u00edtica\u00bb, reconoci\u00f3 el gobernador regional, Rodrigo Mundaca.<\/p>\n\n\n\n<p>Los incendios coinciden con una de las olas de calor m\u00e1s intensas de los \u00faltimos a\u00f1os, con temperaturas que han rozado los 38 grados en la zona central.<\/p>\n\n\n\n<p>El director nacional de Senapred, Alvaro Hormazabal, advirti\u00f3 que \u00ablas condiciones van a ser muy similares a las de ayer y es posible que a mediod\u00eda se levanten de nuevo las llamas porque se esperan fuertes rachas de viento\u00bb.<\/p>\n\n\n\n<p>Chile vivi\u00f3 el a\u00f1o pasado la ola de incendios m\u00e1s mort\u00edfera de su historia, que dej\u00f3 27 personas fallecidas y miles de viviendas destruidas en regiones del centro-sur del pa\u00eds, como La Araucan\u00eda, Biob\u00edo y \u00d1uble.<\/p>\n\n\n\n<p>Aunque Chile ha vivido uno de los inviernos m\u00e1s lluviosos de los \u00faltimos 15 a\u00f1os, los especialistas llevan meses alertando de que la sequ\u00eda no se ha erradicado y de que existe una gran probabilidad de que se desarrolle vegetaci\u00f3n fina y muerta en la zona centro-sur de f\u00e1cil combusti\u00f3n.<\/p>\n","protected":false},"excerpt":{"rendered":"<p>Al menos 19 personas murieron en m\u00faltiples incendios registrados de manera simult\u00e1nea la noche del viernes en la regi\u00f3n de Valpara\u00edso, a 100 kil\u00f3metros al este de Santiago, y no se descarta que el n\u00famero de v\u00edctimas vaya aumentando con las horas, informaron el s\u00e1bado las autoridades chilenas. \u00abEl reporte de v\u00edctimas fatales es muy [&hellip;]<\/p>\n","protected":false},"author":1,"featured_media":2163,"comment_status":"open","ping_status":"open","sticky":false,"template":"","format":"standard","meta":{"footnotes":""},"categories":[2],"tags":[],"class_list":["post-2162","post","type-post","status-publish","format-standard","has-post-thumbnail","hentry","category-actualidad"],"_links":{"self":[{"href":"http:\/\/www.elcapital.pe\/index.php?rest_route=\/wp\/v2\/posts\/2162","targetHints":{"allow":["GET"]}}],"collection":[{"href":"http:\/\/www.elcapital.pe\/index.php?rest_route=\/wp\/v2\/posts"}],"about":[{"href":"http:\/\/www.elcapital.pe\/index.php?rest_route=\/wp\/v2\/types\/post"}],"author":[{"embeddable":true,"href":"http:\/\/www.elcapital.pe\/index.php?rest_route=\/wp\/v2\/users\/1"}],"replies":[{"embeddable":true,"href":"http:\/\/www.elcapital.pe\/index.php?rest_route=%2Fwp%2Fv2%2Fcomments&post=2162"}],"version-history":[{"count":1,"href":"http:\/\/www.elcapital.pe\/index.php?rest_route=\/wp\/v2\/posts\/2162\/revisions"}],"predecessor-version":[{"id":2164,"href":"http:\/\/www.elcapital.pe\/index.php?rest_route=\/wp\/v2\/posts\/2162\/revisions\/2164"}],"wp:featuredmedia":[{"embeddable":true,"href":"http:\/\/www.elcapital.pe\/index.php?rest_route=\/wp\/v2\/media\/2163"}],"wp:attachment":[{"href":"http:\/\/www.elcapital.pe\/index.php?rest_route=%2Fwp%2Fv2%2Fmedia&parent=2162"}],"wp:term":[{"taxonomy":"category","embeddable":true,"href":"http:\/\/www.elcapital.pe\/index.php?rest_route=%2Fwp%2Fv2%2Fcategories&post=2162"},{"taxonomy":"post_tag","embeddable":true,"href":"http:\/\/www.elcapital.pe\/index.php?rest_route=%2Fwp%2Fv2%2Ftags&post=2162"}],"curies":[{"name":"wp","href":"https:\/\/api.w.org\/{rel}","templated":true}]}}