{"id":1932,"date":"2024-01-05T08:34:51","date_gmt":"2024-01-05T13:34:51","guid":{"rendered":"https:\/\/www.elcapital.pe\/?p=1932"},"modified":"2024-01-05T08:34:51","modified_gmt":"2024-01-05T13:34:51","slug":"visita-iquitos-y-disfruta-de-sus-seductores-atractivos-turisticos-en-su-160-aniversario","status":"publish","type":"post","link":"http:\/\/www.elcapital.pe\/?p=1932","title":{"rendered":"VISITA IQUITOS Y DISFRUTA DE SUS SEDUCTORES ATRACTIVOS TURISTICOS EN SU 160 ANIVERSARIO"},"content":{"rendered":"\n<p>La municipalidad provincial de Maynas organiza nutrida programaci\u00f3n para el deleite del p\u00fablico<\/p>\n\n\n\n<p>Iquitos, la capital de la regi\u00f3n Loreto, celebra el 160 aniversario de su fundaci\u00f3n como puerto fluvial sobre el r\u00edo Amazonas y en el contexto de esta celebraci\u00f3n se promueven diversas rutas tur\u00edsticas, tanto en la ciudad como en medio de la naturaleza amaz\u00f3nica.<\/p>\n\n\n\n<p>Entre las cr\u00f3nicas hist\u00f3ricas de esta ciudad figura la que narra que los misioneros jesuitas, primero, y los franciscanos, despu\u00e9s \u201cfundaron varios poblados, entre ellos el de San Pablo de los Napeanos en 1757, cerca de una aldea donde agruparon a los nativos. Este poblado se convirti\u00f3 en el principal puerto fluvial del r\u00edo Amazonas y posteriormente se renombrar\u00eda como ciudad de Iquitos.<\/p>\n\n\n\n<p>Este territorio amaz\u00f3nico es la capital del departamento de Loreto, y \u201ccada 5 de enero se conmemora su creaci\u00f3n, ya que en esa fecha del a\u00f1o 1863 llega la primera nave de la flota de vapores de la Marina de Guerra del Per\u00fa al reci\u00e9n construido terminal fluvial, que se convertir\u00eda en el enlace de la regi\u00f3n con el mundo\u201d.<\/p>\n\n\n\n<p>La municipalidad provincial de Maynas ha presentado sus diversas actividades por el 160 aniversario de Iquitos como puerto fluvial y destacan el corso aleg\u00f3rico Iquitos Celebra, que se desarroll\u00f3 esta tarde en la plaza 28 de Julio, y el gran Festival de la Canci\u00f3n de Iquitos (FECI) 2024, a punto de empezar.<\/p>\n\n\n\n<p>Para ma\u00f1ana se ha programado la serenata a la ciudad de Iquitos y la presentaci\u00f3n de artistas desde las 17:00 horas en la plaza 28 de Julio.<\/p>\n\n\n\n<p>El viernes 5 de enero, desde las 00:00 horas, se llevar\u00e1 a cabo la exhibici\u00f3n de fuegos artificiales y la orquesta popular del grupo musical Explosi\u00f3n de Iquitos. Asimismo, desde las 08:00 horas se desarrollar\u00e1 la tradicional misa y tedeum en la iglesia matriz y el desfile c\u00edvico-militar en la plaza de Armas de Iquitos.<\/p>\n\n\n\n<p>Durante los d\u00edas festivos se promueve un city tour, recorrido hist\u00f3rico de la ciudad de Iquitos desde las 10:00 horas en la plaza de Armas.<\/p>\n\n\n\n<p>Como cierre de las festividades, el 7 de enero se realizar\u00e1 la competencia de motovelocidad desde las 09:00 horas en la hist\u00f3rica plaza 28 de Julio.<\/p>\n\n\n\n<p>Rutas tur\u00edsticas<\/p>\n\n\n\n<p>Casa de Fierro<\/p>\n\n\n\n<p>Es uno de los edificios m\u00e1s emblem\u00e1ticos de Iquitos y es considerada la puerta de la Amazon\u00eda peruana y Patrimonio Cultural de la Naci\u00f3n. Est\u00e1 ubicada frente a la plaza de Armas de la ciudad. Su infraestructura fue dise\u00f1ada en 1887 por el famoso arquitecto Gustave Eiffel, el mismo que construy\u00f3 la Torre Eiffel de Par\u00edn, Francia.<\/p>\n\n\n\n<p>Paseo por los r\u00edos Amazonas y Nanay<\/p>\n\n\n\n<p>Se trata de dos r\u00edos principales de la ciudad y que a trav\u00e9s de una embarcaci\u00f3n fluvial popularmente conocido como \u00abpeque peque\u00bb, puedes recorrer sus aguas y disfrutar de hermosos paisajes tur\u00edsticos y cadena de restaurantes flotantes.<\/p>\n\n\n\n<p>Comunidad ind\u00edgena bora y kukama uka del Amazonas<\/p>\n\n\n\n<p>Son denominados los aliados del turismo en la regi\u00f3n Loreto, cerca de la ciudad de Iquitos. A tan solo 20 minutos, el visitante puede apreciar el arte, danzas y tradiciones amaz\u00f3nicas de la comunidad nativa kukama uka del r\u00edo Amazonas. Similar escenario ofrece la etnia bora que, a trav\u00e9s de sus tradiciones, brindan al turista una pasant\u00eda inolvidable, con exhibici\u00f3n de artesan\u00eda, gastronom\u00eda y cultura.<\/p>\n\n\n\n<p>Gastronom\u00eda<\/p>\n\n\n\n<p>Tacacho con cecina<\/p>\n\n\n\n<p>Es la comida m\u00e1s t\u00edpica de la Amazon\u00eda y en Iquitos hay variedad de restaurantes que ofrecen este potaje exquisito para el visitante. Es uno de los platos de bandera de la regi\u00f3n Loreto y es reconocido a nivel nacional e internacional.<\/p>\n\n\n\n<p>El juane<\/p>\n\n\n\n<p>Su sabor es caracterizado por los insumos regionales que se integran en un solo producto: arroz y presa de gallina envueltos en hoja de bijao.<\/p>\n","protected":false},"excerpt":{"rendered":"<p>La municipalidad provincial de Maynas organiza nutrida programaci\u00f3n para el deleite del p\u00fablico Iquitos, la capital de la regi\u00f3n Loreto, celebra el 160 aniversario de su fundaci\u00f3n como puerto fluvial sobre el r\u00edo Amazonas y en el contexto de esta celebraci\u00f3n se promueven diversas rutas tur\u00edsticas, tanto en la ciudad como en medio de la [&hellip;]<\/p>\n","protected":false},"author":1,"featured_media":1933,"comment_status":"open","ping_status":"open","sticky":false,"template":"","format":"standard","meta":{"footnotes":""},"categories":[8],"tags":[],"class_list":["post-1932","post","type-post","status-publish","format-standard","has-post-thumbnail","hentry","category-turismo"],"_links":{"self":[{"href":"http:\/\/www.elcapital.pe\/index.php?rest_route=\/wp\/v2\/posts\/1932","targetHints":{"allow":["GET"]}}],"collection":[{"href":"http:\/\/www.elcapital.pe\/index.php?rest_route=\/wp\/v2\/posts"}],"about":[{"href":"http:\/\/www.elcapital.pe\/index.php?rest_route=\/wp\/v2\/types\/post"}],"author":[{"embeddable":true,"href":"http:\/\/www.elcapital.pe\/index.php?rest_route=\/wp\/v2\/users\/1"}],"replies":[{"embeddable":true,"href":"http:\/\/www.elcapital.pe\/index.php?rest_route=%2Fwp%2Fv2%2Fcomments&post=1932"}],"version-history":[{"count":1,"href":"http:\/\/www.elcapital.pe\/index.php?rest_route=\/wp\/v2\/posts\/1932\/revisions"}],"predecessor-version":[{"id":1934,"href":"http:\/\/www.elcapital.pe\/index.php?rest_route=\/wp\/v2\/posts\/1932\/revisions\/1934"}],"wp:featuredmedia":[{"embeddable":true,"href":"http:\/\/www.elcapital.pe\/index.php?rest_route=\/wp\/v2\/media\/1933"}],"wp:attachment":[{"href":"http:\/\/www.elcapital.pe\/index.php?rest_route=%2Fwp%2Fv2%2Fmedia&parent=1932"}],"wp:term":[{"taxonomy":"category","embeddable":true,"href":"http:\/\/www.elcapital.pe\/index.php?rest_route=%2Fwp%2Fv2%2Fcategories&post=1932"},{"taxonomy":"post_tag","embeddable":true,"href":"http:\/\/www.elcapital.pe\/index.php?rest_route=%2Fwp%2Fv2%2Ftags&post=1932"}],"curies":[{"name":"wp","href":"https:\/\/api.w.org\/{rel}","templated":true}]}}