{"id":1926,"date":"2024-01-04T20:19:19","date_gmt":"2024-01-05T01:19:19","guid":{"rendered":"https:\/\/www.elcapital.pe\/?p=1926"},"modified":"2024-01-04T20:19:19","modified_gmt":"2024-01-05T01:19:19","slug":"eeuu-confirma-que-sus-fuerzas-lanzaron-ataque-contra-milicia-proirani-en-bagdad","status":"publish","type":"post","link":"http:\/\/www.elcapital.pe\/?p=1926","title":{"rendered":"EEUU CONFIRMA QUE SUS FUERZAS LANZARON ATAQUE CONTRA MILICIA PROIRANI EN BAGDAD"},"content":{"rendered":"\n<p>En la incursi\u00f3n muri\u00f3 Mushtaq Talib al Saidi, comandante de la 12\u00aa Brigada del movimiento Al Najuba<\/p>\n\n\n\n<p>Estados Unidos confirm\u00f3 este jueves que sus fuerzas estuvieron detr\u00e1s del ataque que hoy mismo fue lanzado contra una sede de la agrupaci\u00f3n de milicias proiran\u00edes Multitud Popular, en el este de Bagdad, que mat\u00f3 entre otros al comandante apodado Abu Taqua.<\/p>\n\n\n\n<p>El portavoz del Pent\u00e1gono, general de brigada Pat Ryder, apunt\u00f3 en una conferencia de prensa que la decisi\u00f3n se tom\u00f3 \u00aben defensa propia\u00bb y que ning\u00fan civil result\u00f3 herido, as\u00ed como tampoco ninguna infraestructura.<\/p>\n\n\n\n<p>Mushtaq Talib al Saidi, conocido como Abu Taqua, era el comandante de la 12\u00aa Brigada del movimiento proiran\u00ed Al Nujaba, que opera bajo el paraguas de la Multitud Popular, y estaba \u00abimplicado de forma activa en la planificaci\u00f3n y ejecuci\u00f3n de ataques contra personal estadounidense\u00bb, dijo.<\/p>\n\n\n\n<p>\u00abLas fuerzas estadounidenses tomaron una acci\u00f3n necesaria y proporcionada. Es importante se\u00f1alar que el ataque se realiz\u00f3 en defensa propia y que ning\u00fan civil result\u00f3 herido. Ninguna infraestructura o instalaci\u00f3n resultaron afectadas\u00bb, a\u00f1adi\u00f3 el portavoz.<\/p>\n\n\n\n<p>\u201cEn defensa propia\u201d<\/p>\n\n\n\n<p>Una fuente del Ministerio del Interior iraqu\u00ed indic\u00f3 a EFE que el ataque mat\u00f3 tambi\u00e9n a quien era la mano derecha de Abu Taqua, adem\u00e1s de otro miembro del grupo, pero el general de brigada solo confirm\u00f3 la muerte de una segunda persona.<\/p>\n\n\n\n<p>\u00abEste fue un ataque de autodefensa porque este individuo en particular estuvo involucrado en la planificaci\u00f3n y ejecuci\u00f3n de ataques contra personal estadounidense en Irak y Siria, lo que por definici\u00f3n es una amenaza que implica actuar como autodefensa\u00bb, sostuvo Ryder en referencia a Abu Taqua.<\/p>\n\n\n\n<p>El Ej\u00e9rcito iraqu\u00ed hab\u00eda responsabilizado este jueves a la coalici\u00f3n liderada por Washington de atacar la sede de una de las milicias de la Multitud Popular en el este de Bagdad con un dron.<\/p>\n\n\n\n<p>Resistencia Isl\u00e1mica en Irak<\/p>\n\n\n\n<p>Al Nujaba forma parte tambi\u00e9n de la denominada Resistencia Isl\u00e1mica en Irak, que ha lanzado ataques contra objetivos con presencia estadounidense en el pa\u00eds \u00e1rabe y en Siria desde que estall\u00f3 la guerra en Gaza, el pasado 7 de octubre, por el apoyo \u00abinquebrantable\u00bb de Washington a Israel.<\/p>\n\n\n\n<p>Varios de los grupos que integran la Resistencia Isl\u00e1mica en Irak han condenado el ataque y han exigido al Gobierno iraqu\u00ed la expulsi\u00f3n de las tropas norteamericanas del pa\u00eds, precisamente el objetivo que pretenden conseguir lanzando acciones contra posiciones de EE.UU. en Oriente Medio.<\/p>\n\n\n\n<p>\u00abTal y como llevamos tiempo diciendo, nos reservamos nuestro derecho inherente a la autodefensa y tomaremos las medidas necesarias para proteger a nuestro personal\u00bb, concluy\u00f3 el portavoz del Pent\u00e1gono, se\u00f1alando que su pa\u00eds no busca ampliar la tensi\u00f3n en la regi\u00f3n pero tampoco va a permitir que sus fuerzas se vean amenazadas.<\/p>\n\n\n\n<p>(efe)<\/p>\n","protected":false},"excerpt":{"rendered":"<p>En la incursi\u00f3n muri\u00f3 Mushtaq Talib al Saidi, comandante de la 12\u00aa Brigada del movimiento Al Najuba Estados Unidos confirm\u00f3 este jueves que sus fuerzas estuvieron detr\u00e1s del ataque que hoy mismo fue lanzado contra una sede de la agrupaci\u00f3n de milicias proiran\u00edes Multitud Popular, en el este de Bagdad, que mat\u00f3 entre otros al [&hellip;]<\/p>\n","protected":false},"author":1,"featured_media":1927,"comment_status":"open","ping_status":"open","sticky":false,"template":"","format":"standard","meta":{"footnotes":""},"categories":[2],"tags":[],"class_list":["post-1926","post","type-post","status-publish","format-standard","has-post-thumbnail","hentry","category-actualidad"],"_links":{"self":[{"href":"http:\/\/www.elcapital.pe\/index.php?rest_route=\/wp\/v2\/posts\/1926","targetHints":{"allow":["GET"]}}],"collection":[{"href":"http:\/\/www.elcapital.pe\/index.php?rest_route=\/wp\/v2\/posts"}],"about":[{"href":"http:\/\/www.elcapital.pe\/index.php?rest_route=\/wp\/v2\/types\/post"}],"author":[{"embeddable":true,"href":"http:\/\/www.elcapital.pe\/index.php?rest_route=\/wp\/v2\/users\/1"}],"replies":[{"embeddable":true,"href":"http:\/\/www.elcapital.pe\/index.php?rest_route=%2Fwp%2Fv2%2Fcomments&post=1926"}],"version-history":[{"count":1,"href":"http:\/\/www.elcapital.pe\/index.php?rest_route=\/wp\/v2\/posts\/1926\/revisions"}],"predecessor-version":[{"id":1928,"href":"http:\/\/www.elcapital.pe\/index.php?rest_route=\/wp\/v2\/posts\/1926\/revisions\/1928"}],"wp:featuredmedia":[{"embeddable":true,"href":"http:\/\/www.elcapital.pe\/index.php?rest_route=\/wp\/v2\/media\/1927"}],"wp:attachment":[{"href":"http:\/\/www.elcapital.pe\/index.php?rest_route=%2Fwp%2Fv2%2Fmedia&parent=1926"}],"wp:term":[{"taxonomy":"category","embeddable":true,"href":"http:\/\/www.elcapital.pe\/index.php?rest_route=%2Fwp%2Fv2%2Fcategories&post=1926"},{"taxonomy":"post_tag","embeddable":true,"href":"http:\/\/www.elcapital.pe\/index.php?rest_route=%2Fwp%2Fv2%2Ftags&post=1926"}],"curies":[{"name":"wp","href":"https:\/\/api.w.org\/{rel}","templated":true}]}}