{"id":1902,"date":"2024-01-02T21:18:54","date_gmt":"2024-01-03T02:18:54","guid":{"rendered":"https:\/\/www.elcapital.pe\/?p=1902"},"modified":"2024-01-02T21:18:54","modified_gmt":"2024-01-03T02:18:54","slug":"cusco-mas-de-100000-turistas-disfrutaron-de-fiestas-de-fin-de-ano-y-atractivos-naturales","status":"publish","type":"post","link":"http:\/\/www.elcapital.pe\/?p=1902","title":{"rendered":"CUSCO: MAS DE 100,000 TURISTAS DISFRUTARON DE FIESTAS DE FIN DE A\u00d1O Y ATRACTIVOS NATURALES"},"content":{"rendered":"\n<p>En la \u00faltima semana de diciembre del 2023, seg\u00fan Gerencia Regional de Comercio Exterior y Turismo<\/p>\n\n\n\n<p>M\u00e1s de 100,000 turistas, entre nacionales y extranjeros, aprovecharon la \u00faltima semana de diciembre del 2023 para disfrutar de la Navidad cusque\u00f1a, las fiestas de fin de a\u00f1o y recibir el 2024, con visitas a principales parques arqueol\u00f3gicos y atractivos naturales, inform\u00f3 hoy la Gerencia de Comercio Exterior y Turismo (Gercetur).<\/p>\n\n\n\n<p>Sa\u00fal Caipani Altamirano, gerente de Comercio Exterior y Turismo, destac\u00f3 que los visitantes optaron por conocer la capital del Tahuantinsuyo, el santuario hist\u00f3rico de Machu Picchu, el Valle Sagrado y otras rutas.<\/p>\n\n\n\n<p>\u201cNuestra maravilla, el Valle Sagrado y el centro hist\u00f3rico fueron altamente visitados por turistas locales, nacionales e internacionales\u201d, resalt\u00f3 el funcionario al afirmar que esta regi\u00f3n sigue siendo una de las m\u00e1s importantes como destino tur\u00edstico en el pa\u00eds.<\/p>\n\n\n\n<p>Los miles de visitantes arribaron en la antesala del Santurantikuy, feria navide\u00f1a que en esta ocasi\u00f3n se desarroll\u00f3 por tres d\u00edas consecutivos en la plaza mayor, con la exposici\u00f3n-venta de obras de arte popular alusivas a la Navidad y otras actividades tradicionales.<\/p>\n\n\n\n<p>Alrededor de cincuenta estands fueron exclusivamente de la Gercetur y para los Maestros de la Artesan\u00eda cusque\u00f1a, quienes ofrecieron y dinamizaron su econom\u00eda junto a m\u00e1s de mil artesanos provenientes de otras regiones.<\/p>\n\n\n\n<p>Tambi\u00e9n se desarroll\u00f3 el Primer Festival del Chocolate y Caf\u00e9 (Chocaf\u00e9) 2023, en la plaza T\u00fapac Amaru, con la participaci\u00f3n de productores de la Amazon\u00eda del Cusco; logr\u00f3 alcanzar un movimiento de 45,000 soles.<\/p>\n\n\n\n<p>Despu\u00e9s de la Nochebuena, los turistas decidieron visitar los parques arqueol\u00f3gicos de Sacsayhuam\u00e1n, Pucapucara, Q\u2019enqo, Tambomachay, P\u00edsac, Ollantaytambo, Chinchero, Moray, entre otras que ofrece el boleto tur\u00edstico (valle sur).<\/p>\n\n\n\n<p>Asimismo, turistas locales decidieron conocer mucho m\u00e1s sus provincias, como Canchis, Espinar, Calca, Urubamba, Acomayo, Paruro y otros.<\/p>\n\n\n\n<p>La plaza de Armas luci\u00f3 repleta de gente la noche del 31 de diciembre, turistas j\u00f3venes y adultos de Norteam\u00e9rica, Europa y Asia esperaron la cuenta regresiva en medio de presentaciones art\u00edsticas que alegraron el advenimiento del 2024, pese a la llovizna que se registr\u00f3.<\/p>\n\n\n\n<p>Caipani Altamirano afirm\u00f3 que todas las actividades se han desarrollado con alegr\u00eda y tranquilidad, debido a que autoridades locales han garantizado la seguridad, resultado de ello es que no se reportaron emergencias ni incidentes.<\/p>\n\n\n\n<p>\u201cEn Cusco contamos con capacidad para la estad\u00eda de turistas, as\u00ed como con hoteles y restaurantes de categor\u00eda\u201d, afirm\u00f3 en referencia a que los turistas tuvieron las comodidades para disfrutar de la cultura material e inmaterial.<\/p>\n\n\n\n<p>\u201cPara este a\u00f1o buscamos que se siga reactivando la econom\u00eda y el turismo como principal factor de desarrollo de un gran sector de cusque\u00f1os; tenemos grandes retos y responsabilidades como el Foro de Cooperaci\u00f3n Econ\u00f3mica Asia-Pac\u00edfico (APEC) que se aproxima\u201d, finaliz\u00f3 el gerente.<\/p>\n","protected":false},"excerpt":{"rendered":"<p>En la \u00faltima semana de diciembre del 2023, seg\u00fan Gerencia Regional de Comercio Exterior y Turismo M\u00e1s de 100,000 turistas, entre nacionales y extranjeros, aprovecharon la \u00faltima semana de diciembre del 2023 para disfrutar de la Navidad cusque\u00f1a, las fiestas de fin de a\u00f1o y recibir el 2024, con visitas a principales parques arqueol\u00f3gicos y [&hellip;]<\/p>\n","protected":false},"author":1,"featured_media":1903,"comment_status":"open","ping_status":"open","sticky":false,"template":"","format":"standard","meta":{"footnotes":""},"categories":[8],"tags":[],"class_list":["post-1902","post","type-post","status-publish","format-standard","has-post-thumbnail","hentry","category-turismo"],"_links":{"self":[{"href":"http:\/\/www.elcapital.pe\/index.php?rest_route=\/wp\/v2\/posts\/1902","targetHints":{"allow":["GET"]}}],"collection":[{"href":"http:\/\/www.elcapital.pe\/index.php?rest_route=\/wp\/v2\/posts"}],"about":[{"href":"http:\/\/www.elcapital.pe\/index.php?rest_route=\/wp\/v2\/types\/post"}],"author":[{"embeddable":true,"href":"http:\/\/www.elcapital.pe\/index.php?rest_route=\/wp\/v2\/users\/1"}],"replies":[{"embeddable":true,"href":"http:\/\/www.elcapital.pe\/index.php?rest_route=%2Fwp%2Fv2%2Fcomments&post=1902"}],"version-history":[{"count":1,"href":"http:\/\/www.elcapital.pe\/index.php?rest_route=\/wp\/v2\/posts\/1902\/revisions"}],"predecessor-version":[{"id":1904,"href":"http:\/\/www.elcapital.pe\/index.php?rest_route=\/wp\/v2\/posts\/1902\/revisions\/1904"}],"wp:featuredmedia":[{"embeddable":true,"href":"http:\/\/www.elcapital.pe\/index.php?rest_route=\/wp\/v2\/media\/1903"}],"wp:attachment":[{"href":"http:\/\/www.elcapital.pe\/index.php?rest_route=%2Fwp%2Fv2%2Fmedia&parent=1902"}],"wp:term":[{"taxonomy":"category","embeddable":true,"href":"http:\/\/www.elcapital.pe\/index.php?rest_route=%2Fwp%2Fv2%2Fcategories&post=1902"},{"taxonomy":"post_tag","embeddable":true,"href":"http:\/\/www.elcapital.pe\/index.php?rest_route=%2Fwp%2Fv2%2Ftags&post=1902"}],"curies":[{"name":"wp","href":"https:\/\/api.w.org\/{rel}","templated":true}]}}