{"id":13915,"date":"2026-04-30T22:43:25","date_gmt":"2026-05-01T03:43:25","guid":{"rendered":"https:\/\/www.elcapital.pe\/?p=13915"},"modified":"2026-04-30T22:43:25","modified_gmt":"2026-05-01T03:43:25","slug":"nuevo-reves-para-lula-el-congreso-aprueba-ley-que-reduce-las-penas-de-jair-bolsonaro-y-otros-conspiradores","status":"publish","type":"post","link":"http:\/\/www.elcapital.pe\/?p=13915","title":{"rendered":"NUEVO REVES PARA LULA: EL CONGRESO APRUEBA LEY QUE REDUCE LAS PENAS DE JAIR BOLSONARO Y OTROS CONSPIRADORES\u00a0"},"content":{"rendered":"\n<p>El Senado y la C\u00e1mara de Diputados de Brasil dieron luz verde a una ley que hab\u00eda sido vetada por el presidente Luiz In\u00e1cio Lula da Silva. El texto estipula la posibilidad de reducir los tiempos de condena para el exmandatario Jair Bolsonaro, varios altos miembros de su Gobierno y decenas de seguidores condenados por el sistema judicial a causa de delitos ligados con el intento de golpe de Estado, llevado a cabo en enero de 2023.<\/p>\n\n\n\n<p>El Congreso de Brasil lanza una rueda de auxilio al condenado expresidente Jair Bolsonaro.<\/p>\n\n\n\n<p>Este jueves 30 de abril, el Legislativo de Brasilia aprob\u00f3 una reducci\u00f3n de penas al dirigente pol\u00edtico ultraderechista, varios miembros de su gabinete y decenas de seguidores, que han sido condenados por el sistema judicial por cargos ligados a un intento de golpe de Estado llevado a cabo el 8 enero de 2023, el d\u00eda de la toma de posesi\u00f3n de Luiz In\u00e1cio Lula da Silva como jefe de Estado.<\/p>\n\n\n\n<p>Tanto el Senado como la C\u00e1mara de Diputados rechazaron el veto de Lula contra una ley que ya hab\u00eda sido aprobada en diciembre de 2025 con el respaldo de los partidos de derecha y algunas formaciones de centro.<\/p>\n\n\n\n<p>En la C\u00e1mara Alta el resultado de la votaci\u00f3n qued\u00f3 49 frente a 24, mientras que 318 diputados emitieron votos favorables, frente a 144 en contra, para que se revisen las sentencias relacionadas con los ataques contra varias de las sedes de las instituciones del Estado que se encuentran en la capital, Brasilia.<\/p>\n\n\n\n<p>En medio del debate el legislador derechista y exmagistrado, Sergio Moro, afirm\u00f3 que el veto a la ley dictaminado por Lula da Silva fue \u201ccruel\u201d y se\u00f1al\u00f3 que los tiempos de reclusi\u00f3n dictaminados por el sistema judicial en cabeza del Tribunal Supremo fueron en muchos casos \u201cabsurdos\u201d.<\/p>\n\n\n\n<p>En la otra orilla, la bancada oficialista del Partido de los Trabajadores critic\u00f3 la postura de la oposici\u00f3n de intentar reevaluar lo sucedido. La diputada Gleisi Hoffmann afirm\u00f3 que la medida \u00abatenta\u00bb contra la Constituci\u00f3n, y \u00abminimiza\u00bb el intento de los bolsonaristas de socavar las instituciones democr\u00e1ticas.<\/p>\n\n\n\n<p>\u00bfEn qu\u00e9 consisten las posibles reducciones de penas?<\/p>\n\n\n\n<p>La norma aprobada impide la acumulaci\u00f3n de penas por cr\u00edmenes tipificados de forma parecida, adem\u00e1s de estipular reducciones en los tiempos de condena de entre un tercio y dos tercios para los delitos de intento de golpe de Estado o de derrocamiento, cuando se hayan cometido como parte de una multitud.<\/p>\n\n\n\n<p>Los atenuantes excluyen los casos en que el condenado haya financiado o liderado los actos subversivos.<\/p>\n\n\n\n<p>Las personas que est\u00e1n privadas de su libertad por los eventos ocurridos el 8 de enero tambi\u00e9n podr\u00e1n beneficiarse de una progresi\u00f3n del r\u00e9gimen penitenciario tras cumplir un sexto de su condena, es decir que con el visto bueno de un juez podr\u00edan recibir medidas sustitutivas de reclusi\u00f3n, como la domiciliaria.<\/p>\n\n\n\n<p>Sin embargo, Davi Alcolumbre, presidente del Senado de Brasil, argument\u00f3 que el alcance de la decisi\u00f3n excluye los cr\u00edmenes atroces, una afirmaci\u00f3n que podr\u00eda ser revisada ante los tribunales.<\/p>\n\n\n\n<p>En el caso concreto del expresidente Jair Bolsonaro, seg\u00fan un modelo predictivo realizado por el peri\u00f3dico Folha de Sao Paulo, el ultraderechista podr\u00eda ver reducida su condena de 27 a\u00f1os y tres meses a 22 a\u00f1os y un mes, con la particularidad de que tendr\u00eda la posibilidad de pedir el estatus de reclusi\u00f3n domiciliaria permanente a los tres a\u00f1os y tres meses de haber sido condenado.<\/p>\n\n\n\n<p>El exmandatario fue condenado de forma definitiva por el Tribunal Supremo de Brasil en septiembre de 2025. Sin embargo, un juez le permiti\u00f3 desde el pasado 27 de marzo pasar al r\u00e9gimen de prisi\u00f3n domiciliaria, a ra\u00edz de sus m\u00faltiples quebrantos de salud.<\/p>\n\n\n\n<p>Otros miembros del antiguo gabinete de Bolsonaro, como el exministro de Defensa Walter Braga, el exministro de Justicia Anderson Torres, y el exmilitar Almir Garnier, tambi\u00e9n podr\u00edan optar por reducir su permanencia en prisi\u00f3n, dictada por su participaci\u00f3n en el intento de golpe de Estado.<\/p>\n\n\n\n<p>El bolsonarismo celebra de cara a las elecciones<\/p>\n\n\n\n<p>Tras conocer el resultado de la votaci\u00f3n del Congreso, el senador y candidato a la Presidencia Fl\u00e1vio Bolsonaro, hijo del expresidente condenado, declar\u00f3 en su cuenta de X que este \u201ces el primer paso para hacer justicia integral a los perseguidos pol\u00edticos del 8 de enero\u201d.<\/p>\n\n\n\n<p>El tambi\u00e9n dirigente del Partido Liberal de Brasil celebr\u00f3 con sus compa\u00f1eros de bancada al grito de: \u00ab\u00a1La derrota del Partido de los Trabajadores es la victoria de Brasil!\u201d<\/p>\n\n\n\n<p>Otro rev\u00e9s en el legislativo contra el Gobierno de Lula da Silva se dio el mi\u00e9rcoles, cuando fue rechazado el candidato nominado por el presidente para ser parte del Tribunal Supremo del pa\u00eds, algo que no suced\u00eda desde 1894.&nbsp;<\/p>\n\n\n\n<p>El abogado Jorge Messias, figura cercana al jefe de Estado, necesitaba el voto favorable de 41 senadores y solo obtuvo 34 apoyos, una derrota inesperada para el oficialismo.<\/p>\n\n\n\n<p>Son dos decisiones que se dan en un contexto preelectoral, pues el pr\u00f3ximo 4 de octubre habr\u00e1 comicios generales para la Presidencia y legislativas. All\u00ed de Lula enfrentar\u00e1 precisamente al senador Fl\u00e1vio Bolsonaro.<\/p>\n\n\n\n<p>Seg\u00fan la encuesta m\u00e1s reciente de la firma Atlas Intel, el actual mandatario tiene una intenci\u00f3n de voto del 46,6%, mientras que Bolsonaro lograr\u00eda el 39,7% de los sufragios.<\/p>\n\n\n\n<p>Es decir, que Brasil se encuentra transitando por un nuevo pulso entre la ultraderechista bolsonarista y el izquierdismo progresista del Partido de los Trabajadores.<\/p>\n\n\n\n<p>Con EFE y AP<\/p>\n","protected":false},"excerpt":{"rendered":"<p>El Senado y la C\u00e1mara de Diputados de Brasil dieron luz verde a una ley que hab\u00eda sido vetada por el presidente Luiz In\u00e1cio Lula da Silva. El texto estipula la posibilidad de reducir los tiempos de condena para el exmandatario Jair Bolsonaro, varios altos miembros de su Gobierno y decenas de seguidores condenados por [&hellip;]<\/p>\n","protected":false},"author":1,"featured_media":13916,"comment_status":"open","ping_status":"open","sticky":false,"template":"","format":"standard","meta":{"footnotes":""},"categories":[2],"tags":[],"class_list":["post-13915","post","type-post","status-publish","format-standard","has-post-thumbnail","hentry","category-actualidad"],"_links":{"self":[{"href":"http:\/\/www.elcapital.pe\/index.php?rest_route=\/wp\/v2\/posts\/13915","targetHints":{"allow":["GET"]}}],"collection":[{"href":"http:\/\/www.elcapital.pe\/index.php?rest_route=\/wp\/v2\/posts"}],"about":[{"href":"http:\/\/www.elcapital.pe\/index.php?rest_route=\/wp\/v2\/types\/post"}],"author":[{"embeddable":true,"href":"http:\/\/www.elcapital.pe\/index.php?rest_route=\/wp\/v2\/users\/1"}],"replies":[{"embeddable":true,"href":"http:\/\/www.elcapital.pe\/index.php?rest_route=%2Fwp%2Fv2%2Fcomments&post=13915"}],"version-history":[{"count":1,"href":"http:\/\/www.elcapital.pe\/index.php?rest_route=\/wp\/v2\/posts\/13915\/revisions"}],"predecessor-version":[{"id":13917,"href":"http:\/\/www.elcapital.pe\/index.php?rest_route=\/wp\/v2\/posts\/13915\/revisions\/13917"}],"wp:featuredmedia":[{"embeddable":true,"href":"http:\/\/www.elcapital.pe\/index.php?rest_route=\/wp\/v2\/media\/13916"}],"wp:attachment":[{"href":"http:\/\/www.elcapital.pe\/index.php?rest_route=%2Fwp%2Fv2%2Fmedia&parent=13915"}],"wp:term":[{"taxonomy":"category","embeddable":true,"href":"http:\/\/www.elcapital.pe\/index.php?rest_route=%2Fwp%2Fv2%2Fcategories&post=13915"},{"taxonomy":"post_tag","embeddable":true,"href":"http:\/\/www.elcapital.pe\/index.php?rest_route=%2Fwp%2Fv2%2Ftags&post=13915"}],"curies":[{"name":"wp","href":"https:\/\/api.w.org\/{rel}","templated":true}]}}