{"id":13896,"date":"2026-04-30T21:49:46","date_gmt":"2026-05-01T02:49:46","guid":{"rendered":"https:\/\/www.elcapital.pe\/?p=13896"},"modified":"2026-04-30T21:59:29","modified_gmt":"2026-05-01T02:59:29","slug":"mef-proyecta-crecimiento-de-3-2-para-la-economia-peruana-entre-el-2027-y-2029","status":"publish","type":"post","link":"http:\/\/www.elcapital.pe\/?p=13896","title":{"rendered":"MEF PROYECTA CRECIMIENTO DE 3.2% PARA LA ECONOMIA PERUANA ENTRE EL 2027 Y 2029\u00a0"},"content":{"rendered":"\n<p>Por mayores inversiones y exportaciones din\u00e1micas, seg\u00fan Informe de Actualizaci\u00f3n de Proyecciones Macroecon\u00f3micas<\/p>\n\n\n\n<p>La econom\u00eda peruana crecer\u00eda en promedio 3.2% en el per\u00edodo 2027-2029, sostenido por mayores inversiones, exportaciones m\u00e1s din\u00e1micas y mejoras de productividad, todo ello en un entorno de estabilidad macroecon\u00f3mica y mayor competitividad, de acuerdo con la proyecci\u00f3n del Informe de Actualizaci\u00f3n de Proyecciones Macroecon\u00f3micas (IAPM) 2026-2029, publicado por el Ministerio de Econom\u00eda y Finanzas (MEF).<\/p>\n\n\n\n<p>Seg\u00fan destaca el documento, para mejorar la competitividad y productividad de la econom\u00eda, es importante continuar impulsando el desarrollo de sectores consolidados y en proceso de consolidaci\u00f3n como la miner\u00eda, agroexportaci\u00f3n, proyectos log\u00edsticos, industriales, el desarrollo del \u201chub\u201d portuario, las energ\u00edas renovables y el impulso productivo a la Amazon\u00eda, permitiendo descentralizar el crecimiento y ampliando las oportunidades laborales en diversas regiones del pa\u00eds.<\/p>\n\n\n\n<p>Si bien el Per\u00fa continuar\u00eda benefici\u00e1ndose de precios a\u00fan favorables de las materias primas en el horizonte de proyecci\u00f3n, el informe tambi\u00e9n asimila un entorno internacional incierto debido a tensiones geopol\u00edticas, la persistencia de riesgos clim\u00e1ticos y condiciones financieras globales a\u00fan restrictivas que podr\u00edan moderar el crecimiento econ\u00f3mico.<\/p>\n\n\n\n<p>En materia fiscal, el Informe de Actualizaci\u00f3n de Proyecciones Macroecon\u00f3micas prev\u00e9 una reducci\u00f3n gradual del d\u00e9ficit fiscal, que pasar\u00eda de 2.2% del PBI en el 2025 a 1.8% en el 2026, para converger a 1% del PBI en el 2028. Asimismo, la deuda p\u00fablica se ubicar\u00eda en 29.4% del PBI al cierre del 2029, manteni\u00e9ndose entre las m\u00e1s bajas de las econom\u00edas emergentes.<\/p>\n\n\n\n<p>El Informe de Actualizaci\u00f3n de Proyecciones Macroecon\u00f3micas preserva fortalezas macrofiscales que lo distinguen favorablemente en la regi\u00f3n, entre ellas niveles de d\u00e9ficit y deuda relativamente bajos, con grado de inversi\u00f3n.<\/p>\n\n\n\n<p>No obstante, tambi\u00e9n indica que el escenario actual presenta un entorno m\u00e1s exigente que en a\u00f1os previos, por lo que el informe reafirma que la sostenibilidad fiscal es una condici\u00f3n esencial para el equilibrio macroecon\u00f3mico y la base para impulsar el crecimiento, la inversi\u00f3n, el empleo y el bienestar.<\/p>\n\n\n\n<p>\u201cPreservar el espacio fiscal ser\u00e1 clave para sostener la inversi\u00f3n p\u00fablica, financiar servicios esenciales y mantener capacidad de respuesta frente a choques externos o clim\u00e1ticos. Por ello, no existe margen para debilitar la capacidad fiscal del Estado mediante medidas que erosionen ingresos permanentes\u201d, sostiene el documento.<\/p>\n\n\n\n<p>El ministro de Econom\u00eda y Finanzas, Rodolfo Acu\u00f1a, se\u00f1al\u00f3 que la sostenibilidad fiscal no es un objetivo aislado, sino la base que permite sostener el crecimiento, financiar servicios p\u00fablicos y proteger al pa\u00eds frente a choques externos.<\/p>\n\n\n\n<p>\u201cCon decisi\u00f3n, trabajamos para que una gesti\u00f3n fiscal responsable se traduzca en m\u00e1s bienestar y oportunidades para las familias\u201d, manifest\u00f3.<\/p>\n\n\n\n<p>Rodolfo Acu\u00f1a agreg\u00f3 que el Ministerio de Econom\u00eda y Finanzas ratifica su compromiso con una gesti\u00f3n responsable de las finanzas p\u00fablicas, basada en el equilibrio entre ingresos, gasto y endeudamiento, garantizando que las decisiones de hoy no comprometan a las futuras generaciones.<\/p>\n\n\n\n<p>Proyecci\u00f3n 2026<\/p>\n\n\n\n<p>El Informe de Actualizaci\u00f3n de Proyecciones Macroecon\u00f3micas ratific\u00f3 la proyecci\u00f3n de crecimiento econ\u00f3mico de 3.2% para el 2026, reflejando la solidez y capacidad de resiliencia de la econom\u00eda peruana. Este desempe\u00f1o favorable se explica por el fortalecimiento de la demanda interna, principalmente por el mayor dinamismo del gasto privado, lo que permitir\u00e1 contrarrestar los efectos adversos de los choques de oferta.<\/p>\n\n\n\n<p>Es importante destacar, que un factor clave que est\u00e1 impulsando la demanda interna es la inversi\u00f3n privada, que crecer\u00eda 5.5%, acumulando tres a\u00f1os consecutivos de expansi\u00f3n. Este incremento estar\u00eda sostenido por mayores inversiones mineras, que superar\u00edan los 6,800 millones de d\u00f3lares, as\u00ed como por nuevos proyectos en infraestructura, vivienda, telecomunicaciones, hidrocarburos y energ\u00edas renovables.<\/p>\n\n\n\n<p>El documento estima que el entorno externo tendr\u00eda un efecto mixto sobre la econom\u00eda local, pues el Per\u00fa continuar\u00eda benefici\u00e1ndose de niveles todav\u00eda elevados de los precios de las materias primas, siendo favorecido por los elevados niveles de los t\u00e9rminos de intercambio, recaudaci\u00f3n fiscal y generaci\u00f3n de recursos vinculados a la actividad exportadora.<\/p>\n\n\n\n<p>Sin embargo, existen riesgos latentes que podr\u00eda afectar la actividad econ\u00f3mica vinculada a una mayor prolongaci\u00f3n del conflicto en Medio Oriente y una mayor intensificaci\u00f3n del fen\u00f3meno de El Ni\u00f1o.<\/p>\n\n\n\n<p>El MEF indic\u00f3 que, en ese contexto, preservar una conducci\u00f3n macroecon\u00f3mica prudente seguir\u00e1 siendo esencial para sostener la confianza y reducir la exposici\u00f3n del pa\u00eds a choques adversos.<\/p>\n\n\n\n<p>En esa l\u00ednea, el Ministerio de Econom\u00eda y Finanzas continuar\u00e1 promoviendo pol\u00edticas destinadas a elevar la productividad, destrabar inversiones y consolidar un crecimiento sostenible e inclusivo, que se traduzca en m\u00e1s empleo formal, mayores ingresos y un mayor bienestar para las familias peruanas.<\/p>\n\n\n\n<p><\/p>\n","protected":false},"excerpt":{"rendered":"<p>Por mayores inversiones y exportaciones din\u00e1micas, seg\u00fan Informe de Actualizaci\u00f3n de Proyecciones Macroecon\u00f3micas La econom\u00eda peruana crecer\u00eda en promedio 3.2% en el per\u00edodo 2027-2029, sostenido por mayores inversiones, exportaciones m\u00e1s din\u00e1micas y mejoras de productividad, todo ello en un entorno de estabilidad macroecon\u00f3mica y mayor competitividad, de acuerdo con la proyecci\u00f3n del Informe de Actualizaci\u00f3n [&hellip;]<\/p>\n","protected":false},"author":1,"featured_media":13897,"comment_status":"open","ping_status":"open","sticky":false,"template":"","format":"standard","meta":{"footnotes":""},"categories":[3],"tags":[],"class_list":["post-13896","post","type-post","status-publish","format-standard","has-post-thumbnail","hentry","category-economia"],"_links":{"self":[{"href":"http:\/\/www.elcapital.pe\/index.php?rest_route=\/wp\/v2\/posts\/13896","targetHints":{"allow":["GET"]}}],"collection":[{"href":"http:\/\/www.elcapital.pe\/index.php?rest_route=\/wp\/v2\/posts"}],"about":[{"href":"http:\/\/www.elcapital.pe\/index.php?rest_route=\/wp\/v2\/types\/post"}],"author":[{"embeddable":true,"href":"http:\/\/www.elcapital.pe\/index.php?rest_route=\/wp\/v2\/users\/1"}],"replies":[{"embeddable":true,"href":"http:\/\/www.elcapital.pe\/index.php?rest_route=%2Fwp%2Fv2%2Fcomments&post=13896"}],"version-history":[{"count":3,"href":"http:\/\/www.elcapital.pe\/index.php?rest_route=\/wp\/v2\/posts\/13896\/revisions"}],"predecessor-version":[{"id":13900,"href":"http:\/\/www.elcapital.pe\/index.php?rest_route=\/wp\/v2\/posts\/13896\/revisions\/13900"}],"wp:featuredmedia":[{"embeddable":true,"href":"http:\/\/www.elcapital.pe\/index.php?rest_route=\/wp\/v2\/media\/13897"}],"wp:attachment":[{"href":"http:\/\/www.elcapital.pe\/index.php?rest_route=%2Fwp%2Fv2%2Fmedia&parent=13896"}],"wp:term":[{"taxonomy":"category","embeddable":true,"href":"http:\/\/www.elcapital.pe\/index.php?rest_route=%2Fwp%2Fv2%2Fcategories&post=13896"},{"taxonomy":"post_tag","embeddable":true,"href":"http:\/\/www.elcapital.pe\/index.php?rest_route=%2Fwp%2Fv2%2Ftags&post=13896"}],"curies":[{"name":"wp","href":"https:\/\/api.w.org\/{rel}","templated":true}]}}