{"id":13874,"date":"2026-04-29T22:11:54","date_gmt":"2026-04-30T03:11:54","guid":{"rendered":"https:\/\/www.elcapital.pe\/?p=13874"},"modified":"2026-04-29T22:11:54","modified_gmt":"2026-04-30T03:11:54","slug":"ee-uu-acusa-al-gobernador-de-sinaloa-de-vinculos-con-el-narcotrafico-mexico-anuncia-reclamo-diplomatico","status":"publish","type":"post","link":"http:\/\/www.elcapital.pe\/?p=13874","title":{"rendered":"EE. UU. ACUSA AL GOBERNADOR DE SINALOA DE VINCULOS CON EL NARCOTRAFICO; MEXICO ANUNCIA RECLAMO DIPLOMATICO\u00a0\u00a0"},"content":{"rendered":"\n<p>El Departamento de Justicia de Estados Unidos present\u00f3 cargos contra el gobernador de Sinaloa, Rub\u00e9n Rocha Moya, y otros funcionarios, a quienes acusa de conspirar con el C\u00e1rtel de Sinaloa para introducir grandes cantidades de drogas en territorio estadounidense. En respuesta, el Gobierno de M\u00e9xico anunci\u00f3 que presentar\u00e1 un reclamo diplom\u00e1tico ante Washington por la forma en que se dio a conocer el caso.<\/p>\n\n\n\n<p>La acusaci\u00f3n fue formulada por la Fiscal\u00eda del Distrito Sur de Nueva York, que imput\u00f3 a un total de diez personas por presunta participaci\u00f3n en el tr\u00e1fico de fentanilo, hero\u00edna, coca\u00edna y metanfetamina hacia Estados Unidos.<\/p>\n\n\n\n<p>Se\u00f1alamientos y rechazo de los acusados<\/p>\n\n\n\n<p>Seg\u00fan los documentos judiciales, Rocha Moya habr\u00eda mantenido v\u00ednculos con los hijos de Joaqu\u00edn &#8216;El Chapo&#8217; Guzm\u00e1n \u2014conocidos como \u201cLos Chapitos\u201d\u2014, quienes supuestamente lo habr\u00edan favorecido en su campa\u00f1a electoral de 2021 mediante actos de intimidaci\u00f3n contra sus rivales.<\/p>\n\n\n\n<p>La imputaci\u00f3n tambi\u00e9n alcanza al alcalde de Culiac\u00e1n, Juan de Dios G\u00e1mez Mend\u00edvil, y al senador Enrique Inzunza C\u00e1zarez. No obstante, el gobernador rechaz\u00f3 las acusaciones y asegur\u00f3 que demostrar\u00e1 que \u201ccarecen de veracidad y fundamento\u201d, atribuy\u00e9ndolas a motivaciones pol\u00edticas dirigidas a afectar al oficialismo.<\/p>\n\n\n\n<p>M\u00e9xico cuestiona falta de pruebas<\/p>\n\n\n\n<p>Por su parte, la Secretar\u00eda de Relaciones Exteriores de M\u00e9xico confirm\u00f3 haber recibido solicitudes de detenci\u00f3n provisional, aunque precis\u00f3 que la informaci\u00f3n remitida no contiene elementos suficientes para acreditar la responsabilidad de los implicados.<\/p>\n\n\n\n<p>La Canciller\u00eda anunci\u00f3 adem\u00e1s el env\u00edo de una nota diplom\u00e1tica a Estados Unidos, al considerar que la difusi\u00f3n p\u00fablica del caso podr\u00eda haber vulnerado disposiciones de confidencialidad previstas en los acuerdos bilaterales.<\/p>\n\n\n\n<p>Respuesta de Estados Unidos e investigaci\u00f3n en curso<\/p>\n\n\n\n<p>En tanto, la embajada estadounidense en M\u00e9xico respald\u00f3 la actuaci\u00f3n judicial y se\u00f1al\u00f3 que, aunque no puede pronunciarse sobre detalles espec\u00edficos, las autoridades del pa\u00eds investigar\u00e1n y procesar\u00e1n casos de corrupci\u00f3n vinculados al crimen organizado siempre que exista jurisdicci\u00f3n.<\/p>\n\n\n\n<p>\u201cLa corrupci\u00f3n que facilita el crimen organizado y afecta a ambos pa\u00edses ser\u00e1 perseguida en todos los casos aplicables\u201d, indic\u00f3 la representaci\u00f3n diplom\u00e1tica, al reiterar que la lucha contra la delincuencia transnacional es una prioridad compartida.<\/p>\n\n\n\n<p>En paralelo, la Fiscal\u00eda General de la Rep\u00fablica (FGR) anunci\u00f3 la apertura de una investigaci\u00f3n interna para determinar si existen pruebas que sustenten las acusaciones formuladas por Estados Unidos.<\/p>\n\n\n\n<p>El vocero del organismo, Ulises Lara L\u00f3pez, inform\u00f3 que se recopilar\u00e1 toda la informaci\u00f3n necesaria para evaluar si el caso cuenta con base legal suficiente para eventuales \u00f3rdenes de aprehensi\u00f3n en territorio mexicano.<\/p>\n\n\n\n<p>El caso abre un nuevo frente de tensi\u00f3n diplom\u00e1tica entre ambos pa\u00edses y pone bajo escrutinio a autoridades de alto nivel en uno de los estados m\u00e1s golpeados por el narcotr\u00e1fico en M\u00e9xico.<\/p>\n","protected":false},"excerpt":{"rendered":"<p>El Departamento de Justicia de Estados Unidos present\u00f3 cargos contra el gobernador de Sinaloa, Rub\u00e9n Rocha Moya, y otros funcionarios, a quienes acusa de conspirar con el C\u00e1rtel de Sinaloa para introducir grandes cantidades de drogas en territorio estadounidense. En respuesta, el Gobierno de M\u00e9xico anunci\u00f3 que presentar\u00e1 un reclamo diplom\u00e1tico ante Washington por la [&hellip;]<\/p>\n","protected":false},"author":1,"featured_media":13875,"comment_status":"open","ping_status":"open","sticky":false,"template":"","format":"standard","meta":{"footnotes":""},"categories":[2],"tags":[],"class_list":["post-13874","post","type-post","status-publish","format-standard","has-post-thumbnail","hentry","category-actualidad"],"_links":{"self":[{"href":"http:\/\/www.elcapital.pe\/index.php?rest_route=\/wp\/v2\/posts\/13874","targetHints":{"allow":["GET"]}}],"collection":[{"href":"http:\/\/www.elcapital.pe\/index.php?rest_route=\/wp\/v2\/posts"}],"about":[{"href":"http:\/\/www.elcapital.pe\/index.php?rest_route=\/wp\/v2\/types\/post"}],"author":[{"embeddable":true,"href":"http:\/\/www.elcapital.pe\/index.php?rest_route=\/wp\/v2\/users\/1"}],"replies":[{"embeddable":true,"href":"http:\/\/www.elcapital.pe\/index.php?rest_route=%2Fwp%2Fv2%2Fcomments&post=13874"}],"version-history":[{"count":1,"href":"http:\/\/www.elcapital.pe\/index.php?rest_route=\/wp\/v2\/posts\/13874\/revisions"}],"predecessor-version":[{"id":13876,"href":"http:\/\/www.elcapital.pe\/index.php?rest_route=\/wp\/v2\/posts\/13874\/revisions\/13876"}],"wp:featuredmedia":[{"embeddable":true,"href":"http:\/\/www.elcapital.pe\/index.php?rest_route=\/wp\/v2\/media\/13875"}],"wp:attachment":[{"href":"http:\/\/www.elcapital.pe\/index.php?rest_route=%2Fwp%2Fv2%2Fmedia&parent=13874"}],"wp:term":[{"taxonomy":"category","embeddable":true,"href":"http:\/\/www.elcapital.pe\/index.php?rest_route=%2Fwp%2Fv2%2Fcategories&post=13874"},{"taxonomy":"post_tag","embeddable":true,"href":"http:\/\/www.elcapital.pe\/index.php?rest_route=%2Fwp%2Fv2%2Ftags&post=13874"}],"curies":[{"name":"wp","href":"https:\/\/api.w.org\/{rel}","templated":true}]}}