{"id":13863,"date":"2026-04-29T21:22:20","date_gmt":"2026-04-30T02:22:20","guid":{"rendered":"https:\/\/www.elcapital.pe\/?p=13863"},"modified":"2026-04-29T21:22:20","modified_gmt":"2026-04-30T02:22:20","slug":"embajadas-de-alemania-e-israel-condenan-declaraciones-de-jose-balcazar-sobre-judios-en-la-segunda-guerra-mundial-son-historicamente-insostenibles","status":"publish","type":"post","link":"http:\/\/www.elcapital.pe\/?p=13863","title":{"rendered":"EMBAJADAS DE ALEMANIA E ISRAEL CONDENAN DECLARACIONES DE JOSE BALCAZAR SOBRE JUDIOS EN LA SEGUNDA GUERRA MUNDIAL: \u201cSON HISTORICAMENTE INSOSTENIBLES\u201d"},"content":{"rendered":"\n<p>Las embajadas de Alemania e Israel en el Per\u00fa expresaron su rechazo a las declaraciones atribuidas al presidente Jos\u00e9 Mar\u00eda Balc\u00e1zar, al considerar que vulneran la memoria de millones de v\u00edctimas del nazismo y distorsionan hechos hist\u00f3ricos ampliamente documentados.<\/p>\n\n\n\n<p>El pronunciamiento se produjo tras el discurso ofrecido por el mandatario durante la ceremonia por el 138.\u00ba aniversario de la C\u00e1mara de Comercio de Lima (CCL), realizada el 28 de abril. En un comunicado conjunto difundido al d\u00eda siguiente, ambas representaciones diplom\u00e1ticas calificaron como \u201cabsurdas\u201d e \u201chist\u00f3ricamente insostenibles\u201d las afirmaciones en las que se atribuye a la comunidad jud\u00eda responsabilidad en el inicio de la Segunda Guerra Mundial.<\/p>\n\n\n\n<p>\u201cEl se\u00f1alamiento de que los jud\u00edos controlaban el comercio y el sistema bancario alem\u00e1n, y que por ello empujaron a Alemania a la guerra, es absurdo, hist\u00f3ricamente insostenible y viola la memoria de millones de jud\u00edos asesinados por el r\u00e9gimen nazi\u201d, indicaron en el documento oficial.<\/p>\n\n\n\n<p>Recuerdan responsabilidad del r\u00e9gimen nazi<\/p>\n\n\n\n<p>Las embajadas subrayaron que la guerra fue iniciada por el r\u00e9gimen de Adolf Hitler con la invasi\u00f3n de Polonia en 1939, y recordaron que la ideolog\u00eda nazi se sustent\u00f3 en el racismo y el antisemitismo, lo que deriv\u00f3 en el exterminio sistem\u00e1tico de millones de personas durante el Holocausto.<\/p>\n\n\n\n<p>\u201cEl Holocausto no puede ser trivializado bajo ninguna circunstancia\u201d, enfatizaron, al recordar que cerca de seis millones de jud\u00edos fueron asesinados durante ese periodo.<\/p>\n\n\n\n<p>Llamado a rechazar el antisemitismo<\/p>\n\n\n\n<p>El comunicado incluy\u00f3 adem\u00e1s un llamado a combatir toda forma de antisemitismo y discurso de odio. \u201cDebemos rechazar, prevenir y erradicar estas expresiones en todas sus formas\u201d, se\u00f1alaron las sedes diplom\u00e1ticas, en un documento firmado por el embajador de Israel en el Per\u00fa, Eran Yuvan, y el encargado de negocios de la embajada alemana, David Schmidt.<\/p>\n\n\n\n<p>Ambas representaciones tambi\u00e9n expresaron su expectativa de que el presidente Balc\u00e1zar ofrezca una rectificaci\u00f3n p\u00fablica por sus declaraciones.<\/p>\n\n\n\n<p>Comunidad jud\u00eda exige disculpas<\/p>\n\n\n\n<p>Por su parte, la Asociaci\u00f3n Jud\u00eda del Per\u00fa (AJP) manifest\u00f3 su \u201csorpresa e indignaci\u00f3n\u201d ante lo que calific\u00f3 como la reproducci\u00f3n de teor\u00edas antisemitas desacreditadas. La organizaci\u00f3n advirti\u00f3 que este tipo de afirmaciones trasladan la responsabilidad hist\u00f3rica hacia las propias v\u00edctimas del Holocausto y reeditan narrativas propias de \u00e9pocas de persecuci\u00f3n.<\/p>\n\n\n\n<p>En su pronunciamiento, la AJP consider\u00f3 inaceptable que en pleno siglo XXI se difundan ideas que perpet\u00faan prejuicios y desinformaci\u00f3n, especialmente en espacios oficiales y ante audiencias diplom\u00e1ticas. Asimismo, sostuvo que las declaraciones del mandatario afectan la imagen del pa\u00eds y los principios de respeto y convivencia democr\u00e1tica.<\/p>\n\n\n\n<p>Finalmente, la organizaci\u00f3n exigi\u00f3 una disculpa p\u00fablica inmediata y el reconocimiento del da\u00f1o causado, subrayando la importancia de preservar la memoria hist\u00f3rica y evitar la normalizaci\u00f3n de discursos de odio.<\/p>\n\n\n\n<p><\/p>\n","protected":false},"excerpt":{"rendered":"<p>Las embajadas de Alemania e Israel en el Per\u00fa expresaron su rechazo a las declaraciones atribuidas al presidente Jos\u00e9 Mar\u00eda Balc\u00e1zar, al considerar que vulneran la memoria de millones de v\u00edctimas del nazismo y distorsionan hechos hist\u00f3ricos ampliamente documentados. El pronunciamiento se produjo tras el discurso ofrecido por el mandatario durante la ceremonia por el [&hellip;]<\/p>\n","protected":false},"author":1,"featured_media":13864,"comment_status":"open","ping_status":"open","sticky":false,"template":"","format":"standard","meta":{"footnotes":""},"categories":[2],"tags":[],"class_list":["post-13863","post","type-post","status-publish","format-standard","has-post-thumbnail","hentry","category-actualidad"],"_links":{"self":[{"href":"http:\/\/www.elcapital.pe\/index.php?rest_route=\/wp\/v2\/posts\/13863","targetHints":{"allow":["GET"]}}],"collection":[{"href":"http:\/\/www.elcapital.pe\/index.php?rest_route=\/wp\/v2\/posts"}],"about":[{"href":"http:\/\/www.elcapital.pe\/index.php?rest_route=\/wp\/v2\/types\/post"}],"author":[{"embeddable":true,"href":"http:\/\/www.elcapital.pe\/index.php?rest_route=\/wp\/v2\/users\/1"}],"replies":[{"embeddable":true,"href":"http:\/\/www.elcapital.pe\/index.php?rest_route=%2Fwp%2Fv2%2Fcomments&post=13863"}],"version-history":[{"count":1,"href":"http:\/\/www.elcapital.pe\/index.php?rest_route=\/wp\/v2\/posts\/13863\/revisions"}],"predecessor-version":[{"id":13865,"href":"http:\/\/www.elcapital.pe\/index.php?rest_route=\/wp\/v2\/posts\/13863\/revisions\/13865"}],"wp:featuredmedia":[{"embeddable":true,"href":"http:\/\/www.elcapital.pe\/index.php?rest_route=\/wp\/v2\/media\/13864"}],"wp:attachment":[{"href":"http:\/\/www.elcapital.pe\/index.php?rest_route=%2Fwp%2Fv2%2Fmedia&parent=13863"}],"wp:term":[{"taxonomy":"category","embeddable":true,"href":"http:\/\/www.elcapital.pe\/index.php?rest_route=%2Fwp%2Fv2%2Fcategories&post=13863"},{"taxonomy":"post_tag","embeddable":true,"href":"http:\/\/www.elcapital.pe\/index.php?rest_route=%2Fwp%2Fv2%2Ftags&post=13863"}],"curies":[{"name":"wp","href":"https:\/\/api.w.org\/{rel}","templated":true}]}}