{"id":13825,"date":"2026-04-28T21:22:42","date_gmt":"2026-04-29T02:22:42","guid":{"rendered":"https:\/\/www.elcapital.pe\/?p=13825"},"modified":"2026-04-28T21:22:42","modified_gmt":"2026-04-29T02:22:42","slug":"peru-y-bolivia-liberalizan-transporte-aereo-para-fortalecer-la-conectividad-y-el-comercio","status":"publish","type":"post","link":"http:\/\/www.elcapital.pe\/?p=13825","title":{"rendered":"PERU Y BOLIVIA LIBERALIZAN TRANSPORTE AEREO PARA FORTALECER LA CONECTIVIDAD Y EL COMERCIO\u00a0"},"content":{"rendered":"\n<p>En la regi\u00f3n, a trav\u00e9s de la suscripci\u00f3n de un Memor\u00e1ndum de Entendimiento<\/p>\n\n\n\n<p>Per\u00fa y Bolivia acordaron liberalizar el transporte a\u00e9reo para fortalecer la conectividad y el comercio en la regi\u00f3n, a trav\u00e9s del Memor\u00e1ndum de Entendimiento (MdE) que suscribieron el Ministerio de Transportes y Comunicaciones (MTC), a trav\u00e9s de la Direcci\u00f3n General de Aeron\u00e1utica Civil (DGAC), con el Estado Plurinacional de Bolivia.<\/p>\n\n\n\n<p>Este instrumento t\u00e9cnico tiene como objetivo principal la liberalizaci\u00f3n del transporte a\u00e9reo entre ambas naciones, eliminando barreras de acceso y promoviendo la libre competencia en beneficio directo de los usuarios.<\/p>\n\n\n\n<p>Como parte de los acuerdos alcanzados, se ha implementado la sexta libertad del aire para el transporte de pasajeros y carga.<\/p>\n\n\n\n<p>Esta caracter\u00edstica t\u00e9cnica permitir\u00e1 que las aerol\u00edneas transporten usuarios entre el territorio de la contraparte y terceros pa\u00edses, conectando a trav\u00e9s de su propio territorio nacional.<\/p>\n\n\n\n<p>Para los ciudadanos, esto se traduce en una oferta de vuelos m\u00e1s amplia, mejores tiempos de conexi\u00f3n y tarifas mucho m\u00e1s competitivas en el mercado regional.<\/p>\n\n\n\n<p>Asimismo, el documento establece la apertura de la s\u00e9ptima libertad del aire exclusivamente para el transporte de carga.<\/p>\n\n\n\n<p>Mediante esta disposici\u00f3n, las operadoras a\u00e9reas podr\u00e1n movilizar mercanc\u00edas entre terceros pa\u00edses sin la necesidad de que la ruta se inicie o termine en su pa\u00eds de bandera.<\/p>\n\n\n\n<p>Esta medida busca dinamizar el comercio exterior y fortalecer la log\u00edstica a\u00e9rea, permitiendo que los productos peruanos lleguen a sus destinos de forma m\u00e1s \u00e1gil y eficiente.<\/p>\n\n\n\n<p>\u201cEste acuerdo representa un paso firme hacia la modernizaci\u00f3n de nuestra pol\u00edtica de cielos abiertos. Al integrar de manera m\u00e1s efectiva los mercados de Per\u00fa y Bolivia, no s\u00f3lo impulsamos el turismo y los negocios, sino que brindamos a los ciudadanos un servicio de transporte a\u00e9reo m\u00e1s accesible, moderno y de alta calidad\u201d sostuvo el ministro de Transportes y Comunicaciones (MTC), Aldo Prieto.<\/p>\n\n\n\n<p>Este nuevo marco normativo se complementa con la Decisi\u00f3n 582 de la Comunidad Andina (CAN), introduciendo una flexibilidad operativa total.<\/p>\n\n\n\n<p>El acuerdo contempla la m\u00faltiple designaci\u00f3n de operadores y permite que las aerol\u00edneas establezcan convenios de c\u00f3digo compartido y cooperaci\u00f3n comercial con terceros pa\u00edses, ampliando significativamente la red de destinos disponibles para los viajeros y empresas de la subregi\u00f3n.<\/p>\n\n\n\n<p>El MTC consolida su labor estrat\u00e9gica para insertar al Per\u00fa de manera competitiva en el mercado global, impulsando una infraestructura a\u00e9rea que responda a las necesidades de crecimiento econ\u00f3mico y bienestar social que el pa\u00eds demanda.<\/p>\n","protected":false},"excerpt":{"rendered":"<p>En la regi\u00f3n, a trav\u00e9s de la suscripci\u00f3n de un Memor\u00e1ndum de Entendimiento Per\u00fa y Bolivia acordaron liberalizar el transporte a\u00e9reo para fortalecer la conectividad y el comercio en la regi\u00f3n, a trav\u00e9s del Memor\u00e1ndum de Entendimiento (MdE) que suscribieron el Ministerio de Transportes y Comunicaciones (MTC), a trav\u00e9s de la Direcci\u00f3n General de Aeron\u00e1utica [&hellip;]<\/p>\n","protected":false},"author":1,"featured_media":13826,"comment_status":"open","ping_status":"open","sticky":false,"template":"","format":"standard","meta":{"footnotes":""},"categories":[3],"tags":[],"class_list":["post-13825","post","type-post","status-publish","format-standard","has-post-thumbnail","hentry","category-economia"],"_links":{"self":[{"href":"http:\/\/www.elcapital.pe\/index.php?rest_route=\/wp\/v2\/posts\/13825","targetHints":{"allow":["GET"]}}],"collection":[{"href":"http:\/\/www.elcapital.pe\/index.php?rest_route=\/wp\/v2\/posts"}],"about":[{"href":"http:\/\/www.elcapital.pe\/index.php?rest_route=\/wp\/v2\/types\/post"}],"author":[{"embeddable":true,"href":"http:\/\/www.elcapital.pe\/index.php?rest_route=\/wp\/v2\/users\/1"}],"replies":[{"embeddable":true,"href":"http:\/\/www.elcapital.pe\/index.php?rest_route=%2Fwp%2Fv2%2Fcomments&post=13825"}],"version-history":[{"count":1,"href":"http:\/\/www.elcapital.pe\/index.php?rest_route=\/wp\/v2\/posts\/13825\/revisions"}],"predecessor-version":[{"id":13827,"href":"http:\/\/www.elcapital.pe\/index.php?rest_route=\/wp\/v2\/posts\/13825\/revisions\/13827"}],"wp:featuredmedia":[{"embeddable":true,"href":"http:\/\/www.elcapital.pe\/index.php?rest_route=\/wp\/v2\/media\/13826"}],"wp:attachment":[{"href":"http:\/\/www.elcapital.pe\/index.php?rest_route=%2Fwp%2Fv2%2Fmedia&parent=13825"}],"wp:term":[{"taxonomy":"category","embeddable":true,"href":"http:\/\/www.elcapital.pe\/index.php?rest_route=%2Fwp%2Fv2%2Fcategories&post=13825"},{"taxonomy":"post_tag","embeddable":true,"href":"http:\/\/www.elcapital.pe\/index.php?rest_route=%2Fwp%2Fv2%2Ftags&post=13825"}],"curies":[{"name":"wp","href":"https:\/\/api.w.org\/{rel}","templated":true}]}}