{"id":13821,"date":"2026-04-28T21:11:57","date_gmt":"2026-04-29T02:11:57","guid":{"rendered":"https:\/\/www.elcapital.pe\/?p=13821"},"modified":"2026-04-28T21:15:21","modified_gmt":"2026-04-29T02:15:21","slug":"essalud-brinda-atencion-integral-en-salud-bucal-a-mas-de-500-ninos-con-discapacidad-en-lima-este","status":"publish","type":"post","link":"http:\/\/www.elcapital.pe\/?p=13821","title":{"rendered":"ESSALUD BRINDA ATENCION INTEGRAL EN SALUD BUCAL A MAS DE 500 NI\u00d1OS CON DISCAPACIDAD EN LIMA ESTE\u00a0"},"content":{"rendered":"\n<p>* _Campa\u00f1a de la Red Almenara benefici\u00f3 a escolares de Chosica, Carapongo y Chaclacayo, e incluy\u00f3 desde actividades preventivas hasta orientaci\u00f3n a padres de familia._<\/p>\n\n\n\n<p>El Seguro Social de Salud (EsSalud) brind\u00f3 atenci\u00f3n odontol\u00f3gica integral a m\u00e1s de 500 ni\u00f1os con discapacidad de las zonas de Chosica, Carapongo y Chaclacayo. La iniciativa desarrollada por los 16 centros asistenciales de la Red Prestacional Almenara, prioriz\u00f3 a la poblaci\u00f3n infantil en contextos de vulnerabilidad.<\/p>\n\n\n\n<p>Estas intervenciones forman parte del Plan de Acci\u00f3n Odontoestomatol\u00f3gica de la Persona con Discapacidad, una estrategia dise\u00f1ada por cirujanos dentistas de la instituci\u00f3n desde el 2025 para facilitar servicios oportunos directamente en las instituciones educativas. Una de las jornadas principales se desarroll\u00f3 en el Centro de Educaci\u00f3n B\u00e1sica Especial (CEBE) N\u00b0 12 \u201cLa Luz del Mundo\u201d, en Chaclacayo.<\/p>\n\n\n\n<p>La estrategia no solo se centr\u00f3 en la parte cl\u00ednica, sino tambi\u00e9n en la preventiva. Se realizaron sesiones demostrativas y educativas enfocadas en la adopci\u00f3n de h\u00e1bitos saludables desde edades tempranas. Asimismo, se brind\u00f3 orientaci\u00f3n a los padres de familia sobre t\u00e9cnicas de cepillado, higiene bucal y la prevenci\u00f3n de enfermedades prevalentes como la caries y la gingivitis.<\/p>\n\n\n\n<p>Al respecto, la Dra. Nathali Reyes Carrasco, coordinadora de la Estrategia Sanitaria de Salud Bucal en la GSPN I y II &#8211; RPA, destac\u00f3 los alcances de la primera fase de la campa\u00f1a.<\/p>\n\n\n\n<p>\u201cVenimos proyectando en una primera fase 5 colegios de la zona Lima Este que corresponden a: Chaclacayo, Carapongo, Chosica, con una proyecci\u00f3n de 500 ni\u00f1os que recibieron estas intervenciones. Ellos, tambi\u00e9n tuvieron una atenci\u00f3n priorizada y oportuna en los centros, citas odontol\u00f3gicas preventivas, curaciones dentales y tratamientos especiales en las diferentes redes\u201d, detall\u00f3 la especialista.<\/p>\n\n\n\n<p>Cabe destacar que la Red Almenara cuenta con establecimientos de mayor complejidad, como hospitales especializados, donde se brindan tratamientos odontopedi\u00e1tricos avanzados, incluidos procedimientos pulpares y atenci\u00f3n en sala de operaciones en los casos que lo requieran. Paralelamente, los profesionales de salud contin\u00faan capacit\u00e1ndose para optimizar la atenci\u00f3n y fortalecer la educaci\u00f3n dirigida a las familias.<\/p>\n\n\n\n<p>Finalmente, EsSalud reafirm\u00f3 su compromiso con la mejora continua, se\u00f1alando que sus profesionales de salud se mantienen en capacitaci\u00f3n constante para optimizar la atenci\u00f3n humanizada y fortalecer la educaci\u00f3n sanitaria en las familias aseguradas.<\/p>\n\n\n\n<figure class=\"wp-block-embed\"><div class=\"wp-block-embed__wrapper\">\nhttps:\/\/we.tl\/t-vmHOy24oYLGfTvVe\n<\/div><\/figure>\n\n\n\n<p>:* <a href=\"https:\/\/we.tl\/t-cw4avXB2D8fM3N08\">https:\/\/we.tl\/t-cw4avXB2D8fM3N08<\/a>\u00a0<\/p>\n\n\n\n<p><\/p>\n","protected":false},"excerpt":{"rendered":"<p>* _Campa\u00f1a de la Red Almenara benefici\u00f3 a escolares de Chosica, Carapongo y Chaclacayo, e incluy\u00f3 desde actividades preventivas hasta orientaci\u00f3n a padres de familia._ El Seguro Social de Salud (EsSalud) brind\u00f3 atenci\u00f3n odontol\u00f3gica integral a m\u00e1s de 500 ni\u00f1os con discapacidad de las zonas de Chosica, Carapongo y Chaclacayo. La iniciativa desarrollada por los [&hellip;]<\/p>\n","protected":false},"author":1,"featured_media":13822,"comment_status":"open","ping_status":"open","sticky":false,"template":"","format":"standard","meta":{"footnotes":""},"categories":[2],"tags":[],"class_list":["post-13821","post","type-post","status-publish","format-standard","has-post-thumbnail","hentry","category-actualidad"],"_links":{"self":[{"href":"http:\/\/www.elcapital.pe\/index.php?rest_route=\/wp\/v2\/posts\/13821","targetHints":{"allow":["GET"]}}],"collection":[{"href":"http:\/\/www.elcapital.pe\/index.php?rest_route=\/wp\/v2\/posts"}],"about":[{"href":"http:\/\/www.elcapital.pe\/index.php?rest_route=\/wp\/v2\/types\/post"}],"author":[{"embeddable":true,"href":"http:\/\/www.elcapital.pe\/index.php?rest_route=\/wp\/v2\/users\/1"}],"replies":[{"embeddable":true,"href":"http:\/\/www.elcapital.pe\/index.php?rest_route=%2Fwp%2Fv2%2Fcomments&post=13821"}],"version-history":[{"count":2,"href":"http:\/\/www.elcapital.pe\/index.php?rest_route=\/wp\/v2\/posts\/13821\/revisions"}],"predecessor-version":[{"id":13824,"href":"http:\/\/www.elcapital.pe\/index.php?rest_route=\/wp\/v2\/posts\/13821\/revisions\/13824"}],"wp:featuredmedia":[{"embeddable":true,"href":"http:\/\/www.elcapital.pe\/index.php?rest_route=\/wp\/v2\/media\/13822"}],"wp:attachment":[{"href":"http:\/\/www.elcapital.pe\/index.php?rest_route=%2Fwp%2Fv2%2Fmedia&parent=13821"}],"wp:term":[{"taxonomy":"category","embeddable":true,"href":"http:\/\/www.elcapital.pe\/index.php?rest_route=%2Fwp%2Fv2%2Fcategories&post=13821"},{"taxonomy":"post_tag","embeddable":true,"href":"http:\/\/www.elcapital.pe\/index.php?rest_route=%2Fwp%2Fv2%2Ftags&post=13821"}],"curies":[{"name":"wp","href":"https:\/\/api.w.org\/{rel}","templated":true}]}}