{"id":13809,"date":"2026-04-28T20:44:43","date_gmt":"2026-04-29T01:44:43","guid":{"rendered":"https:\/\/www.elcapital.pe\/?p=13809"},"modified":"2026-04-28T20:44:43","modified_gmt":"2026-04-29T01:44:43","slug":"ccl-pide-reingenieria-de-pronabec-para-evitar-que-20-000-becarios-sean-afectados","status":"publish","type":"post","link":"http:\/\/www.elcapital.pe\/?p=13809","title":{"rendered":"CCL PIDE REINGENIER\u00cdA DE PRONABEC PARA EVITAR QUE 20 000 BECARIOS SEAN AFECTADOS"},"content":{"rendered":"\n<p>La C\u00e1mara de Comercio de Lima (CCL), a trav\u00e9s de su Gremio de Educaci\u00f3n, expresa su profunda preocupaci\u00f3n ante la cancelaci\u00f3n de la convocatoria de la Beca Generaci\u00f3n del Bicentenario, decisi\u00f3n que dejar\u00eda a m\u00e1s de 300 j\u00f3venes sin acceso a una educaci\u00f3n de excelencia que impulse su desarrollo profesional y contribuya al progreso del pa\u00eds.<\/p>\n\n\n\n<p>Esta medida no solo afecta a este grupo de estudiantes, sino que evidencia una problem\u00e1tica estructural m\u00e1s amplia en el sistema de becas del Per\u00fa.<\/p>\n\n\n\n<p>La situaci\u00f3n actual de PRONABEC (2025\u20132026) refleja una severa crisis presupuestal: para el a\u00f1o 2026 se han asignado apenas S\/50 millones de los S\/793 millones requeridos, lo que compromete el acceso y la continuidad de m\u00e1s 20 000 potenciales becarios. A ello se suma una preocupante tasa de deserci\u00f3n: cerca de 3790 beneficiarios perdieron su beca entre 2021 y 2025, principalmente en el programa Beca 18.<\/p>\n\n\n\n<p>Este escenario exige una reingenier\u00eda urgente de PRONABEC, basada en metas claras, indicadores de desempe\u00f1o y criterios t\u00e9cnicos que garanticen eficiencia, sostenibilidad y transparencia. La pol\u00edtica de becas no puede ni debe estar sujeta a decisiones de corto plazo o a intereses pol\u00edticos.<\/p>\n\n\n\n<p>En ese sentido, exhortamos al Poder Ejecutivo y al Poder Legislativo a revisar de manera integral el funcionamiento de PRONABEC y a impulsar su fortalecimiento institucional, a fin de asegurar el cumplimiento de su prop\u00f3sito: brindar oportunidades reales a j\u00f3venes talentosos que requieren apoyo para construir su futuro y aportar al desarrollo del pa\u00eds.<\/p>\n","protected":false},"excerpt":{"rendered":"<p>La C\u00e1mara de Comercio de Lima (CCL), a trav\u00e9s de su Gremio de Educaci\u00f3n, expresa su profunda preocupaci\u00f3n ante la cancelaci\u00f3n de la convocatoria de la Beca Generaci\u00f3n del Bicentenario, decisi\u00f3n que dejar\u00eda a m\u00e1s de 300 j\u00f3venes sin acceso a una educaci\u00f3n de excelencia que impulse su desarrollo profesional y contribuya al progreso del [&hellip;]<\/p>\n","protected":false},"author":1,"featured_media":13810,"comment_status":"open","ping_status":"open","sticky":false,"template":"","format":"standard","meta":{"footnotes":""},"categories":[3],"tags":[],"class_list":["post-13809","post","type-post","status-publish","format-standard","has-post-thumbnail","hentry","category-economia"],"_links":{"self":[{"href":"http:\/\/www.elcapital.pe\/index.php?rest_route=\/wp\/v2\/posts\/13809","targetHints":{"allow":["GET"]}}],"collection":[{"href":"http:\/\/www.elcapital.pe\/index.php?rest_route=\/wp\/v2\/posts"}],"about":[{"href":"http:\/\/www.elcapital.pe\/index.php?rest_route=\/wp\/v2\/types\/post"}],"author":[{"embeddable":true,"href":"http:\/\/www.elcapital.pe\/index.php?rest_route=\/wp\/v2\/users\/1"}],"replies":[{"embeddable":true,"href":"http:\/\/www.elcapital.pe\/index.php?rest_route=%2Fwp%2Fv2%2Fcomments&post=13809"}],"version-history":[{"count":1,"href":"http:\/\/www.elcapital.pe\/index.php?rest_route=\/wp\/v2\/posts\/13809\/revisions"}],"predecessor-version":[{"id":13811,"href":"http:\/\/www.elcapital.pe\/index.php?rest_route=\/wp\/v2\/posts\/13809\/revisions\/13811"}],"wp:featuredmedia":[{"embeddable":true,"href":"http:\/\/www.elcapital.pe\/index.php?rest_route=\/wp\/v2\/media\/13810"}],"wp:attachment":[{"href":"http:\/\/www.elcapital.pe\/index.php?rest_route=%2Fwp%2Fv2%2Fmedia&parent=13809"}],"wp:term":[{"taxonomy":"category","embeddable":true,"href":"http:\/\/www.elcapital.pe\/index.php?rest_route=%2Fwp%2Fv2%2Fcategories&post=13809"},{"taxonomy":"post_tag","embeddable":true,"href":"http:\/\/www.elcapital.pe\/index.php?rest_route=%2Fwp%2Fv2%2Ftags&post=13809"}],"curies":[{"name":"wp","href":"https:\/\/api.w.org\/{rel}","templated":true}]}}