{"id":13763,"date":"2026-04-24T20:20:36","date_gmt":"2026-04-25T01:20:36","guid":{"rendered":"https:\/\/www.elcapital.pe\/?p=13763"},"modified":"2026-04-24T20:20:36","modified_gmt":"2026-04-25T01:20:36","slug":"vivienda-o-renta-temporal-como-elegir-mejor-donde-invertir-en-lima","status":"publish","type":"post","link":"http:\/\/www.elcapital.pe\/?p=13763","title":{"rendered":"VIVIENDA O RENTA TEMPORAL: COMO ELEGIR MEJOR DONDE INVERTIR EN LIMA\u00a0"},"content":{"rendered":"\n<p>\u2022&nbsp;&nbsp;&nbsp;&nbsp;&nbsp;&nbsp;&nbsp;&nbsp;&nbsp;&nbsp;&nbsp;&nbsp; Miraflores, Barranco, San Isidro y Surquillo concentran oportunidades para renta de corta estancia<\/p>\n\n\n\n<p>\u2022&nbsp;&nbsp;&nbsp;&nbsp;&nbsp;&nbsp;&nbsp;&nbsp;&nbsp;&nbsp;&nbsp;&nbsp; Otras zonas mantienen alta demanda sostenida para alquiler de vivienda a largo plazo<\/p>\n\n\n\n<p>El crecimiento del inter\u00e9s por invertir en vivienda ha llevado a que cada vez m\u00e1s personas eval\u00faen no solo d\u00f3nde comprar, sino tambi\u00e9n con qu\u00e9 objetivo hacerlo. En ese an\u00e1lisis, la diferencia entre adquirir un inmueble para vivir, alquilar a largo plazo o destinarlo a renta temporal puede marcar de forma significativa el retorno esperado.<\/p>\n\n\n\n<p>Seg\u00fan Aldo Canales, gerente comercial de Urbana Per\u00fa, entender el uso final del inmueble es clave antes de tomar una decisi\u00f3n. \u201cHoy vemos inversionistas con perfiles distintos. Algunos priorizan ingresos constantes a trav\u00e9s del alquiler tradicional, mientras que otros buscan maximizar la rentabilidad a trav\u00e9s de esquemas de renta de corta estancia\u201d, explica.<\/p>\n\n\n\n<p>En el caso de la renta temporal \u2014asociada a plataformas como Airbnb\u2014, existen distritos que concentran mayor atractivo debido a su ubicaci\u00f3n, conectividad y cercan\u00eda a zonas tur\u00edsticas y comerciales. Miraflores, Barranco y San Isidro contin\u00faan liderando este segmento, mientras que Surquillo se ha incorporado con fuerza, especialmente en \u00e1reas cercanas a Paseo de la Rep\u00fablica.<\/p>\n\n\n\n<p>\u201cSurquillo ofrece hoy una combinaci\u00f3n muy interesante: cercan\u00eda inmediata a Miraflores, acceso a v\u00edas principales y precios por metro cuadrado m\u00e1s competitivos. Eso lo convierte en una alternativa cada vez m\u00e1s atractiva para quienes buscan invertir con una l\u00f3gica de renta flexible\u201d, se\u00f1ala Canales.<\/p>\n\n\n\n<p>Este dinamismo ya se refleja en el desarrollo de nuevos proyectos en la zona. Un ejemplo es el proyecto Tasca de Urbana Per\u00fa, ubicado en el eje de Paseo de la Rep\u00fablica, que recoge esta tendencia al ofrecer departamentos dise\u00f1ados para distintos perfiles de uso, desde vivienda propia hasta inversi\u00f3n para renta.<\/p>\n\n\n\n<p>En contraste, cuando el objetivo es el alquiler para vivienda, el abanico de oportunidades es mucho m\u00e1s amplio. Distritos como Magdalena, San Miguel, Santa Catalina, San Luis o Bre\u00f1a mantienen una demanda sostenida por parte de familias y j\u00f3venes profesionales, lo que asegura niveles de ocupaci\u00f3n estables en el tiempo.<\/p>\n\n\n\n<p>En estos casos, factores como la conectividad, la cercan\u00eda a centros laborales y educativos, as\u00ed como la funcionalidad de los espacios, pesan m\u00e1s que el componente tur\u00edstico o de corta estancia.<\/p>\n\n\n\n<p>Adem\u00e1s, el ejecutivo destaca que el perfil del comprador ha evolucionado hacia una mirada m\u00e1s estrat\u00e9gica. \u201cHoy no se trata solo de comprar un departamento, sino de entender c\u00f3mo se va a usar y qu\u00e9 tipo de retorno se espera. Esa claridad permite tomar decisiones mucho m\u00e1s acertadas\u201d, a\u00f1ade.<\/p>\n\n\n\n<p>As\u00ed, m\u00e1s que hablar de distritos \u201cmejores\u201d o \u201cpeores\u201d, la clave est\u00e1 en identificar qu\u00e9 zonas responden mejor a cada objetivo de inversi\u00f3n, en un mercado que ofrece cada vez m\u00e1s alternativas para distintos perfiles de comprador.<\/p>\n","protected":false},"excerpt":{"rendered":"<p>\u2022&nbsp;&nbsp;&nbsp;&nbsp;&nbsp;&nbsp;&nbsp;&nbsp;&nbsp;&nbsp;&nbsp;&nbsp; Miraflores, Barranco, San Isidro y Surquillo concentran oportunidades para renta de corta estancia \u2022&nbsp;&nbsp;&nbsp;&nbsp;&nbsp;&nbsp;&nbsp;&nbsp;&nbsp;&nbsp;&nbsp;&nbsp; Otras zonas mantienen alta demanda sostenida para alquiler de vivienda a largo plazo El crecimiento del inter\u00e9s por invertir en vivienda ha llevado a que cada vez m\u00e1s personas eval\u00faen no solo d\u00f3nde comprar, sino tambi\u00e9n con qu\u00e9 objetivo hacerlo. [&hellip;]<\/p>\n","protected":false},"author":1,"featured_media":13764,"comment_status":"open","ping_status":"open","sticky":false,"template":"","format":"standard","meta":{"footnotes":""},"categories":[4],"tags":[],"class_list":["post-13763","post","type-post","status-publish","format-standard","has-post-thumbnail","hentry","category-negocios"],"_links":{"self":[{"href":"http:\/\/www.elcapital.pe\/index.php?rest_route=\/wp\/v2\/posts\/13763","targetHints":{"allow":["GET"]}}],"collection":[{"href":"http:\/\/www.elcapital.pe\/index.php?rest_route=\/wp\/v2\/posts"}],"about":[{"href":"http:\/\/www.elcapital.pe\/index.php?rest_route=\/wp\/v2\/types\/post"}],"author":[{"embeddable":true,"href":"http:\/\/www.elcapital.pe\/index.php?rest_route=\/wp\/v2\/users\/1"}],"replies":[{"embeddable":true,"href":"http:\/\/www.elcapital.pe\/index.php?rest_route=%2Fwp%2Fv2%2Fcomments&post=13763"}],"version-history":[{"count":1,"href":"http:\/\/www.elcapital.pe\/index.php?rest_route=\/wp\/v2\/posts\/13763\/revisions"}],"predecessor-version":[{"id":13765,"href":"http:\/\/www.elcapital.pe\/index.php?rest_route=\/wp\/v2\/posts\/13763\/revisions\/13765"}],"wp:featuredmedia":[{"embeddable":true,"href":"http:\/\/www.elcapital.pe\/index.php?rest_route=\/wp\/v2\/media\/13764"}],"wp:attachment":[{"href":"http:\/\/www.elcapital.pe\/index.php?rest_route=%2Fwp%2Fv2%2Fmedia&parent=13763"}],"wp:term":[{"taxonomy":"category","embeddable":true,"href":"http:\/\/www.elcapital.pe\/index.php?rest_route=%2Fwp%2Fv2%2Fcategories&post=13763"},{"taxonomy":"post_tag","embeddable":true,"href":"http:\/\/www.elcapital.pe\/index.php?rest_route=%2Fwp%2Fv2%2Ftags&post=13763"}],"curies":[{"name":"wp","href":"https:\/\/api.w.org\/{rel}","templated":true}]}}