{"id":13278,"date":"2026-03-27T23:11:56","date_gmt":"2026-03-28T04:11:56","guid":{"rendered":"https:\/\/www.elcapital.pe\/?p=13278"},"modified":"2026-03-27T23:11:56","modified_gmt":"2026-03-28T04:11:56","slug":"la-deuda-externa-argentina-alcanza-record","status":"publish","type":"post","link":"http:\/\/www.elcapital.pe\/?p=13278","title":{"rendered":"LA DEUDA EXTERNA ARGENTINA ALCANZA RECORD\u00a0"},"content":{"rendered":"\n<p>El pa\u00eds registr\u00f3 a finales de 2025 una deuda externa bruta r\u00e9cord de 320.305 millones de d\u00f3lares.<\/p>\n\n\n\n<p>Argentina registr\u00f3 a finales de 2025 una deuda externa bruta r\u00e9cord de 320.305 millones de d\u00f3lares, lo que implica que el \u2018stock&#8217; de deuda subi\u00f3 en 1.709 millones de d\u00f3lares con relaci\u00f3n al trimestre anterior, informaron este viernes (27.03.2026) fuentes oficiales.<\/p>\n\n\n\n<p>Seg\u00fan indic\u00f3 en un informe el Instituto Nacional de Estad\u00edstica y Censos (Indec), este ascenso se debi\u00f3 principalmente al incremento del endeudamiento del Gobierno general (el Estado nacional y las provincias), que creci\u00f3 en 3.647 millones de d\u00f3lares.<\/p>\n\n\n\n<p>El endeudamiento de las sociedades captadoras de dep\u00f3sitos se increment\u00f3 durante el cuarto trimestre en 2.777 millones de d\u00f3lares, mientras que la deuda del Banco Central disminuy\u00f3 en 310 millones de d\u00f3lares.<\/p>\n\n\n\n<p>De acuerdo con los datos oficiales, en el cuarto trimestre el \u2018stock&#8217; de deuda externa bruta total con t\u00edtulos de deuda a valor nominal se increment\u00f3 en 44.168 millones de d\u00f3lares con respecto al mismo per\u00edodo de 2024.<\/p>\n\n\n\n<p>El nivel de endeudamiento bruto a valor nominal registrado a finales de diciembre pasado es el m\u00e1s alto en las series hist\u00f3ricas del Indec, iniciadas en 1994.<\/p>\n\n\n\n<p>En lo que va del Gobierno de Javier Milei, que comenz\u00f3 en diciembre de 2023, la deuda externa bruta de Argentina a valor nominal creci\u00f3 en 34.354 millones de d\u00f3lares.<\/p>\n\n\n\n<p>jc (efe, Am\u00e9rica Econ\u00f3mica)<\/p>\n","protected":false},"excerpt":{"rendered":"<p>El pa\u00eds registr\u00f3 a finales de 2025 una deuda externa bruta r\u00e9cord de 320.305 millones de d\u00f3lares. Argentina registr\u00f3 a finales de 2025 una deuda externa bruta r\u00e9cord de 320.305 millones de d\u00f3lares, lo que implica que el \u2018stock&#8217; de deuda subi\u00f3 en 1.709 millones de d\u00f3lares con relaci\u00f3n al trimestre anterior, informaron este viernes [&hellip;]<\/p>\n","protected":false},"author":1,"featured_media":13279,"comment_status":"open","ping_status":"open","sticky":false,"template":"","format":"standard","meta":{"footnotes":""},"categories":[3],"tags":[],"class_list":["post-13278","post","type-post","status-publish","format-standard","has-post-thumbnail","hentry","category-economia"],"_links":{"self":[{"href":"http:\/\/www.elcapital.pe\/index.php?rest_route=\/wp\/v2\/posts\/13278","targetHints":{"allow":["GET"]}}],"collection":[{"href":"http:\/\/www.elcapital.pe\/index.php?rest_route=\/wp\/v2\/posts"}],"about":[{"href":"http:\/\/www.elcapital.pe\/index.php?rest_route=\/wp\/v2\/types\/post"}],"author":[{"embeddable":true,"href":"http:\/\/www.elcapital.pe\/index.php?rest_route=\/wp\/v2\/users\/1"}],"replies":[{"embeddable":true,"href":"http:\/\/www.elcapital.pe\/index.php?rest_route=%2Fwp%2Fv2%2Fcomments&post=13278"}],"version-history":[{"count":1,"href":"http:\/\/www.elcapital.pe\/index.php?rest_route=\/wp\/v2\/posts\/13278\/revisions"}],"predecessor-version":[{"id":13280,"href":"http:\/\/www.elcapital.pe\/index.php?rest_route=\/wp\/v2\/posts\/13278\/revisions\/13280"}],"wp:featuredmedia":[{"embeddable":true,"href":"http:\/\/www.elcapital.pe\/index.php?rest_route=\/wp\/v2\/media\/13279"}],"wp:attachment":[{"href":"http:\/\/www.elcapital.pe\/index.php?rest_route=%2Fwp%2Fv2%2Fmedia&parent=13278"}],"wp:term":[{"taxonomy":"category","embeddable":true,"href":"http:\/\/www.elcapital.pe\/index.php?rest_route=%2Fwp%2Fv2%2Fcategories&post=13278"},{"taxonomy":"post_tag","embeddable":true,"href":"http:\/\/www.elcapital.pe\/index.php?rest_route=%2Fwp%2Fv2%2Ftags&post=13278"}],"curies":[{"name":"wp","href":"https:\/\/api.w.org\/{rel}","templated":true}]}}