{"id":13250,"date":"2026-03-27T21:24:43","date_gmt":"2026-03-28T02:24:43","guid":{"rendered":"https:\/\/www.elcapital.pe\/?p=13250"},"modified":"2026-03-27T21:24:43","modified_gmt":"2026-03-28T02:24:43","slug":"ccl-y-pronied-impulsan-acciones-conjuntas-para-mejorar-infraestructura-educativa-y-promover-inversion-privada","status":"publish","type":"post","link":"http:\/\/www.elcapital.pe\/?p=13250","title":{"rendered":"CCL Y PRONIED IMPULSAN ACCIONES CONJUNTAS PARA MEJORAR INFRAESTRUCTURA EDUCATIVA Y PROMOVER INVERSI\u00d3N PRIVADA"},"content":{"rendered":"\n<p>\u2022&nbsp;&nbsp;&nbsp;&nbsp;&nbsp;&nbsp;&nbsp;&nbsp;&nbsp;&nbsp;&nbsp;&nbsp; Alianza busca acelerar soluciones concretas y mejorar la articulaci\u00f3n frente a las brechas en colegios p\u00fablicos.<\/p>\n\n\n\n<p>&nbsp;La C\u00e1mara de Comercio de Lima (CCL) y el Programa Nacional de Infraestructura Educativa (PRONIED), del Ministerio de Educaci\u00f3n, realizaron su primera mesa de trabajo tras la firma de un convenio de cooperaci\u00f3n interinstitucional en diciembre de 2025, con el objetivo de coordinar acciones para mejorar la infraestructura y equipamiento de colegios p\u00fablicos, as\u00ed como promover la inversi\u00f3n privada.<\/p>\n\n\n\n<p>En la reuni\u00f3n participaron el director ejecutivo del PRONIED, Ra\u00fal Noblecilla Pascual; el director del Gremio Educaci\u00f3n de la CCL, Juan Lazarte Carranza; y el presidente del Gremio de Construcci\u00f3n e Ingenier\u00eda de la CCL, Dante Mendoza Yma\u00f1a, entre otros representantes.<\/p>\n\n\n\n<p>Durante el encuentro, se destac\u00f3 la necesidad de establecer mecanismos de coordinaci\u00f3n que permitan avanzar en soluciones concretas frente a las brechas existentes en el sistema educativo. Adem\u00e1s, se presentaron avances t\u00e9cnicos sobre mantenimiento y equipamiento educativo, as\u00ed como mecanismos de cooperaci\u00f3n p\u00fablico-privada, como Obras por Impuestos.<\/p>\n\n\n\n<p>Juan Lazarte Carranza resalt\u00f3 el rol del sector privado en este tipo de iniciativas. \u201cDesde la CCL buscamos trabajar de manera conjunta con PRONIED. Nuestra pol\u00edtica es colaborar con el Estado para contribuir al desarrollo del pa\u00eds\u201d, afirm\u00f3.<\/p>\n\n\n\n<p>Indic\u00f3 que se propuso la creaci\u00f3n de una Mesa Ejecutiva p\u00fablico-privada que articule a todos los actores involucrados, incorporando a entidades clave como SUNAT, Contralor\u00eda y ProInversi\u00f3n, junto con el sector privado. Esta iniciativa permitir\u00e1 dinamizar la gesti\u00f3n y acompa\u00f1ar al PRONIED en la implementaci\u00f3n de soluciones m\u00e1s \u00e1giles y eficientes.<\/p>\n\n\n\n<p>Asimismo, hizo referencia a las brechas en infraestructura y equipamiento, evidenciadas al inicio del a\u00f1o escolar 2026. \u201cExisten diagn\u00f3sticos claros sobre las carencias del sistema educativo. Si bien hay voluntad, es necesario mejorar la articulaci\u00f3n y reducir la carga burocr\u00e1tica para avanzar con mayor eficiencia\u201d, indic\u00f3.<\/p>\n\n\n\n<p>\u201cEs necesario facilitar las donaciones del sector privado. Con este convenio buscamos que sea un punto de partida para mejorar la educaci\u00f3n. Para las empresas, es importante que los procesos sean m\u00e1s \u00e1giles, considerando que estos aportes benefician directamente a los estudiantes\u201d, sostuvo Lazarte Carranza.<\/p>\n\n\n\n<p>Por su parte, Ra\u00fal Noblecilla Pascual se\u00f1al\u00f3 que esta reuni\u00f3n permite definir ejes de trabajo orientados a mejorar la cultura educativa y fortalecer la articulaci\u00f3n entre el sector p\u00fablico y privado.<\/p>\n\n\n\n<p>El funcionario tambi\u00e9n reconoci\u00f3 los desaf\u00edos que enfrenta el sector en un contexto de cambios en la gesti\u00f3n p\u00fablica, aunque asegur\u00f3 que se mantiene una hoja de ruta definida. \u201cHemos venido articulando acciones en el marco del Pacto Social por la Educaci\u00f3n, suscrito en Palacio de Gobierno\u201d, precis\u00f3.<\/p>\n\n\n\n<p>C\u00c1MARA DE COMERCIO DE LIMA<\/p>\n","protected":false},"excerpt":{"rendered":"<p>\u2022&nbsp;&nbsp;&nbsp;&nbsp;&nbsp;&nbsp;&nbsp;&nbsp;&nbsp;&nbsp;&nbsp;&nbsp; Alianza busca acelerar soluciones concretas y mejorar la articulaci\u00f3n frente a las brechas en colegios p\u00fablicos. &nbsp;La C\u00e1mara de Comercio de Lima (CCL) y el Programa Nacional de Infraestructura Educativa (PRONIED), del Ministerio de Educaci\u00f3n, realizaron su primera mesa de trabajo tras la firma de un convenio de cooperaci\u00f3n interinstitucional en diciembre de 2025, [&hellip;]<\/p>\n","protected":false},"author":1,"featured_media":13251,"comment_status":"open","ping_status":"open","sticky":false,"template":"","format":"standard","meta":{"footnotes":""},"categories":[3],"tags":[],"class_list":["post-13250","post","type-post","status-publish","format-standard","has-post-thumbnail","hentry","category-economia"],"_links":{"self":[{"href":"http:\/\/www.elcapital.pe\/index.php?rest_route=\/wp\/v2\/posts\/13250","targetHints":{"allow":["GET"]}}],"collection":[{"href":"http:\/\/www.elcapital.pe\/index.php?rest_route=\/wp\/v2\/posts"}],"about":[{"href":"http:\/\/www.elcapital.pe\/index.php?rest_route=\/wp\/v2\/types\/post"}],"author":[{"embeddable":true,"href":"http:\/\/www.elcapital.pe\/index.php?rest_route=\/wp\/v2\/users\/1"}],"replies":[{"embeddable":true,"href":"http:\/\/www.elcapital.pe\/index.php?rest_route=%2Fwp%2Fv2%2Fcomments&post=13250"}],"version-history":[{"count":1,"href":"http:\/\/www.elcapital.pe\/index.php?rest_route=\/wp\/v2\/posts\/13250\/revisions"}],"predecessor-version":[{"id":13252,"href":"http:\/\/www.elcapital.pe\/index.php?rest_route=\/wp\/v2\/posts\/13250\/revisions\/13252"}],"wp:featuredmedia":[{"embeddable":true,"href":"http:\/\/www.elcapital.pe\/index.php?rest_route=\/wp\/v2\/media\/13251"}],"wp:attachment":[{"href":"http:\/\/www.elcapital.pe\/index.php?rest_route=%2Fwp%2Fv2%2Fmedia&parent=13250"}],"wp:term":[{"taxonomy":"category","embeddable":true,"href":"http:\/\/www.elcapital.pe\/index.php?rest_route=%2Fwp%2Fv2%2Fcategories&post=13250"},{"taxonomy":"post_tag","embeddable":true,"href":"http:\/\/www.elcapital.pe\/index.php?rest_route=%2Fwp%2Fv2%2Ftags&post=13250"}],"curies":[{"name":"wp","href":"https:\/\/api.w.org\/{rel}","templated":true}]}}