{"id":13227,"date":"2026-03-26T20:45:28","date_gmt":"2026-03-27T01:45:28","guid":{"rendered":"https:\/\/www.elcapital.pe\/?p=13227"},"modified":"2026-03-26T20:45:28","modified_gmt":"2026-03-27T01:45:28","slug":"el-cambio-climatico-esta-redifiniendo-el-futuro-de-la-transmision-electrica-en-el-peru","status":"publish","type":"post","link":"http:\/\/www.elcapital.pe\/?p=13227","title":{"rendered":"EL CAMBIO CLIMATICO ESTA REDIFINIENDO EL FUTURO DE LA TRANSMISION ELECTRICA EN EL PERU\u00a0"},"content":{"rendered":"\n<p>El aumento de fen\u00f3menos clim\u00e1ticos impacta la infraestructura energ\u00e9tica y acelera la transici\u00f3n hacia sistemas el\u00e9ctricos m\u00e1s eficientes, seguros y limpios.<\/p>\n\n\n\n<p>En el marco del D\u00eda Mundial del Clima y la Adaptaci\u00f3n al Cambio Clim\u00e1tico, el impacto de los fen\u00f3menos clim\u00e1ticos extremos sobre sectores cr\u00edticos como el energ\u00e9tico se vuelve cada vez m\u00e1s evidente. En el Per\u00fa, el incremento en la frecuencia e intensidad de lluvias, inundaciones, deslizamientos y sequ\u00edas est\u00e1 generando presiones crecientes sobre el sistema energ\u00e9tico, especialmente en la transmisi\u00f3n el\u00e9ctrica, clave para garantizar el suministro a nivel nacional.<\/p>\n\n\n\n<p>El pa\u00eds es particularmente vulnerable a estos fen\u00f3menos. De acuerdo con el Banco Mundial, Per\u00fa presenta una alta exposici\u00f3n a riesgos naturales, una situaci\u00f3n que se agrava con eventos como el fen\u00f3meno de El Ni\u00f1o, que intensifica lluvias, inundaciones y deslizamientos, afectando infraestructura clave en distintas regiones. Adem\u00e1s, el Grupo Intergubernamental de Expertos sobre el Cambio Clim\u00e1tico advierte que un aumento de 1,5 \u00b0C podr\u00eda incrementar hasta en 400% la poblaci\u00f3n afectada por inundaciones. A ello se suma la p\u00e9rdida de m\u00e1s del 56% de los glaciares en las \u00faltimas seis d\u00e9cadas, seg\u00fan el Instituto Nacional de Investigaci\u00f3n en Glaciares y Ecosistemas de Monta\u00f1a, lo que compromete recursos h\u00eddricos clave para la generaci\u00f3n de energ\u00eda.<\/p>\n\n\n\n<p>En este contexto, la transmisi\u00f3n el\u00e9ctrica enfrenta desaf\u00edos cada vez m\u00e1s complejos. Las lluvias intensas y los deslizamientos pueden da\u00f1ar torres y l\u00edneas, dificultar el acceso para mantenimiento y afectar la continuidad del servicio.<\/p>\n\n\n\n<p>Este contexto plantea un doble desaf\u00edo para el sector: fortalecer la resiliencia de la infraestructura existente frente a riesgos clim\u00e1ticos y acompa\u00f1ar la transici\u00f3n hacia una matriz energ\u00e9tica m\u00e1s limpia, que demanda redes m\u00e1s robustas, flexibles y capaces de integrar energ\u00edas renovables. En este escenario, ISA ENERG\u00cdA viene impulsando iniciativas orientadas a responder a ambos frentes.<\/p>\n\n\n\n<p>\u201cEl pa\u00eds tiene una oportunidad hist\u00f3rica para consolidar un sistema el\u00e9ctrico m\u00e1s flexible, moderno y sostenible. La transici\u00f3n energ\u00e9tica implica gestionar la energ\u00eda de forma m\u00e1s inteligente, fortalecer la transmisi\u00f3n, incorporar almacenamiento y contar con reglas claras. En esa l\u00ednea, en ISA ENERG\u00cdA venimos impulsando la expansi\u00f3n y modernizaci\u00f3n de redes, as\u00ed como soluciones con bater\u00edas, para aportar mayor capacidad y flexibilidad al sistema y garantizar un suministro seguro y confiable\u201d, se\u00f1al\u00f3 Alfredo Palacios Delgado, Director Comercial de Soluciones Energ\u00e9ticas de ISA ENERG\u00cdA en Per\u00fa y Chile.<\/p>\n\n\n\n<p>El Per\u00fa cuenta con recursos renovables y condiciones t\u00e9cnicas que permiten avanzar hacia una matriz energ\u00e9tica m\u00e1s limpia. Sin embargo, alcanzar ese objetivo requerir\u00e1 una mayor articulaci\u00f3n entre empresas, autoridades y operadores del sistema, as\u00ed como decisiones de largo plazo que prioricen la eficiencia energ\u00e9tica como eje estructural del desarrollo.<\/p>\n\n\n\n<p>En esa l\u00ednea, ISA ENERG\u00cdA reafirma su compromiso de contribuir a un sistema el\u00e9ctrico m\u00e1s resiliente, eficiente y sostenible, promoviendo infraestructura moderna capaz de adaptarse a los efectos del cambio clim\u00e1tico y de acompa\u00f1ar el crecimiento de las energ\u00edas renovables, con impacto positivo en el ambiente y en las comunidades.<\/p>\n","protected":false},"excerpt":{"rendered":"<p>El aumento de fen\u00f3menos clim\u00e1ticos impacta la infraestructura energ\u00e9tica y acelera la transici\u00f3n hacia sistemas el\u00e9ctricos m\u00e1s eficientes, seguros y limpios. En el marco del D\u00eda Mundial del Clima y la Adaptaci\u00f3n al Cambio Clim\u00e1tico, el impacto de los fen\u00f3menos clim\u00e1ticos extremos sobre sectores cr\u00edticos como el energ\u00e9tico se vuelve cada vez m\u00e1s evidente. En [&hellip;]<\/p>\n","protected":false},"author":1,"featured_media":13228,"comment_status":"open","ping_status":"open","sticky":false,"template":"","format":"standard","meta":{"footnotes":""},"categories":[3],"tags":[],"class_list":["post-13227","post","type-post","status-publish","format-standard","has-post-thumbnail","hentry","category-economia"],"_links":{"self":[{"href":"http:\/\/www.elcapital.pe\/index.php?rest_route=\/wp\/v2\/posts\/13227","targetHints":{"allow":["GET"]}}],"collection":[{"href":"http:\/\/www.elcapital.pe\/index.php?rest_route=\/wp\/v2\/posts"}],"about":[{"href":"http:\/\/www.elcapital.pe\/index.php?rest_route=\/wp\/v2\/types\/post"}],"author":[{"embeddable":true,"href":"http:\/\/www.elcapital.pe\/index.php?rest_route=\/wp\/v2\/users\/1"}],"replies":[{"embeddable":true,"href":"http:\/\/www.elcapital.pe\/index.php?rest_route=%2Fwp%2Fv2%2Fcomments&post=13227"}],"version-history":[{"count":1,"href":"http:\/\/www.elcapital.pe\/index.php?rest_route=\/wp\/v2\/posts\/13227\/revisions"}],"predecessor-version":[{"id":13229,"href":"http:\/\/www.elcapital.pe\/index.php?rest_route=\/wp\/v2\/posts\/13227\/revisions\/13229"}],"wp:featuredmedia":[{"embeddable":true,"href":"http:\/\/www.elcapital.pe\/index.php?rest_route=\/wp\/v2\/media\/13228"}],"wp:attachment":[{"href":"http:\/\/www.elcapital.pe\/index.php?rest_route=%2Fwp%2Fv2%2Fmedia&parent=13227"}],"wp:term":[{"taxonomy":"category","embeddable":true,"href":"http:\/\/www.elcapital.pe\/index.php?rest_route=%2Fwp%2Fv2%2Fcategories&post=13227"},{"taxonomy":"post_tag","embeddable":true,"href":"http:\/\/www.elcapital.pe\/index.php?rest_route=%2Fwp%2Fv2%2Ftags&post=13227"}],"curies":[{"name":"wp","href":"https:\/\/api.w.org\/{rel}","templated":true}]}}