{"id":13191,"date":"2026-03-25T20:28:23","date_gmt":"2026-03-26T01:28:23","guid":{"rendered":"https:\/\/www.elcapital.pe\/?p=13191"},"modified":"2026-03-25T20:28:23","modified_gmt":"2026-03-26T01:28:23","slug":"ccl-afirma-que-crisis-hidrica-pone-en-riesgo-crecimiento-del-peru-y-exige-acciones-urgentes","status":"publish","type":"post","link":"http:\/\/www.elcapital.pe\/?p=13191","title":{"rendered":"CCL AFIRMA QUE CRISIS H\u00cdDRICA PONE EN RIESGO CRECIMIENTO DEL PER\u00da Y EXIGE ACCIONES URGENTES"},"content":{"rendered":"\n<p>\u2022&nbsp;&nbsp;&nbsp;&nbsp;&nbsp;&nbsp;&nbsp;&nbsp;&nbsp;&nbsp;&nbsp;&nbsp; M\u00e1s de 3,3 millones de peruanos no tienen acceso a agua potable. Adem\u00e1s, urge el cierre de brechas de agua con mayor inversi\u00f3n y calidad de ejecuci\u00f3n de proyectos.<\/p>\n\n\n\n<p>\u2022&nbsp;&nbsp;&nbsp;&nbsp;&nbsp;&nbsp;&nbsp;&nbsp;&nbsp;&nbsp;&nbsp;&nbsp; A nivel de regional, en los \u00faltimos seis a\u00f1os, las sequ\u00edas e inundaciones han generado p\u00e9rdidas por m\u00e1s de US$ 35 000 millones, seg\u00fan la CAF.<\/p>\n\n\n\n<p>El presidente (e) de la C\u00e1mara de Comercio de Lima (CCL), Ramiro Salas, hizo un llamado urgente a enfrentar la crisis h\u00eddrica que afecta al pa\u00eds, al advertir que m\u00e1s de 3,3 millones de peruanos a\u00fan no tienen acceso a agua potable y que el Per\u00fa se encuentra entre los pa\u00edses con mayor estr\u00e9s h\u00eddrico a nivel mundial.<\/p>\n\n\n\n<p>\u201cLa seguridad h\u00eddrica se ha convertido en uno de los principales desaf\u00edos para el desarrollo global, y el Per\u00fa no es ajeno a esta realidad, pues hoy representa un riesgo econ\u00f3mico de gran magnitud que compromete su crecimiento y bienestar\u201d, subray\u00f3.<\/p>\n\n\n\n<p>Durante el Foro Internacional del Agua: \u201cAseguremos hoy el agua del ma\u00f1ana\u201d, sostuvo que la desigual distribuci\u00f3n del recurso, con m\u00e1s del 80 % del agua concentrada en la Amazon\u00eda y menos del 2 % en la costa, agrava la situaci\u00f3n, especialmente en Lima, donde solo 19 de 46 distritos cuentan con servicio continuo.&nbsp;<\/p>\n\n\n\n<p>Adem\u00e1s, alert\u00f3 que, seg\u00fan el Centro Nacional de Planeamiento Estrat\u00e9gico (Ceplan), hacia el 2030 m\u00e1s de la mitad de los peruanos vivir\u00e1 en zonas con escasez de agua, lo que impactar\u00e1 en la productividad, la calidad de vida y agravar\u00e1 los conflictos sociales.<\/p>\n\n\n\n<p>En ese contexto, destac\u00f3 que cerrar las brechas en agua y saneamiento requerir\u00e1 inversiones superiores a US$ 138 000 millones, de acuerdo con las estimaciones de la Sunass.<\/p>\n\n\n\n<p>Por su parte, Hania P\u00e9rez de Cuellar, exministra de Vivienda, Construcci\u00f3n y Saneamiento; y representante de PDC Inteligencia Colaborativa, se\u00f1al\u00f3 que la inacci\u00f3n frente a este problema podr\u00eda generar p\u00e9rdidas de hasta 6,4 % del PBI.<\/p>\n\n\n\n<p>Sostuvo que m\u00e1s all\u00e1, de la falta de recursos, \u201cel obst\u00e1culo se centra en la baja ejecuci\u00f3n del gasto p\u00fablico, la fragmentaci\u00f3n institucional, entre entidades como la Autoridad Nacional del Agua y distintos ministerios, y la ausencia de una planificaci\u00f3n articulada de largo plazo\u201d.<\/p>\n\n\n\n<p>En la misma l\u00ednea, Omar C\u00e1rdenas, presidente de la Comisi\u00f3n de Sostenibilidad Empresarial de la CCL, advirti\u00f3 que Lima, al concentrar cerca del 30 % del PBI nacional, enfrenta un alto riesgo econ\u00f3mico ante la escasez de agua. Adem\u00e1s, subray\u00f3 que la desigualdad en el acceso, los sectores vulnerables llegan a pagar hasta cinco veces m\u00e1s por agua no segura.<\/p>\n\n\n\n<p>Tambi\u00e9n advierte sobre ineficiencias en la gesti\u00f3n del recurso, como el vertimiento al mar de aproximadamente 20 metros c\u00fabicos por segundo de aguas residuales sin tratamiento, lo que limita su aprovechamiento bajo un enfoque de econom\u00eda circular.<\/p>\n\n\n\n<p>P\u00c9RDIDAS Y BRECHAS EN LA REGI\u00d3N<\/p>\n\n\n\n<p>M\u00e1s delante, Franz Rojas, director de An\u00e1lisis de Agua y Saneamiento de la CAF, alert\u00f3 que la escasez de agua afecta a 4000 millones de personas en el mundo, al menos un mes al a\u00f1o, mientras glaciares, lagos y acu\u00edferos se degradan aceleradamente.<\/p>\n\n\n\n<p>A nivel de Am\u00e9rica Latina, el 35 % de la poblaci\u00f3n (232 millones) vive en zonas con estr\u00e9s h\u00eddrico y cerca de una cuarta parte del territorio se vuelve m\u00e1s \u00e1rido, poniendo en riesgo el acceso al agua, la producci\u00f3n de alimentos y la estabilidad econ\u00f3mica.<\/p>\n\n\n\n<p>\u201cAdem\u00e1s, en los \u00faltimos seis a\u00f1os, sequ\u00edas e inundaciones han generado p\u00e9rdidas por m\u00e1s de US$ 35 000 millones\u201d, subray\u00f3.<\/p>\n\n\n\n<p>A ello se suma que el 56 % de las aguas residuales urbanas no recibe tratamiento, afectando a 302 millones de personas y elevando los costos de suministro de agua de calidad. Asimismo, 145 millones de personas (22 %) no tienen acceso seguro al agua potable, mientras 323 millones carecen de servicios de saneamiento adecuado.<\/p>\n\n\n\n<p>Frente a este panorama, asever\u00f3 que la regi\u00f3n requiere inversiones por US$ 365 000 millones en infraestructura h\u00eddrica, equivalente al 0,52 % del PBI anual durante 10 a\u00f1os.<\/p>\n\n\n\n<p>\u201cPara cerrar estas brechas, es urgente fortalecer la planificaci\u00f3n, mejorar la ejecuci\u00f3n de proyectos y diversificar las fuentes de financiamiento, garantizando sostenibilidad y eficiencia\u201d, recalc\u00f3.<\/p>\n\n\n\n<p>Cabe mencionar que el Foro Internacional del Agua reuni\u00f3 a especialistas, expertos internacionales, y autoridades como Romina Caminada, viceministra (e) de Gesti\u00f3n Ambiental del Ministerio del Ambiente; Jonathan Hatweell, embajador de la Uni\u00f3n Europea en Per\u00fa; y Sabine Bloch, embajadora de Alemania en Per\u00fa.<\/p>\n\n\n\n<p>En s\u00edntesis, enfatizaron la importancia de un trabajo conjunto y coordinado entre el sector privado, la cooperaci\u00f3n internacional y las alianzas p\u00fablico-privadas para impulsar soluciones sostenibles frente a esta problem\u00e1tica.<\/p>\n\n\n\n<p>CAMARA DE COMERCIO DE LIMA<\/p>\n","protected":false},"excerpt":{"rendered":"<p>\u2022&nbsp;&nbsp;&nbsp;&nbsp;&nbsp;&nbsp;&nbsp;&nbsp;&nbsp;&nbsp;&nbsp;&nbsp; M\u00e1s de 3,3 millones de peruanos no tienen acceso a agua potable. Adem\u00e1s, urge el cierre de brechas de agua con mayor inversi\u00f3n y calidad de ejecuci\u00f3n de proyectos. \u2022&nbsp;&nbsp;&nbsp;&nbsp;&nbsp;&nbsp;&nbsp;&nbsp;&nbsp;&nbsp;&nbsp;&nbsp; A nivel de regional, en los \u00faltimos seis a\u00f1os, las sequ\u00edas e inundaciones han generado p\u00e9rdidas por m\u00e1s de US$ 35 000 millones, seg\u00fan [&hellip;]<\/p>\n","protected":false},"author":1,"featured_media":13192,"comment_status":"open","ping_status":"open","sticky":false,"template":"","format":"standard","meta":{"footnotes":""},"categories":[3],"tags":[],"class_list":["post-13191","post","type-post","status-publish","format-standard","has-post-thumbnail","hentry","category-economia"],"_links":{"self":[{"href":"http:\/\/www.elcapital.pe\/index.php?rest_route=\/wp\/v2\/posts\/13191","targetHints":{"allow":["GET"]}}],"collection":[{"href":"http:\/\/www.elcapital.pe\/index.php?rest_route=\/wp\/v2\/posts"}],"about":[{"href":"http:\/\/www.elcapital.pe\/index.php?rest_route=\/wp\/v2\/types\/post"}],"author":[{"embeddable":true,"href":"http:\/\/www.elcapital.pe\/index.php?rest_route=\/wp\/v2\/users\/1"}],"replies":[{"embeddable":true,"href":"http:\/\/www.elcapital.pe\/index.php?rest_route=%2Fwp%2Fv2%2Fcomments&post=13191"}],"version-history":[{"count":1,"href":"http:\/\/www.elcapital.pe\/index.php?rest_route=\/wp\/v2\/posts\/13191\/revisions"}],"predecessor-version":[{"id":13193,"href":"http:\/\/www.elcapital.pe\/index.php?rest_route=\/wp\/v2\/posts\/13191\/revisions\/13193"}],"wp:featuredmedia":[{"embeddable":true,"href":"http:\/\/www.elcapital.pe\/index.php?rest_route=\/wp\/v2\/media\/13192"}],"wp:attachment":[{"href":"http:\/\/www.elcapital.pe\/index.php?rest_route=%2Fwp%2Fv2%2Fmedia&parent=13191"}],"wp:term":[{"taxonomy":"category","embeddable":true,"href":"http:\/\/www.elcapital.pe\/index.php?rest_route=%2Fwp%2Fv2%2Fcategories&post=13191"},{"taxonomy":"post_tag","embeddable":true,"href":"http:\/\/www.elcapital.pe\/index.php?rest_route=%2Fwp%2Fv2%2Ftags&post=13191"}],"curies":[{"name":"wp","href":"https:\/\/api.w.org\/{rel}","templated":true}]}}