{"id":12832,"date":"2026-03-11T05:39:04","date_gmt":"2026-03-11T10:39:04","guid":{"rendered":"https:\/\/www.elcapital.pe\/?p=12832"},"modified":"2026-03-11T05:39:04","modified_gmt":"2026-03-11T10:39:04","slug":"iran-nuevo-lider-supremo-esta-herido-pero-sano-y-salvo","status":"publish","type":"post","link":"http:\/\/www.elcapital.pe\/?p=12832","title":{"rendered":"IRAN: NUEVO LIDER SUPREMO ESTA HERIDO, PERO \u201cSANO\u00a0 Y SALVO\u201d\u00a0"},"content":{"rendered":"\n<p>El nuevo l\u00edder supremo de Ir\u00e1n, Mojtaba Jamenei, se encuentra \u201csano y salvo\u201d, pese a haber resultado herido durante los primeros ataques de la guerra contra Ir\u00e1n, seg\u00fan afirm\u00f3 el hijo del presidente iran\u00ed y asesor gubernamental.<\/p>\n\n\n\n<p>De acuerdo con el diario estadounidense The New York Times, que cita fuentes oficiales iran\u00edes e israel\u00edes, Jamenei sufri\u00f3 heridas el primer d\u00eda de la ofensiva lanzada por Estados Unidos e Israel, aunque permanece consciente y bajo resguardo.<\/p>\n\n\n\n<p>\u201cO\u00ed la noticia de que Mojtaba Jamenei hab\u00eda resultado herido. Pregunt\u00e9 a amigos que tienen contactos y me han dicho que, gracias a Dios, se encuentra sano y salvo\u201d, escribi\u00f3 en Telegram Yusef Pezeshkian, hijo del presidente iran\u00ed Masoud Pezeshkian, en declaraciones recogidas por la agencia Agence France-Presse (AFP).<\/p>\n\n\n\n<p>Jamenei, de 56 a\u00f1os, habr\u00eda resultado herido durante el ataque que tambi\u00e9n caus\u00f3 la muerte de su padre y antecesor, el ayatol\u00e1 Al\u00ed Jamenei, en la primera jornada de la ofensiva militar que desat\u00f3 el actual conflicto en Medio Oriente el pasado 28 de febrero. Sin embargo, se desconocen detalles sobre la gravedad de sus lesiones y no ha reaparecido p\u00fablicamente desde entonces.<\/p>\n\n\n\n<p>Refugiado y con comunicaci\u00f3n limitada<\/p>\n\n\n\n<p>Seg\u00fan el peri\u00f3dico estadounidense, que cita a tres funcionarios iran\u00edes, el nuevo l\u00edder supremo presenta heridas principalmente en las piernas y se encuentra en un lugar de alta seguridad, con capacidad limitada para comunicarse con el exterior.<\/p>\n\n\n\n<p>Estas lesiones explicar\u00edan, en parte, por qu\u00e9 Jamenei no ha aparecido en p\u00fablico ni en videos, ni ha emitido declaraciones desde que fue designado el domingo por el clero iran\u00ed como sucesor de su padre.<\/p>\n\n\n\n<p>Otro factor clave, seg\u00fan las fuentes citadas por el diario, es el temor a que cualquier comunicaci\u00f3n \u2014incluso por escrito\u2014 pueda revelar su ubicaci\u00f3n y poner en riesgo su seguridad.<\/p>\n\n\n\n<p>Dos altos mandos militares israel\u00edes confirmaron al peri\u00f3dico que la inteligencia de Israel ya hab\u00eda informado, incluso antes de su nombramiento, que Jamenei hab\u00eda sufrido heridas en las piernas, aunque sin precisar su gravedad.<\/p>\n\n\n\n<p>En los \u00faltimos d\u00edas, varios medios y organizaciones iran\u00edes han comenzado a referirse a \u00e9l como \u201cel veterano de guerra herido\u201d, una figura rodeada de gran hermetismo y cuya madre, esposa y uno de sus hijos tambi\u00e9n habr\u00edan muerto durante los ataques, seg\u00fan report\u00f3 The New York Times.<\/p>\n","protected":false},"excerpt":{"rendered":"<p>El nuevo l\u00edder supremo de Ir\u00e1n, Mojtaba Jamenei, se encuentra \u201csano y salvo\u201d, pese a haber resultado herido durante los primeros ataques de la guerra contra Ir\u00e1n, seg\u00fan afirm\u00f3 el hijo del presidente iran\u00ed y asesor gubernamental. De acuerdo con el diario estadounidense The New York Times, que cita fuentes oficiales iran\u00edes e israel\u00edes, Jamenei [&hellip;]<\/p>\n","protected":false},"author":1,"featured_media":12833,"comment_status":"open","ping_status":"open","sticky":false,"template":"","format":"standard","meta":{"footnotes":""},"categories":[2],"tags":[],"class_list":["post-12832","post","type-post","status-publish","format-standard","has-post-thumbnail","hentry","category-actualidad"],"_links":{"self":[{"href":"http:\/\/www.elcapital.pe\/index.php?rest_route=\/wp\/v2\/posts\/12832","targetHints":{"allow":["GET"]}}],"collection":[{"href":"http:\/\/www.elcapital.pe\/index.php?rest_route=\/wp\/v2\/posts"}],"about":[{"href":"http:\/\/www.elcapital.pe\/index.php?rest_route=\/wp\/v2\/types\/post"}],"author":[{"embeddable":true,"href":"http:\/\/www.elcapital.pe\/index.php?rest_route=\/wp\/v2\/users\/1"}],"replies":[{"embeddable":true,"href":"http:\/\/www.elcapital.pe\/index.php?rest_route=%2Fwp%2Fv2%2Fcomments&post=12832"}],"version-history":[{"count":1,"href":"http:\/\/www.elcapital.pe\/index.php?rest_route=\/wp\/v2\/posts\/12832\/revisions"}],"predecessor-version":[{"id":12834,"href":"http:\/\/www.elcapital.pe\/index.php?rest_route=\/wp\/v2\/posts\/12832\/revisions\/12834"}],"wp:featuredmedia":[{"embeddable":true,"href":"http:\/\/www.elcapital.pe\/index.php?rest_route=\/wp\/v2\/media\/12833"}],"wp:attachment":[{"href":"http:\/\/www.elcapital.pe\/index.php?rest_route=%2Fwp%2Fv2%2Fmedia&parent=12832"}],"wp:term":[{"taxonomy":"category","embeddable":true,"href":"http:\/\/www.elcapital.pe\/index.php?rest_route=%2Fwp%2Fv2%2Fcategories&post=12832"},{"taxonomy":"post_tag","embeddable":true,"href":"http:\/\/www.elcapital.pe\/index.php?rest_route=%2Fwp%2Fv2%2Ftags&post=12832"}],"curies":[{"name":"wp","href":"https:\/\/api.w.org\/{rel}","templated":true}]}}