{"id":12829,"date":"2026-03-10T21:37:49","date_gmt":"2026-03-11T02:37:49","guid":{"rendered":"https:\/\/www.elcapital.pe\/?p=12829"},"modified":"2026-03-10T21:37:49","modified_gmt":"2026-03-11T02:37:49","slug":"poder-judicial-dispone-libertad-de-negro-marin-tras-su-extradicion-desde-espana-fiscalia-apelara","status":"publish","type":"post","link":"http:\/\/www.elcapital.pe\/?p=12829","title":{"rendered":"PODER JUDICIAL DISPONE LIBERTAD DE \u201cNEGRO MARIN\u201d TRAS SU EXTRADICION DESDE ESPA\u00d1A; FISCALIA APELARA"},"content":{"rendered":"\n<p>El Ministerio P\u00fablico cuestion\u00f3 la resoluci\u00f3n judicial que ordena comparecencia con restricciones para Miguel Mar\u00edn Mor\u00f3n, investigado por presuntamente liderar una organizaci\u00f3n criminal dedicada al sicariato y la extorsi\u00f3n.<\/p>\n\n\n\n<p>El Segundo Juzgado de Ventanilla rechaz\u00f3 el pedido de 36 meses de prisi\u00f3n preventiva contra Miguel \u00c1ngel Mar\u00edn Mor\u00f3n, conocido como \u2018Negro Mar\u00edn\u2019, quien fue extraditado desde Espa\u00f1a hace una semana. Con esta decisi\u00f3n, el investigado afrontar\u00e1 el proceso en libertad bajo comparecencia con restricciones, pese a que es se\u00f1alado como el presunto cabecilla de una organizaci\u00f3n criminal.<\/p>\n\n\n\n<p>El fiscal provincial Edwin Vel\u00e1squez, de la Fiscal\u00eda Especializada contra la Criminalidad Organizada de Lima Noroeste, cuestion\u00f3 la resoluci\u00f3n al considerar que no se valoraron de manera adecuada los elementos de convicci\u00f3n recopilados durante la investigaci\u00f3n policial contra Mar\u00edn Mor\u00f3n.<\/p>\n\n\n\n<p>En declaraciones a la prensa, el representante del Ministerio P\u00fablico indic\u00f3 que el juez no tom\u00f3 en cuenta diversos informes y pruebas reunidas por la Polic\u00eda Nacional, las cuales \u2014seg\u00fan afirm\u00f3\u2014 respaldaban la solicitud de prisi\u00f3n preventiva contra el investigado por delitos vinculados al sicariato y la extorsi\u00f3n.<\/p>\n\n\n\n<p>Fiscal\u00eda apelar\u00e1 decisi\u00f3n<\/p>\n\n\n\n<p>Vel\u00e1squez tambi\u00e9n consider\u00f3 preocupante que el mismo magistrado que autoriz\u00f3 la extradici\u00f3n de Mar\u00edn Mor\u00f3n desde Espa\u00f1a haya descartado ahora la presunta existencia de una organizaci\u00f3n criminal.<\/p>\n\n\n\n<p>Ante este escenario, el Ministerio P\u00fablico anunci\u00f3 que apelar\u00e1 la decisi\u00f3n judicial, mientras contin\u00faan las investigaciones en el caso denominado \u201cLos sanguinarios de la construcci\u00f3n\u201d, red criminal que estar\u00eda involucrada en actos de violencia y cobro de cupos en el sector construcci\u00f3n.<\/p>\n","protected":false},"excerpt":{"rendered":"<p>El Ministerio P\u00fablico cuestion\u00f3 la resoluci\u00f3n judicial que ordena comparecencia con restricciones para Miguel Mar\u00edn Mor\u00f3n, investigado por presuntamente liderar una organizaci\u00f3n criminal dedicada al sicariato y la extorsi\u00f3n. El Segundo Juzgado de Ventanilla rechaz\u00f3 el pedido de 36 meses de prisi\u00f3n preventiva contra Miguel \u00c1ngel Mar\u00edn Mor\u00f3n, conocido como \u2018Negro Mar\u00edn\u2019, quien fue extraditado [&hellip;]<\/p>\n","protected":false},"author":1,"featured_media":12830,"comment_status":"open","ping_status":"open","sticky":false,"template":"","format":"standard","meta":{"footnotes":""},"categories":[2],"tags":[],"class_list":["post-12829","post","type-post","status-publish","format-standard","has-post-thumbnail","hentry","category-actualidad"],"_links":{"self":[{"href":"http:\/\/www.elcapital.pe\/index.php?rest_route=\/wp\/v2\/posts\/12829","targetHints":{"allow":["GET"]}}],"collection":[{"href":"http:\/\/www.elcapital.pe\/index.php?rest_route=\/wp\/v2\/posts"}],"about":[{"href":"http:\/\/www.elcapital.pe\/index.php?rest_route=\/wp\/v2\/types\/post"}],"author":[{"embeddable":true,"href":"http:\/\/www.elcapital.pe\/index.php?rest_route=\/wp\/v2\/users\/1"}],"replies":[{"embeddable":true,"href":"http:\/\/www.elcapital.pe\/index.php?rest_route=%2Fwp%2Fv2%2Fcomments&post=12829"}],"version-history":[{"count":1,"href":"http:\/\/www.elcapital.pe\/index.php?rest_route=\/wp\/v2\/posts\/12829\/revisions"}],"predecessor-version":[{"id":12831,"href":"http:\/\/www.elcapital.pe\/index.php?rest_route=\/wp\/v2\/posts\/12829\/revisions\/12831"}],"wp:featuredmedia":[{"embeddable":true,"href":"http:\/\/www.elcapital.pe\/index.php?rest_route=\/wp\/v2\/media\/12830"}],"wp:attachment":[{"href":"http:\/\/www.elcapital.pe\/index.php?rest_route=%2Fwp%2Fv2%2Fmedia&parent=12829"}],"wp:term":[{"taxonomy":"category","embeddable":true,"href":"http:\/\/www.elcapital.pe\/index.php?rest_route=%2Fwp%2Fv2%2Fcategories&post=12829"},{"taxonomy":"post_tag","embeddable":true,"href":"http:\/\/www.elcapital.pe\/index.php?rest_route=%2Fwp%2Fv2%2Ftags&post=12829"}],"curies":[{"name":"wp","href":"https:\/\/api.w.org\/{rel}","templated":true}]}}