{"id":12800,"date":"2026-03-10T20:20:20","date_gmt":"2026-03-11T01:20:20","guid":{"rendered":"https:\/\/www.elcapital.pe\/?p=12800"},"modified":"2026-03-10T20:20:20","modified_gmt":"2026-03-11T01:20:20","slug":"avianca-incorporara-dos-aeronaves-airbus-a330-900-a-su-flota-fortaleciendo-la-conectividad-de-colombia-y-las-americas","status":"publish","type":"post","link":"http:\/\/www.elcapital.pe\/?p=12800","title":{"rendered":"AVIANCA INCORPORARA DOS AERONAVES AIRBUS A330-900 A SU FLOTA, FORTALECIENDO LA CONECTIVIDAD DE COLOMBIA Y LAS AMERICAS\u00a0"},"content":{"rendered":"\n<p>\u2022&nbsp;&nbsp;&nbsp;&nbsp;&nbsp;&nbsp;&nbsp;&nbsp;&nbsp;&nbsp;&nbsp;&nbsp; Las aeronaves de fuselaje ancho estar\u00e1n operando en rutas estrat\u00e9gicas, impulsando la expansi\u00f3n de la compa\u00f1\u00eda y el fortalecimiento del Grupo Abra en la regi\u00f3n.<\/p>\n\n\n\n<p>\u2022&nbsp;&nbsp;&nbsp;&nbsp;&nbsp;&nbsp;&nbsp;&nbsp;&nbsp;&nbsp;&nbsp;&nbsp; Avianca se consolida como el \u00fanico operador de este modelo en Colombia, contribuyendo al crecimiento del turismo y a la competitividad del pa\u00eds.<\/p>\n\n\n\n<p>\u2022&nbsp;&nbsp;&nbsp;&nbsp;&nbsp;&nbsp;&nbsp;&nbsp;&nbsp;&nbsp;&nbsp;&nbsp; Estas unidades hacen parte del anuncio del Grupo Abra de incorporar siete aeronaves Airbus A330-900.<\/p>\n\n\n\n<p>Bogot\u00e1, Avianca incorporar\u00e1 dos aeronaves Airbus A330-900 a su flota, que se sumar\u00e1n a los 15 aviones de fuselaje ancho que actualmente operan las rutas de largo alcance de la compa\u00f1\u00eda.<\/p>\n\n\n\n<p>Estas aeronaves tendr\u00e1n como base de operaci\u00f3n Colombia, lo que representa una mayor inversi\u00f3n en el pa\u00eds y refleja el compromiso de la aerol\u00ednea con el fortalecimiento de la conectividad y el turismo, al tiempo que respalda la creciente presencia del Grupo Abra en operaciones de medio y largo alcance.<\/p>\n\n\n\n<p>Se estima que estas unidades entren en servicio a partir del segundo semestre de 2026 para operar rutas en las Am\u00e9ricas. Estas aeronaves cuentan con una capacidad de 377 sillas e incluyen la experiencia Business Class Am\u00e9ricas, dise\u00f1ada para ofrecer un servicio de mayor comodidad a bordo.<\/p>\n\n\n\n<p>\u201cLa incorporaci\u00f3n de estos Airbus A330-900 representa un paso fundamental en nuestra hoja de ruta de crecimiento en la oferta de largo alcance. Con estas aeronaves seguimos fortaleciendo nuestra inversi\u00f3n y compromiso con Colombia, a la vez que ampliamos la conectividad de las Am\u00e9ricas con el mundo y reforzamos la red y las capacidades operativas del Grupo Abra\u201d, se\u00f1al\u00f3 Gabriel Oliva, Presidente de Avianca Group.<\/p>\n","protected":false},"excerpt":{"rendered":"<p>\u2022&nbsp;&nbsp;&nbsp;&nbsp;&nbsp;&nbsp;&nbsp;&nbsp;&nbsp;&nbsp;&nbsp;&nbsp; Las aeronaves de fuselaje ancho estar\u00e1n operando en rutas estrat\u00e9gicas, impulsando la expansi\u00f3n de la compa\u00f1\u00eda y el fortalecimiento del Grupo Abra en la regi\u00f3n. \u2022&nbsp;&nbsp;&nbsp;&nbsp;&nbsp;&nbsp;&nbsp;&nbsp;&nbsp;&nbsp;&nbsp;&nbsp; Avianca se consolida como el \u00fanico operador de este modelo en Colombia, contribuyendo al crecimiento del turismo y a la competitividad del pa\u00eds. \u2022&nbsp;&nbsp;&nbsp;&nbsp;&nbsp;&nbsp;&nbsp;&nbsp;&nbsp;&nbsp;&nbsp;&nbsp; Estas unidades hacen parte [&hellip;]<\/p>\n","protected":false},"author":1,"featured_media":12801,"comment_status":"open","ping_status":"open","sticky":false,"template":"","format":"standard","meta":{"footnotes":""},"categories":[4],"tags":[],"class_list":["post-12800","post","type-post","status-publish","format-standard","has-post-thumbnail","hentry","category-negocios"],"_links":{"self":[{"href":"http:\/\/www.elcapital.pe\/index.php?rest_route=\/wp\/v2\/posts\/12800","targetHints":{"allow":["GET"]}}],"collection":[{"href":"http:\/\/www.elcapital.pe\/index.php?rest_route=\/wp\/v2\/posts"}],"about":[{"href":"http:\/\/www.elcapital.pe\/index.php?rest_route=\/wp\/v2\/types\/post"}],"author":[{"embeddable":true,"href":"http:\/\/www.elcapital.pe\/index.php?rest_route=\/wp\/v2\/users\/1"}],"replies":[{"embeddable":true,"href":"http:\/\/www.elcapital.pe\/index.php?rest_route=%2Fwp%2Fv2%2Fcomments&post=12800"}],"version-history":[{"count":1,"href":"http:\/\/www.elcapital.pe\/index.php?rest_route=\/wp\/v2\/posts\/12800\/revisions"}],"predecessor-version":[{"id":12802,"href":"http:\/\/www.elcapital.pe\/index.php?rest_route=\/wp\/v2\/posts\/12800\/revisions\/12802"}],"wp:featuredmedia":[{"embeddable":true,"href":"http:\/\/www.elcapital.pe\/index.php?rest_route=\/wp\/v2\/media\/12801"}],"wp:attachment":[{"href":"http:\/\/www.elcapital.pe\/index.php?rest_route=%2Fwp%2Fv2%2Fmedia&parent=12800"}],"wp:term":[{"taxonomy":"category","embeddable":true,"href":"http:\/\/www.elcapital.pe\/index.php?rest_route=%2Fwp%2Fv2%2Fcategories&post=12800"},{"taxonomy":"post_tag","embeddable":true,"href":"http:\/\/www.elcapital.pe\/index.php?rest_route=%2Fwp%2Fv2%2Ftags&post=12800"}],"curies":[{"name":"wp","href":"https:\/\/api.w.org\/{rel}","templated":true}]}}