{"id":12794,"date":"2026-03-09T22:26:17","date_gmt":"2026-03-10T03:26:17","guid":{"rendered":"https:\/\/www.elcapital.pe\/?p=12794"},"modified":"2026-03-09T22:26:17","modified_gmt":"2026-03-10T03:26:17","slug":"alemania-responsabiliza-a-iran-de-prolongar-la-guerra-en-medio-oriente","status":"publish","type":"post","link":"http:\/\/www.elcapital.pe\/?p=12794","title":{"rendered":"ALEMANIA RESPONSABILIZA A IRAN DE PROLONGAR LA GUERRA EN MEDIO ORIENTE\u00a0"},"content":{"rendered":"\n<p>El canciller de Alemania, Friedrich Merz, afirm\u00f3 este lunes (09.03.2026) que el r\u00e9gimen iran\u00ed es el principal responsable de la prolongaci\u00f3n del conflicto en Medio Oriente y asegur\u00f3 que el fin de la guerra depender\u00e1 de que Teher\u00e1n detenga sus acciones militares.<\/p>\n\n\n\n<p>\u201cTan pronto como cese el r\u00e9gimen de los mul\u00e1s, terminar\u00e1 esta guerra\u201d, declar\u00f3 Merz durante una intervenci\u00f3n en Berl\u00edn. El jefe del gobierno alem\u00e1n sostuvo que corresponde exclusivamente a las autoridades iran\u00edes y a la Guardia Revolucionaria Isl\u00e1mica poner fin a las hostilidades.<\/p>\n\n\n\n<p>El canciller tambi\u00e9n se\u00f1al\u00f3 que, mientras eso no ocurra, es probable que Estados Unidos y Israel contin\u00faen con sus operaciones militares contra Ir\u00e1n, al considerar que la amenaza del r\u00e9gimen isl\u00e1mico se extiende m\u00e1s all\u00e1 de sus fronteras y afecta a toda la regi\u00f3n.<\/p>\n\n\n\n<p>\u201cIr\u00e1n es el centro del terrorismo internacional y ese centro debe ser clausurado\u201d, afirm\u00f3 Merz. \u201cLos estadounidenses y los israel\u00edes lo est\u00e1n haciendo a su manera\u201d, a\u00f1adi\u00f3.<\/p>\n\n\n\n<p>Incertidumbre sobre el final del conflicto<\/p>\n\n\n\n<p>Las declaraciones del canciller se producen en el d\u00e9cimo d\u00eda de enfrentamientos, iniciados tras una ofensiva militar a gran escala lanzada por Estados Unidos e Israel contra el r\u00e9gimen iran\u00ed.<\/p>\n\n\n\n<p>Desde entonces, cientos de personas han muerto en territorio iran\u00ed a causa de los bombardeos, mientras que en otros pa\u00edses de la regi\u00f3n tambi\u00e9n se han registrado v\u00edctimas por ataques de represalia atribuidos a Ir\u00e1n.<\/p>\n\n\n\n<p>Merz indic\u00f3 que durante el fin de semana mantuvo conversaciones con varios l\u00edderes de Medio Oriente para analizar la evoluci\u00f3n de la crisis.<\/p>\n\n\n\n<p>\u201cPor el momento no es posible prever cu\u00e1ndo el r\u00e9gimen de los mul\u00e1s estar\u00e1 dispuesto a detener las hostilidades contra sus vecinos\u201d, se\u00f1al\u00f3 el canciller alem\u00e1n.<\/p>\n\n\n\n<p>(dpa \/ efe)<\/p>\n","protected":false},"excerpt":{"rendered":"<p>El canciller de Alemania, Friedrich Merz, afirm\u00f3 este lunes (09.03.2026) que el r\u00e9gimen iran\u00ed es el principal responsable de la prolongaci\u00f3n del conflicto en Medio Oriente y asegur\u00f3 que el fin de la guerra depender\u00e1 de que Teher\u00e1n detenga sus acciones militares. \u201cTan pronto como cese el r\u00e9gimen de los mul\u00e1s, terminar\u00e1 esta guerra\u201d, declar\u00f3 [&hellip;]<\/p>\n","protected":false},"author":1,"featured_media":12652,"comment_status":"open","ping_status":"open","sticky":false,"template":"","format":"standard","meta":{"footnotes":""},"categories":[2],"tags":[],"class_list":["post-12794","post","type-post","status-publish","format-standard","has-post-thumbnail","hentry","category-actualidad"],"_links":{"self":[{"href":"http:\/\/www.elcapital.pe\/index.php?rest_route=\/wp\/v2\/posts\/12794","targetHints":{"allow":["GET"]}}],"collection":[{"href":"http:\/\/www.elcapital.pe\/index.php?rest_route=\/wp\/v2\/posts"}],"about":[{"href":"http:\/\/www.elcapital.pe\/index.php?rest_route=\/wp\/v2\/types\/post"}],"author":[{"embeddable":true,"href":"http:\/\/www.elcapital.pe\/index.php?rest_route=\/wp\/v2\/users\/1"}],"replies":[{"embeddable":true,"href":"http:\/\/www.elcapital.pe\/index.php?rest_route=%2Fwp%2Fv2%2Fcomments&post=12794"}],"version-history":[{"count":1,"href":"http:\/\/www.elcapital.pe\/index.php?rest_route=\/wp\/v2\/posts\/12794\/revisions"}],"predecessor-version":[{"id":12795,"href":"http:\/\/www.elcapital.pe\/index.php?rest_route=\/wp\/v2\/posts\/12794\/revisions\/12795"}],"wp:featuredmedia":[{"embeddable":true,"href":"http:\/\/www.elcapital.pe\/index.php?rest_route=\/wp\/v2\/media\/12652"}],"wp:attachment":[{"href":"http:\/\/www.elcapital.pe\/index.php?rest_route=%2Fwp%2Fv2%2Fmedia&parent=12794"}],"wp:term":[{"taxonomy":"category","embeddable":true,"href":"http:\/\/www.elcapital.pe\/index.php?rest_route=%2Fwp%2Fv2%2Fcategories&post=12794"},{"taxonomy":"post_tag","embeddable":true,"href":"http:\/\/www.elcapital.pe\/index.php?rest_route=%2Fwp%2Fv2%2Ftags&post=12794"}],"curies":[{"name":"wp","href":"https:\/\/api.w.org\/{rel}","templated":true}]}}